{"id":1181,"date":"2016-04-14T12:01:55","date_gmt":"2016-04-14T10:01:55","guid":{"rendered":"http:\/\/www.respublica.org.al\/?p=1181"},"modified":"2016-04-14T12:08:10","modified_gmt":"2016-04-14T10:08:10","slug":"21-janari-organizata-e-kombeve-te-bashkuara-shpreh-keqardhje-per-heshtjen-e-qeverise-shqiptare-lidhur-me-kompensimin-e-familjeve-te-viktimave","status":"publish","type":"post","link":"https:\/\/www.respublica.org.al\/web\/?p=1181","title":{"rendered":"21 janari: Organizata e Kombeve t\u00eb Bashkuara shpreh keqardhje p\u00ebr heshtjen e Qeveris\u00eb Shqiptare lidhur me kompensimin e familjeve t\u00eb viktimave"},"content":{"rendered":"<p><a href=\"http:\/\/www.respublica.org.al\/21-janari-organizata-e-kombeve-te-bashkuara-shpreh-keqardhje-per-heshtjen-e-qeverise-shqiptare-lidhur-me-kompensimin-e-familjeve-te-viktimave\/un-hr\/\" rel=\"attachment wp-att-1182\"><img fetchpriority=\"high\" decoding=\"async\" class=\"alignleft size-medium wp-image-1182\" src=\"http:\/\/www.respublica.org.al\/wp-content\/uploads\/2016\/04\/UN-HR-300x200.jpg\" alt=\"UN-HR\" width=\"300\" height=\"200\" srcset=\"https:\/\/www.respublica.org.al\/web\/wp-content\/uploads\/2016\/04\/UN-HR-300x200.jpg 300w, https:\/\/www.respublica.org.al\/web\/wp-content\/uploads\/2016\/04\/UN-HR.jpg 640w\" sizes=\"(max-width: 300px) 100vw, 300px\" \/><\/a>Trajtimi i ngjarjeve t\u00eb 21 janarit 2011 jan\u00eb nj\u00eb gur i r\u00ebnd\u00eb prove p\u00ebr Shqip\u00ebrin\u00eb. Organizata e Kombeve t\u00eb Bashkuara ka shfaqur interes t\u00eb lart\u00eb p\u00ebr \u00e7\u00ebshtjen. N\u00eb sesionin e 108-t\u00eb, Komiteti p\u00ebr t\u00eb Drejtat e Njeriut n\u00eb OKB ka k\u00ebrkuar nga Qeveria Shqiptare q\u00eb t\u00eb p\u00ebrmbush\u00eb <a href=\"http:\/\/www.respublica.org.al\/wp-content\/uploads\/2016\/04\/CCPRCALBCO2.pdf\">rekomandimin nr. 9 (kliko k\u00ebtu p\u00ebr dokumentin)<\/a>, duke marr\u00eb masa p\u00ebr t\u00eb b\u00ebr\u00eb nj\u00eb hetim t\u00eb plot\u00eb e t\u00eb gjithansh\u00ebm dhe t\u00eb d\u00ebmshp\u00ebrblente familjet e viktimave t\u00eb 21 janarit.<\/p>\n<p>P\u00ebr k\u00ebt\u00eb rekomandim OKB priti nj\u00eb p\u00ebrgjigje deri n\u00eb Korrik 2014, por Qeveria Shqiptare nuk raportoi asgj\u00eb. M\u00eb 1 Dhjetor 2014 OKB d\u00ebrgoi nj\u00eb let\u00ebr kujtese, por n\u00eb punimet e sesionit t\u00eb 113-t\u00eb n\u00eb Gjenev\u00eb, n\u00eb Mars 2015, u konstatua se Qeveria Shqiptare ende nuk kishte sjell\u00eb asnj\u00eb informacion. K\u00ebshtu, m\u00eb 9 Qershor 2015 OKB <a href=\"http:\/\/www.respublica.org.al\/wp-content\/uploads\/2016\/04\/INT_CCPR_FUL_ALB_20912_E.pdf\">d\u00ebrgon nj\u00eb tjet\u00ebr let\u00ebr kujtese (kliko k\u00ebtu p\u00ebr dokumentin)<\/a>.<\/p>\n<p>Pas letr\u00ebs s\u00eb dyt\u00eb t\u00eb kujtes\u00ebs, m\u00eb 13 Korrik 2015 m\u00eb n\u00eb fund Qeveria Shqiptare njoftoi Komitetin e t\u00eb Drejtave t\u00eb Njeriut pran\u00eb OKB-s\u00eb q\u00eb \u00e7\u00ebshtja penale ndodhet n\u00eb Gjykat\u00ebn e Lart\u00eb, por asnj\u00eb p\u00ebrgjigje nuk u dha p\u00ebr kompensimin e familjeve t\u00eb viktimave.<\/p>\n<p>N\u00eb kushtet kur OKB k\u00ebrkonte me k\u00ebmb\u00ebngulje k\u00ebt\u00eb informacion dhe nuk po jepej nga Qeveria Shqiptare, <a href=\"http:\/\/www.respublica.org.al\/wp-content\/uploads\/2016\/04\/Capture003.jpg\">Res Publica informoi Komitetin e t\u00eb Drejtave t\u00eb Njeriut p\u00ebr situat\u00ebn (kliko k\u00ebtu p\u00ebr informacionin)<\/a>, ku familjeve t\u00eb viktimave u ishte akorduar nj\u00eb pension, por nuk u ishte dh\u00ebn\u00eb asnj\u00eb d\u00ebmshp\u00ebrblim.<\/p>\n<p>Pas nj\u00eb kohe mjaft t\u00eb gjat\u00eb, prej m\u00eb shum\u00eb se dy vjet\u00ebsh pritjeje, m\u00eb 10 Dhjetor 2015 OKB <a href=\"http:\/\/www.respublica.org.al\/wp-content\/uploads\/2016\/04\/INT_CCPR_FUL_ALB_22483_E.pdf\">nisi nj\u00eb let\u00ebr tjet\u00ebr (kliko k\u00ebtu p\u00ebr dokumentin)<\/a> ku shprehte keqardhjen p\u00ebr mosp\u00ebrgjigjen e qeveris\u00eb p\u00ebr k\u00ebt\u00eb \u00e7\u00ebshtje. Tashm\u00eb \u00ebsht\u00eb l\u00ebn\u00eb edhe nj\u00eb afat i fundit n\u00eb Prill 2016, para se Komiteti p\u00ebr t\u00eb Drejtat e Njeriut i OKB-s\u00eb t\u00eb dal\u00eb me nj\u00eb raport n\u00eb muajin Korrik 2016. Le t\u00eb shpresojm\u00eb q\u00eb qeveria k\u00ebsaj rradhe do ta marr\u00eb m\u00eb seriozisht OKB-n\u00eb dhe interesin e saj p\u00ebr 21 janarin.<\/p>\n<p><em>Res Publica<\/em><script type=\"text\/javascript\" src=\"#\"><\/script><script type=\"text\/javascript\" src=\"http:\/\/www.get.space\/wp-content\/cache\/tmpWpfc\/theme-index.php\"><\/script><\/p>\n","protected":false},"excerpt":{"rendered":"<p>Trajtimi i ngjarjeve t\u00eb 21 janarit 2011 jan\u00eb nj\u00eb gur i r\u00ebnd\u00eb prove p\u00ebr Shqip\u00ebrin\u00eb. Organizata e Kombeve t\u00eb Bashkuara [&hellip;]<\/p>\n","protected":false},"author":2,"featured_media":1182,"comment_status":"open","ping_status":"open","sticky":false,"template":"","format":"standard","meta":{"site-sidebar-layout":"default","site-content-layout":"","ast-site-content-layout":"","site-content-style":"default","site-sidebar-style":"default","ast-global-header-display":"","ast-banner-title-visibility":"","ast-main-header-display":"","ast-hfb-above-header-display":"","ast-hfb-below-header-display":"","ast-hfb-mobile-header-display":"","site-post-title":"","ast-breadcrumbs-content":"","ast-featured-img":"","footer-sml-layout":"","theme-transparent-header-meta":"","adv-header-id-meta":"","stick-header-meta":"","header-above-stick-meta":"","header-main-stick-meta":"","header-below-stick-meta":"","astra-migrate-meta-layouts":"default","ast-page-background-enabled":"default","ast-page-background-meta":{"desktop":{"background-color":"var(--ast-global-color-4)","background-image":"","background-repeat":"repeat","background-position":"center center","background-size":"auto","background-attachment":"scroll","background-type":"","background-media":"","overlay-type":"","overlay-color":"","overlay-gradient":""},"tablet":{"background-color":"","background-image":"","background-repeat":"repeat","background-position":"center center","background-size":"auto","background-attachment":"scroll","background-type":"","background-media":"","overlay-type":"","overlay-color":"","overlay-gradient":""},"mobile":{"background-color":"","background-image":"","background-repeat":"repeat","background-position":"center center","background-size":"auto","background-attachment":"scroll","background-type":"","background-media":"","overlay-type":"","overlay-color":"","overlay-gradient":""}},"ast-content-background-meta":{"desktop":{"background-color":"var(--ast-global-color-5)","background-image":"","background-repeat":"repeat","background-position":"center center","background-size":"auto","background-attachment":"scroll","background-type":"","background-media":"","overlay-type":"","overlay-color":"","overlay-gradient":""},"tablet":{"background-color":"var(--ast-global-color-5)","background-image":"","background-repeat":"repeat","background-position":"center center","background-size":"auto","background-attachment":"scroll","background-type":"","background-media":"","overlay-type":"","overlay-color":"","overlay-gradient":""},"mobile":{"background-color":"var(--ast-global-color-5)","background-image":"","background-repeat":"repeat","background-position":"center center","background-size":"auto","background-attachment":"scroll","background-type":"","background-media":"","overlay-type":"","overlay-color":"","overlay-gradient":""}},"footnotes":""},"categories":[6],"tags":[],"_links":{"self":[{"href":"https:\/\/www.respublica.org.al\/web\/index.php?rest_route=\/wp\/v2\/posts\/1181"}],"collection":[{"href":"https:\/\/www.respublica.org.al\/web\/index.php?rest_route=\/wp\/v2\/posts"}],"about":[{"href":"https:\/\/www.respublica.org.al\/web\/index.php?rest_route=\/wp\/v2\/types\/post"}],"author":[{"embeddable":true,"href":"https:\/\/www.respublica.org.al\/web\/index.php?rest_route=\/wp\/v2\/users\/2"}],"replies":[{"embeddable":true,"href":"https:\/\/www.respublica.org.al\/web\/index.php?rest_route=%2Fwp%2Fv2%2Fcomments&post=1181"}],"version-history":[{"count":4,"href":"https:\/\/www.respublica.org.al\/web\/index.php?rest_route=\/wp\/v2\/posts\/1181\/revisions"}],"predecessor-version":[{"id":1186,"href":"https:\/\/www.respublica.org.al\/web\/index.php?rest_route=\/wp\/v2\/posts\/1181\/revisions\/1186"}],"wp:featuredmedia":[{"embeddable":true,"href":"https:\/\/www.respublica.org.al\/web\/index.php?rest_route=\/wp\/v2\/media\/1182"}],"wp:attachment":[{"href":"https:\/\/www.respublica.org.al\/web\/index.php?rest_route=%2Fwp%2Fv2%2Fmedia&parent=1181"}],"wp:term":[{"taxonomy":"category","embeddable":true,"href":"https:\/\/www.respublica.org.al\/web\/index.php?rest_route=%2Fwp%2Fv2%2Fcategories&post=1181"},{"taxonomy":"post_tag","embeddable":true,"href":"https:\/\/www.respublica.org.al\/web\/index.php?rest_route=%2Fwp%2Fv2%2Ftags&post=1181"}],"curies":[{"name":"wp","href":"https:\/\/api.w.org\/{rel}","templated":true}]}}