{"id":1189,"date":"2016-04-19T15:13:46","date_gmt":"2016-04-19T13:13:46","guid":{"rendered":"http:\/\/www.respublica.org.al\/?p=1189"},"modified":"2016-11-11T17:41:43","modified_gmt":"2016-11-11T16:41:43","slug":"kallezohen-penalisht-policet-bashkiake-qe-debuan-6-familje-nga-zona-e-liqenit-te-thate","status":"publish","type":"post","link":"https:\/\/www.respublica.org.al\/web\/?p=1189","title":{"rendered":"Kall\u00ebzohen penalisht polic\u00ebt bashkiak\u00eb q\u00eb d\u00ebbuan 6 familje nga Liqeni i That\u00eb"},"content":{"rendered":"<p><a href=\"http:\/\/www.respublica.org.al\/kallezohen-penalisht-policet-bashkiake-qe-debuan-6-familje-nga-zona-e-liqenit-te-thate\/prokuroria-tirane\/\" rel=\"attachment wp-att-1191\"><img fetchpriority=\"high\" decoding=\"async\" class=\"alignleft size-medium wp-image-1191\" src=\"http:\/\/www.respublica.org.al\/wp-content\/uploads\/2016\/04\/prokuroria-tirane-300x169.jpg\" alt=\"prokuroria-tirane\" width=\"300\" height=\"169\" srcset=\"https:\/\/www.respublica.org.al\/web\/wp-content\/uploads\/2016\/04\/prokuroria-tirane-300x169.jpg 300w, https:\/\/www.respublica.org.al\/web\/wp-content\/uploads\/2016\/04\/prokuroria-tirane.jpg 680w\" sizes=\"(max-width: 300px) 100vw, 300px\" \/><\/a>Historia e d\u00ebbimit t\u00eb komunitetit rom n\u00eb zon\u00ebn e Liqenit t\u00eb That\u00eb n\u00eb muajin tetor 2015 nga Bashkia Tiran\u00eb nuk mbaroi me aq. T\u00eb pakten 6 familje u rikthyen n\u00eb at\u00eb zon\u00eb dhe u vendos\u00ebn p\u00ebrkoh\u00ebsisht n\u00eb nj\u00eb godin\u00eb t\u00eb pabanuar, nd\u00ebrtim i pap\u00ebrfunduar. M\u00eb par\u00eb ata kishiin marr\u00eb leje nga dikush q\u00eb pretendonte se ishte pronari.<\/p>\n<p>M\u00eb 7 N\u00ebntor 2015, aty u paraqit\u00ebn forcat e Policis\u00eb Bashkiake, t\u00eb mb\u00ebshtetura nga Policia e Shtetit. Ata kan\u00eb biseduar me familjet rome me tone imponuese, duke i urdh\u00ebruar q\u00eb t\u00eb lironin menj\u00ebher\u00eb godin\u00ebn sepse kishte ankesa nga banor\u00ebt e lagjes. Biseda \u00ebsht\u00eb zhvilluar me tone t\u00eb ashpra, duke i kujtuar familjeve se veprimi i tyre ishte i kundraligjsh\u00ebm dhe se ndaj tyre mund t\u00eb merreshin masa duke i arrestuar dhe burgosur. Rreth or\u00ebs 18.00 ka nisur zhvendosja e familjeve n\u00ebn presionin se ndaj tyre do t\u00eb veprohej me forc\u00eb. T\u00eb ndjer\u00eb t\u00eb frik\u00ebsuar, familjet rome jan\u00eb spostuar pa d\u00ebshir\u00ebn e tyre, shoq\u00ebruar me protest\u00ebn e t\u00eb gjith\u00eb an\u00ebtar\u00ebt e familjeve dhe t\u00eb qarat e f\u00ebmij\u00ebve.<\/p>\n<p>Sipas polic\u00ebve bashkiak\u00eb, ata po b\u00ebnin \u201clirimin dhe dor\u00ebzimin e sendit\u201d te pronari. Ligj\u00ebrisht kjo veprimtari kryhet vet\u00ebm nga nj\u00eb p\u00ebrmbarues n\u00eb ekzekutim t\u00eb nj\u00eb vendimi gjyq\u00ebsor t\u00eb form\u00ebs s\u00eb prer\u00eb dhe jo nga policia.<\/p>\n<p>Policia Bashkiake m\u00eb pas \u00ebsht\u00eb shprehur se n\u00eb dat\u00eb 07.11.2015 \u00ebsht\u00eb marr\u00eb informacion nga banor\u00ebt e nj\u00ebsis\u00eb administrative Fark\u00eb se n\u00eb nj\u00eb objekt privat jan\u00eb instaluar nj\u00eb grup personash t\u00eb komunitetit rom. Sh\u00ebrbimet e policis\u00eb bashkiake kan\u00eb shkuar me iniciativ\u00eb n\u00eb kushtet e flagranc\u00ebs, pa patur nj\u00eb plan operacional apo Urdh\u00ebr me shkrim t\u00eb drejtuesit t\u00eb Policis\u00eb Bashkiake apo institucionit t\u00eb Bashkis\u00eb Tiran\u00eb. N\u00eb vend jan\u00eb konstatuar edhe sh\u00ebrbimet e Policis\u00eb s\u00eb Shtetit me t\u00eb cil\u00ebt u komunikua. Mir\u00ebpo, Policia e Shtetit shprehet se n\u00eb k\u00ebt\u00eb dat\u00eb u k\u00ebrkua mb\u00ebshtetje n\u00ebp\u00ebrmjet telefonit nga Policis\u00eb Bashkiake Tiran\u00eb, p\u00ebr t\u00eb l\u00ebvizur disa familje rome me automjetet e bashkis\u00eb n\u00eb drejtim t\u00eb Elbasanit.<\/p>\n<p>K\u00ebto p\u00ebrgjigje kontradiktore demonstrojn\u00eb se e v\u00ebrteta mbetet ende p\u00ebr t\u2019u zbuluar nga hetimi. Policis\u00eb Bashkiake nuk i lejohet nga ligji q\u00eb t\u00eb kryej\u00eb lirim apo dor\u00ebzim t\u00eb nj\u00eb sendi privat. Nd\u00ebrkoh\u00eb q\u00eb Policia e Shtetit nuk ka nd\u00ebrhyr\u00eb duke menduar se aksioni i Policis\u00eb Bashkiake b\u00ebhej thjesht p\u00ebr t\u00eb zhvendosur disa familje n\u00eb Elbasan.<\/p>\n<p>N\u00eb kushtet kur ka pasur nj\u00eb tejkalim t\u00eb kompetencave dhe kryerje t\u00eb veprimeve arbitrare nga Policia Bashkiake Tiran\u00eb, t\u00eb shoq\u00ebruara me dhun\u00eb verbale, u dor\u00ebzua nj\u00eb kall\u00ebzim penal n\u00eb Prokurorin\u00eb e Rrethit Tiran\u00eb me akuz\u00ebn \u201ckryerja e veprimeve arbitrare\u201d dhe \u201cshp\u00ebrdorimi i detyr\u00ebs\u201d. Materiali u shoq\u00ebruar me provat p\u00ebrkat\u00ebse.<\/p>\n","protected":false},"excerpt":{"rendered":"<p>Historia e d\u00ebbimit t\u00eb komunitetit rom n\u00eb zon\u00ebn e Liqenit t\u00eb That\u00eb n\u00eb muajin tetor 2015 nga Bashkia Tiran\u00eb nuk [&hellip;]<\/p>\n","protected":false},"author":2,"featured_media":1192,"comment_status":"open","ping_status":"open","sticky":false,"template":"","format":"standard","meta":{"site-sidebar-layout":"default","site-content-layout":"","ast-site-content-layout":"","site-content-style":"default","site-sidebar-style":"default","ast-global-header-display":"","ast-banner-title-visibility":"","ast-main-header-display":"","ast-hfb-above-header-display":"","ast-hfb-below-header-display":"","ast-hfb-mobile-header-display":"","site-post-title":"","ast-breadcrumbs-content":"","ast-featured-img":"","footer-sml-layout":"","theme-transparent-header-meta":"","adv-header-id-meta":"","stick-header-meta":"","header-above-stick-meta":"","header-main-stick-meta":"","header-below-stick-meta":"","astra-migrate-meta-layouts":"default","ast-page-background-enabled":"default","ast-page-background-meta":{"desktop":{"background-color":"var(--ast-global-color-4)","background-image":"","background-repeat":"repeat","background-position":"center center","background-size":"auto","background-attachment":"scroll","background-type":"","background-media":"","overlay-type":"","overlay-color":"","overlay-gradient":""},"tablet":{"background-color":"","background-image":"","background-repeat":"repeat","background-position":"center center","background-size":"auto","background-attachment":"scroll","background-type":"","background-media":"","overlay-type":"","overlay-color":"","overlay-gradient":""},"mobile":{"background-color":"","background-image":"","background-repeat":"repeat","background-position":"center center","background-size":"auto","background-attachment":"scroll","background-type":"","background-media":"","overlay-type":"","overlay-color":"","overlay-gradient":""}},"ast-content-background-meta":{"desktop":{"background-color":"var(--ast-global-color-5)","background-image":"","background-repeat":"repeat","background-position":"center center","background-size":"auto","background-attachment":"scroll","background-type":"","background-media":"","overlay-type":"","overlay-color":"","overlay-gradient":""},"tablet":{"background-color":"var(--ast-global-color-5)","background-image":"","background-repeat":"repeat","background-position":"center center","background-size":"auto","background-attachment":"scroll","background-type":"","background-media":"","overlay-type":"","overlay-color":"","overlay-gradient":""},"mobile":{"background-color":"var(--ast-global-color-5)","background-image":"","background-repeat":"repeat","background-position":"center center","background-size":"auto","background-attachment":"scroll","background-type":"","background-media":"","overlay-type":"","overlay-color":"","overlay-gradient":""}},"footnotes":""},"categories":[6,4],"tags":[],"_links":{"self":[{"href":"https:\/\/www.respublica.org.al\/web\/index.php?rest_route=\/wp\/v2\/posts\/1189"}],"collection":[{"href":"https:\/\/www.respublica.org.al\/web\/index.php?rest_route=\/wp\/v2\/posts"}],"about":[{"href":"https:\/\/www.respublica.org.al\/web\/index.php?rest_route=\/wp\/v2\/types\/post"}],"author":[{"embeddable":true,"href":"https:\/\/www.respublica.org.al\/web\/index.php?rest_route=\/wp\/v2\/users\/2"}],"replies":[{"embeddable":true,"href":"https:\/\/www.respublica.org.al\/web\/index.php?rest_route=%2Fwp%2Fv2%2Fcomments&post=1189"}],"version-history":[{"count":4,"href":"https:\/\/www.respublica.org.al\/web\/index.php?rest_route=\/wp\/v2\/posts\/1189\/revisions"}],"predecessor-version":[{"id":1561,"href":"https:\/\/www.respublica.org.al\/web\/index.php?rest_route=\/wp\/v2\/posts\/1189\/revisions\/1561"}],"wp:featuredmedia":[{"embeddable":true,"href":"https:\/\/www.respublica.org.al\/web\/index.php?rest_route=\/wp\/v2\/media\/1192"}],"wp:attachment":[{"href":"https:\/\/www.respublica.org.al\/web\/index.php?rest_route=%2Fwp%2Fv2%2Fmedia&parent=1189"}],"wp:term":[{"taxonomy":"category","embeddable":true,"href":"https:\/\/www.respublica.org.al\/web\/index.php?rest_route=%2Fwp%2Fv2%2Fcategories&post=1189"},{"taxonomy":"post_tag","embeddable":true,"href":"https:\/\/www.respublica.org.al\/web\/index.php?rest_route=%2Fwp%2Fv2%2Ftags&post=1189"}],"curies":[{"name":"wp","href":"https:\/\/api.w.org\/{rel}","templated":true}]}}