{"id":1586,"date":"2017-01-31T16:18:14","date_gmt":"2017-01-31T15:18:14","guid":{"rendered":"http:\/\/www.respublica.org.al\/?p=1586"},"modified":"2017-03-22T16:19:52","modified_gmt":"2017-03-22T15:19:52","slug":"gjykata-administrative-e-apelit-konfirmon-fajesine-e-ministrise-se-mbrojtjes-per-shperthimin-e-gerdecit","status":"publish","type":"post","link":"https:\/\/www.respublica.org.al\/web\/?p=1586","title":{"rendered":"Gjykata Administrative e Apelit konfirmon faj\u00ebsin\u00eb e Ministris\u00eb s\u00eb Mbrojtjes  p\u00ebr shp\u00ebrthimin e G\u00ebrdecit"},"content":{"rendered":"<p><a href=\"http:\/\/www.respublica.org.al\/gjykata-administrative-e-apelit-konfirmon-fajesine-e-ministrise-se-mbrojtjes-per-shperthimin-e-gerdecit\/attachment\/1149\/\" rel=\"attachment wp-att-1587\"><img decoding=\"async\" class=\"alignleft size-medium wp-image-1587\" src=\"http:\/\/www.respublica.org.al\/wp-content\/uploads\/2017\/03\/1149-300x165.jpg\" alt=\"1149\" width=\"300\" height=\"165\" srcset=\"https:\/\/www.respublica.org.al\/web\/wp-content\/uploads\/2017\/03\/1149-300x165.jpg 300w, https:\/\/www.respublica.org.al\/web\/wp-content\/uploads\/2017\/03\/1149-768x421.jpg 768w, https:\/\/www.respublica.org.al\/web\/wp-content\/uploads\/2017\/03\/1149-1024x562.jpg 1024w, https:\/\/www.respublica.org.al\/web\/wp-content\/uploads\/2017\/03\/1149-800x439.jpg 800w, https:\/\/www.respublica.org.al\/web\/wp-content\/uploads\/2017\/03\/1149.jpg 1263w\" sizes=\"(max-width: 300px) 100vw, 300px\" \/><\/a>N\u00eb vitin 2011, pran\u00eb Gjykat\u00ebs s\u00eb Rrethit Gjyq\u00ebsor Tiran\u00eb u depozituan padit\u00eb e familjar\u00ebve t\u00eb viktimave t\u00eb shp\u00ebrthimit t\u00eb G\u00ebrdecit, t\u00eb cil\u00ebt k\u00ebrkuan shp\u00ebrblimin e d\u00ebmit p\u00ebr humbjen e jet\u00ebs s\u00eb t\u00eb af\u00ebrmve t\u00eb tyre m\u00eb 15 Mars 2008. K\u00ebto c\u00ebshtje m\u00eb pas u transferuan n\u00eb kompetenc\u00eb t\u00eb Gjykat\u00ebs Administrative, pasi kaluan m\u00eb par\u00eb p\u00ebrmes instancave t\u00eb ndryshme gjyq\u00ebsore duke p\u00ebrfshir\u00eb n\u00eb disa raste edhe gjykimin p\u00ebr kontroll incidental n\u00eb Gjykat\u00ebn Kushtetuese n\u00eb vitin 2012, gjykimet p\u00ebr kompetenc\u00ebn l\u00ebndore n\u00eb Gjykat\u00ebn e Lart\u00eb n\u00eb vitin 2014, etj, pa p\u00ebrfshir\u00eb k\u00ebtu disa c\u00ebshtje t\u00eb ve\u00e7anta q\u00eb lidhen me procesin penal jan\u00eb n\u00eb shqyrtim n\u00eb Gjykat\u00ebn Evropiane p\u00ebr t\u00eb Drejtat e Njeriut. T\u00eb gjitha k\u00ebto \u00e7\u00ebshtje jan\u00eb ndjekur nga qendra Res Publica me mb\u00ebshtetjen e Fondacionit Shoq\u00ebria e Hapur p\u00ebr Shqip\u00ebrin\u00eb.<\/p>\n<p>Pas nj\u00eb kalvari t\u00eb gjat\u00eb seancash gjyq\u00ebsore, \u00ebsht\u00eb Gjykata Administrative e Apelit ajo q\u00eb ka nisur t\u00eb marr\u00eb n\u00eb shqyrtim ankimet e Ministris\u00eb s\u00eb Mbrojtjes dhe nd\u00ebrmjarrjes shtet\u00ebrore MEICO, t\u00eb cilat pretendojn\u00eb se nuk jan\u00eb p\u00ebrgjegj\u00ebse p\u00ebr shp\u00ebrthimin dhe humbjen e jet\u00ebs s\u00eb 26 viktimave dhe qindra t\u00eb plagosurve. Kjo gjykat\u00eb ka marr\u00eb tashm\u00eb edhe vendimin e par\u00eb me an\u00eb t\u00eb t\u00eb cilit pranoi padin\u00eb dhe la n\u00eb fuqi vendimin e Gjykat\u00ebs Administrative t\u00eb Shkall\u00ebs s\u00eb Par\u00eb Tiran\u00eb, e cila ngarkoi me p\u00ebrgjegj\u00ebsi autoritetet shtet\u00ebrore, duke e klasifikuar k\u00ebt\u00eb ngjarje si nj\u00eb krim shtet\u00ebror.<\/p>\n<p>N\u00eb k\u00ebt\u00eb pik\u00ebnisje t\u00eb Gjykat\u00ebs Administrative t\u00eb Apelit, ajo e gjeti t\u00eb drejt\u00eb k\u00ebrkes\u00ebpadin\u00eb e familjar\u00ebve t\u00eb t\u00eb ndjerit Arben Ase, i cili humbi jet\u00ebn n\u00eb ngjarjen e r\u00ebnd\u00eb, dhe vendosi t\u00eb detyroj\u00eb Ministrin\u00eb e Mbrojtjes, Nd\u00ebrmarrjen MEICO dhe shoq\u00ebrin\u00eb ALBADEMIL q\u00eb t\u00eb shp\u00ebrblejn\u00eb d\u00ebmin e shkaktuar nga shp\u00ebrthimi i G\u00ebrdecit,\u00a0 si pasoj\u00eb e veprimtaris\u00eb s\u00eb kundraligjshme t\u00eb tyre. Ky Vendim tashm\u00eb \u00ebsht\u00eb i form\u00ebs s\u00eb prer\u00eb dhe i ekzekutuesh\u00ebm.<\/p>\n<p>Kjo \u00ebsht\u00eb vet\u00ebm \u00e7\u00ebshtja e par\u00eb q\u00eb p\u00ebrfundon n\u00eb Gjykat\u00ebn Administrative t\u00eb Apelit nga \u00e7\u00ebshtjet e ndjekura nga qendra Res Publica, nd\u00ebrkoh\u00eb q\u00eb n\u00eb pritje jan\u00eb edhe 36 \u00e7\u00ebshtje t\u00eb tjera, t\u00eb cilat pritet t\u00eb ken\u00eb t\u00eb nj\u00ebjt\u00ebn ecuri.<\/p>\n<p>Drejtori Ekzekutiv i qendr\u00ebs Res Publica, Z. Dorian Matlija u shpreh se <em>\u201cKjo ishte nj\u00eb sip\u00ebrmarrje e v\u00ebshtir\u00eb, n\u00eb nj\u00eb koh\u00ebzgjatje t\u00eb madhe, q\u00eb u realizua me k\u00ebmb\u00ebngulje edhe fal\u00eb mb\u00ebshtetjes s\u00eb Fondacionit Shoq\u00ebria e Hapur p\u00ebr Shqip\u00ebrin\u00eb, i cili e ka mb\u00ebshtetur i vet\u00ebm k\u00ebt\u00eb nism\u00eb q\u00eb n\u00eb fillim. Tashm\u00eb mir\u00ebpresim ekzekutimin e k\u00ebtij vendimi n\u00eb m\u00ebnyr\u00eb vullnetare dhe pa zvarritje nga ana e Ministris\u00eb s\u00eb Mbrojtjes, gj\u00eb q\u00eb do t\u00eb rriste edhe vler\u00ebsimin e publikut p\u00ebr qeverin\u00eb.\u201d <\/em><\/p>\n<p>Drejtori Ekzekutiv i Fondacionit Shoq\u00ebria e Hapur p\u00ebr Shqip\u00ebrin\u00eb, Z. Andi Dobrushi, duke theksuar fillimisht se kjo \u00ebsht\u00eb nj\u00eb tjet\u00ebr histori suksesi e p\u00ebrpjekjeve disavje\u00e7are t\u00eb shoq\u00ebris\u00eb civile, u shpreh se: <em>\u201cKy \u00ebsht\u00eb nj\u00eb shembull i mir\u00eb se si shoq\u00ebria civile mund t\u00eb b\u00ebj\u00eb t\u00eb mundur edhe zgjidhje t\u00eb v\u00ebshtira n\u00ebse ka besimin te vetja, qendrueshm\u00ebrin\u00eb dhe mb\u00ebshtetjen e duhur. Ky \u00ebsht\u00eb lajm i mir\u00eb p\u00ebr ato familje q\u00eb p\u00ebrpos fatkeq\u00ebsis\u00eb, njoh\u00ebn edhe zvarritjen e proceseve gjyq\u00ebsore p\u00ebr shkak t\u00eb nj\u00eb sistemi q\u00eb pengonte aksesin n\u00eb gjykat\u00eb, sidomos p\u00ebrmes aplikimit t\u00eb taksave dhe kostove t\u00eb pap\u00ebrballueshme t\u00eb gjyqeve, n\u00eb kund\u00ebrshtim me standardet e jurisprudenc\u00ebs s\u00eb Gjykat\u00ebs Evropiane p\u00ebr t\u00eb Drejtat e Njeriut\u201d.<br \/>\n<\/em><\/p>\n","protected":false},"excerpt":{"rendered":"<p>N\u00eb vitin 2011, pran\u00eb Gjykat\u00ebs s\u00eb Rrethit Gjyq\u00ebsor Tiran\u00eb u depozituan padit\u00eb e familjar\u00ebve t\u00eb viktimave t\u00eb shp\u00ebrthimit t\u00eb G\u00ebrdecit, [&hellip;]<\/p>\n","protected":false},"author":2,"featured_media":1587,"comment_status":"open","ping_status":"open","sticky":false,"template":"","format":"standard","meta":{"site-sidebar-layout":"default","site-content-layout":"","ast-site-content-layout":"","site-content-style":"default","site-sidebar-style":"default","ast-global-header-display":"","ast-banner-title-visibility":"","ast-main-header-display":"","ast-hfb-above-header-display":"","ast-hfb-below-header-display":"","ast-hfb-mobile-header-display":"","site-post-title":"","ast-breadcrumbs-content":"","ast-featured-img":"","footer-sml-layout":"","theme-transparent-header-meta":"","adv-header-id-meta":"","stick-header-meta":"","header-above-stick-meta":"","header-main-stick-meta":"","header-below-stick-meta":"","astra-migrate-meta-layouts":"default","ast-page-background-enabled":"default","ast-page-background-meta":{"desktop":{"background-color":"var(--ast-global-color-4)","background-image":"","background-repeat":"repeat","background-position":"center center","background-size":"auto","background-attachment":"scroll","background-type":"","background-media":"","overlay-type":"","overlay-color":"","overlay-gradient":""},"tablet":{"background-color":"","background-image":"","background-repeat":"repeat","background-position":"center center","background-size":"auto","background-attachment":"scroll","background-type":"","background-media":"","overlay-type":"","overlay-color":"","overlay-gradient":""},"mobile":{"background-color":"","background-image":"","background-repeat":"repeat","background-position":"center center","background-size":"auto","background-attachment":"scroll","background-type":"","background-media":"","overlay-type":"","overlay-color":"","overlay-gradient":""}},"ast-content-background-meta":{"desktop":{"background-color":"var(--ast-global-color-5)","background-image":"","background-repeat":"repeat","background-position":"center center","background-size":"auto","background-attachment":"scroll","background-type":"","background-media":"","overlay-type":"","overlay-color":"","overlay-gradient":""},"tablet":{"background-color":"var(--ast-global-color-5)","background-image":"","background-repeat":"repeat","background-position":"center center","background-size":"auto","background-attachment":"scroll","background-type":"","background-media":"","overlay-type":"","overlay-color":"","overlay-gradient":""},"mobile":{"background-color":"var(--ast-global-color-5)","background-image":"","background-repeat":"repeat","background-position":"center center","background-size":"auto","background-attachment":"scroll","background-type":"","background-media":"","overlay-type":"","overlay-color":"","overlay-gradient":""}},"footnotes":""},"categories":[6],"tags":[],"_links":{"self":[{"href":"https:\/\/www.respublica.org.al\/web\/index.php?rest_route=\/wp\/v2\/posts\/1586"}],"collection":[{"href":"https:\/\/www.respublica.org.al\/web\/index.php?rest_route=\/wp\/v2\/posts"}],"about":[{"href":"https:\/\/www.respublica.org.al\/web\/index.php?rest_route=\/wp\/v2\/types\/post"}],"author":[{"embeddable":true,"href":"https:\/\/www.respublica.org.al\/web\/index.php?rest_route=\/wp\/v2\/users\/2"}],"replies":[{"embeddable":true,"href":"https:\/\/www.respublica.org.al\/web\/index.php?rest_route=%2Fwp%2Fv2%2Fcomments&post=1586"}],"version-history":[{"count":2,"href":"https:\/\/www.respublica.org.al\/web\/index.php?rest_route=\/wp\/v2\/posts\/1586\/revisions"}],"predecessor-version":[{"id":1589,"href":"https:\/\/www.respublica.org.al\/web\/index.php?rest_route=\/wp\/v2\/posts\/1586\/revisions\/1589"}],"wp:featuredmedia":[{"embeddable":true,"href":"https:\/\/www.respublica.org.al\/web\/index.php?rest_route=\/wp\/v2\/media\/1587"}],"wp:attachment":[{"href":"https:\/\/www.respublica.org.al\/web\/index.php?rest_route=%2Fwp%2Fv2%2Fmedia&parent=1586"}],"wp:term":[{"taxonomy":"category","embeddable":true,"href":"https:\/\/www.respublica.org.al\/web\/index.php?rest_route=%2Fwp%2Fv2%2Fcategories&post=1586"},{"taxonomy":"post_tag","embeddable":true,"href":"https:\/\/www.respublica.org.al\/web\/index.php?rest_route=%2Fwp%2Fv2%2Ftags&post=1586"}],"curies":[{"name":"wp","href":"https:\/\/api.w.org\/{rel}","templated":true}]}}