{"id":1590,"date":"2017-01-22T16:46:10","date_gmt":"2017-01-22T15:46:10","guid":{"rendered":"http:\/\/www.respublica.org.al\/?p=1590"},"modified":"2017-03-22T16:50:24","modified_gmt":"2017-03-22T15:50:24","slug":"gjykatat-shqiptare-pranojne-padite-civile-per-vrasjet-e-21-janarit-ne-pritje-edhe-vendimi-i-gjykates-evropiane-per-procesin-penal","status":"publish","type":"post","link":"https:\/\/www.respublica.org.al\/web\/?p=1590","title":{"rendered":"Gjykatat shqiptare pranojn\u00eb padit\u00eb civile p\u00ebr vrasjet e 21 janarit.  N\u00eb pritje edhe vendimi i Gjykat\u00ebs Evropiane p\u00ebr procesin penal."},"content":{"rendered":"<p><a href=\"http:\/\/www.respublica.org.al\/gjykatat-shqiptare-pranojne-padite-civile-per-vrasjet-e-21-janarit-ne-pritje-edhe-vendimi-i-gjykates-evropiane-per-procesin-penal\/21-janar-foto\/\" rel=\"attachment wp-att-1591\"><img decoding=\"async\" class=\"alignleft size-medium wp-image-1591\" src=\"http:\/\/www.respublica.org.al\/wp-content\/uploads\/2017\/03\/21-janar-foto-300x160.jpg\" alt=\"21 janar foto\" width=\"300\" height=\"160\" srcset=\"https:\/\/www.respublica.org.al\/web\/wp-content\/uploads\/2017\/03\/21-janar-foto-300x160.jpg 300w, https:\/\/www.respublica.org.al\/web\/wp-content\/uploads\/2017\/03\/21-janar-foto.jpg 645w\" sizes=\"(max-width: 300px) 100vw, 300px\" \/><\/a>Me nj\u00eb vendim t\u00eb mir\u00ebpritur, K\u00ebshilli i Ministrave ka akorduar nj\u00eb fond t\u00eb ve\u00e7ant\u00eb p\u00ebr Gard\u00ebn e Republik\u00ebs p\u00ebr t\u00eb shlyer d\u00ebmshp\u00ebrblimet sipas kat\u00ebr vendimeve t\u00eb Gjykat\u00ebs Administrative q\u00eb pranoi padit\u00eb e familjar\u00ebve t\u00eb t\u00eb r\u00ebn\u00ebve t\u00eb 21 janarit 2011. Edhe tre padi t\u00eb tjera jan\u00eb ende n\u00eb proces, t\u00eb cilat priten t\u00eb p\u00ebrfundojn\u00eb n\u00eb muajin shkurt 2017.<\/p>\n<p>K\u00ebrkimi i d\u00ebmshp\u00ebrblimit \u00ebsht\u00eb vet\u00ebm nj\u00eb prej aspekteve t\u00eb ndjekura p\u00ebr \u00e7\u00ebshtjen e 21 janarit nga Res Publica me mb\u00ebshtetjen e Fondacionit Shoq\u00ebria e Hapur p\u00ebr Shqip\u00ebrin\u00eb. Paralelisht vijojn\u00eb t\u00eb ndiqen dy \u00e7\u00ebshtje t\u00eb nisura n\u00eb Gjykat\u00ebn Evropiane p\u00ebr t\u00eb Drejtat e Njeriut, e cila gjat\u00eb vitit 2016 nisi shqyrtimin e \u00e7\u00ebshtjes s\u00eb regjistruar q\u00eb n\u00eb vitin 2012 dhe pak jav\u00eb m\u00eb par\u00eb regjistroi edhe nj\u00eb \u00ad\u00ad\u00e7\u00ebshtje tjet\u00ebr me k\u00ebrkues familjet Myrtaj, Veizi dhe Deda, t\u00eb cil\u00ebt godasin m\u00ebnyr\u00ebn e hetimit dhe t\u00eb gjykimit n\u00eb procesin penal. N\u00eb Gjykat\u00ebn Evropiane do t\u00eb shqyrtohet kuadri ligjor i koh\u00ebs, planet operacionale t\u00eb menaxhimit t\u00eb demonstrat\u00ebs, si dhe problematika e procesit penal, i kritikuar si nj\u00eb proces jo i rregullt ligjor.<\/p>\n<p><em>\u201cVendimet e Gjykat\u00ebs Administrative, p\u00ebrmes nj\u00eb arsyetimi t\u00eb drejt\u00eb, pranuan se vrasjet e 21 janarit ishin krim shtet\u00ebror dhe Garda e Republik\u00ebs \u00ebsht\u00eb p\u00ebrgjegj\u00ebse p\u00ebr vrasjen e Ziver Veizit, Hekuran Ded\u00ebs, Aleks Nik\u00ebs,\u00a0 Faik Myrtaj, si dhe djalit t\u00eb tij Bardhosh Myrtaj. Qeveria reagoi pa vones\u00eb n\u00eb ekzekutimin e vendimeve \u00e7ka jep shpres\u00eb se mund t\u00eb ket\u00eb vullnet q\u00eb v\u00ebmendja t\u00eb drejtohet edhe nga drejt\u00ebsia e mohuar n\u00eb procesin penal, p\u00ebr t\u00eb par\u00eb mund\u00ebsit\u00eb e hetimit t\u00eb \u00e7do detaji t\u00eb anashkaluar deri tani\u201d<\/em> u shpreh Dorian Matlija, drejtor ekzekutiv i qendr\u00ebs Res Publica.<\/p>\n<p>P\u00ebrfundimi i proceseve gjyq\u00ebsore erdhi n\u00eb fund t\u00eb nj\u00eb numri t\u00eb madh hapash t\u00eb hedhur q\u00eb prej vitit 2011, n\u00eb p\u00ebrpjekje p\u00ebr t\u00eb ndryshuar praktik\u00ebn vendase, me q\u00ebllim q\u00eb ajo t\u00eb p\u00ebrputhet me standardet evropiane dhe t\u00eb jet\u00eb nj\u00eb udh\u00ebrr\u00ebfyes i mir\u00eb se si duhet vepruar n\u00eb raste t\u00eb ngjashme.<\/p>\n<p>Andi Dobrushi, drejtor ekzekutiv i Fondacionit Soros, thekson se ky proces vlen si histori suksesi e shoq\u00ebris\u00eb civile q\u00eb nuk u ndal derisa u b\u00eb e mundur dh\u00ebnia e drejt\u00ebsis\u00eb n\u00eb proceset civile, nd\u00ebrsa shpreson n\u00eb nj\u00eb vendim t\u00eb drejt\u00eb nga Gjykata Evropiane p\u00ebr shkeljet e konstatuara n\u00eb procesin penal. <em>\u201cGjykatat vendase treguan se n\u00eb Shqip\u00ebri ka shpres\u00eb q\u00eb gjykatat t\u00eb mbajn\u00eb nj\u00eb standard t\u00eb lart\u00eb gjykimi, duke mbajtur parasysh praktik\u00ebn e Gjykat\u00ebs Evropiane n\u00eb vler\u00ebsimin e r\u00ebnd\u00ebsis\u00eb s\u00eb t\u00eb drejt\u00ebs s\u00eb jet\u00ebs si nj\u00eb prej t\u00eb drejtave m\u00eb themelore t\u00eb njeriut.\u201d<\/em> shtoi ai.<\/p>\n<p>&nbsp;<\/p>\n<p>&nbsp;<\/p>\n","protected":false},"excerpt":{"rendered":"<p>Me nj\u00eb vendim t\u00eb mir\u00ebpritur, K\u00ebshilli i Ministrave ka akorduar nj\u00eb fond t\u00eb ve\u00e7ant\u00eb p\u00ebr Gard\u00ebn e Republik\u00ebs p\u00ebr t\u00eb [&hellip;]<\/p>\n","protected":false},"author":2,"featured_media":1591,"comment_status":"open","ping_status":"open","sticky":false,"template":"","format":"standard","meta":{"site-sidebar-layout":"default","site-content-layout":"","ast-site-content-layout":"","site-content-style":"default","site-sidebar-style":"default","ast-global-header-display":"","ast-banner-title-visibility":"","ast-main-header-display":"","ast-hfb-above-header-display":"","ast-hfb-below-header-display":"","ast-hfb-mobile-header-display":"","site-post-title":"","ast-breadcrumbs-content":"","ast-featured-img":"","footer-sml-layout":"","theme-transparent-header-meta":"","adv-header-id-meta":"","stick-header-meta":"","header-above-stick-meta":"","header-main-stick-meta":"","header-below-stick-meta":"","astra-migrate-meta-layouts":"default","ast-page-background-enabled":"default","ast-page-background-meta":{"desktop":{"background-color":"var(--ast-global-color-4)","background-image":"","background-repeat":"repeat","background-position":"center center","background-size":"auto","background-attachment":"scroll","background-type":"","background-media":"","overlay-type":"","overlay-color":"","overlay-gradient":""},"tablet":{"background-color":"","background-image":"","background-repeat":"repeat","background-position":"center center","background-size":"auto","background-attachment":"scroll","background-type":"","background-media":"","overlay-type":"","overlay-color":"","overlay-gradient":""},"mobile":{"background-color":"","background-image":"","background-repeat":"repeat","background-position":"center center","background-size":"auto","background-attachment":"scroll","background-type":"","background-media":"","overlay-type":"","overlay-color":"","overlay-gradient":""}},"ast-content-background-meta":{"desktop":{"background-color":"var(--ast-global-color-5)","background-image":"","background-repeat":"repeat","background-position":"center center","background-size":"auto","background-attachment":"scroll","background-type":"","background-media":"","overlay-type":"","overlay-color":"","overlay-gradient":""},"tablet":{"background-color":"var(--ast-global-color-5)","background-image":"","background-repeat":"repeat","background-position":"center center","background-size":"auto","background-attachment":"scroll","background-type":"","background-media":"","overlay-type":"","overlay-color":"","overlay-gradient":""},"mobile":{"background-color":"var(--ast-global-color-5)","background-image":"","background-repeat":"repeat","background-position":"center center","background-size":"auto","background-attachment":"scroll","background-type":"","background-media":"","overlay-type":"","overlay-color":"","overlay-gradient":""}},"footnotes":""},"categories":[6],"tags":[],"_links":{"self":[{"href":"https:\/\/www.respublica.org.al\/web\/index.php?rest_route=\/wp\/v2\/posts\/1590"}],"collection":[{"href":"https:\/\/www.respublica.org.al\/web\/index.php?rest_route=\/wp\/v2\/posts"}],"about":[{"href":"https:\/\/www.respublica.org.al\/web\/index.php?rest_route=\/wp\/v2\/types\/post"}],"author":[{"embeddable":true,"href":"https:\/\/www.respublica.org.al\/web\/index.php?rest_route=\/wp\/v2\/users\/2"}],"replies":[{"embeddable":true,"href":"https:\/\/www.respublica.org.al\/web\/index.php?rest_route=%2Fwp%2Fv2%2Fcomments&post=1590"}],"version-history":[{"count":2,"href":"https:\/\/www.respublica.org.al\/web\/index.php?rest_route=\/wp\/v2\/posts\/1590\/revisions"}],"predecessor-version":[{"id":1593,"href":"https:\/\/www.respublica.org.al\/web\/index.php?rest_route=\/wp\/v2\/posts\/1590\/revisions\/1593"}],"wp:featuredmedia":[{"embeddable":true,"href":"https:\/\/www.respublica.org.al\/web\/index.php?rest_route=\/wp\/v2\/media\/1591"}],"wp:attachment":[{"href":"https:\/\/www.respublica.org.al\/web\/index.php?rest_route=%2Fwp%2Fv2%2Fmedia&parent=1590"}],"wp:term":[{"taxonomy":"category","embeddable":true,"href":"https:\/\/www.respublica.org.al\/web\/index.php?rest_route=%2Fwp%2Fv2%2Fcategories&post=1590"},{"taxonomy":"post_tag","embeddable":true,"href":"https:\/\/www.respublica.org.al\/web\/index.php?rest_route=%2Fwp%2Fv2%2Ftags&post=1590"}],"curies":[{"name":"wp","href":"https:\/\/api.w.org\/{rel}","templated":true}]}}