{"id":1603,"date":"2017-11-03T14:25:19","date_gmt":"2017-11-03T13:25:19","guid":{"rendered":"http:\/\/www.respublica.org.al\/?p=1603"},"modified":"2017-11-08T17:55:15","modified_gmt":"2017-11-08T16:55:15","slug":"koha-eshte-flori-per-disa-zyrtare-te-kallezuar-nga-klsh","status":"publish","type":"post","link":"https:\/\/www.respublica.org.al\/web\/?p=1603","title":{"rendered":"Koha \u00ebsht\u00eb flori p\u00ebr disa zyrtar\u00eb t\u00eb kall\u00ebzuar nga KLSH"},"content":{"rendered":"<p><strong><a href=\"http:\/\/www.respublica.org.al\/koha-eshte-flori-per-disa-zyrtare-te-kallezuar-nga-klsh\/cartel\/\" rel=\"attachment wp-att-1604\"><img fetchpriority=\"high\" decoding=\"async\" class=\"alignleft size-medium wp-image-1604\" src=\"http:\/\/www.respublica.org.al\/wp-content\/uploads\/2017\/11\/cartel-240x300.jpg\" alt=\"cartel\" width=\"240\" height=\"300\" srcset=\"https:\/\/www.respublica.org.al\/web\/wp-content\/uploads\/2017\/11\/cartel-240x300.jpg 240w, https:\/\/www.respublica.org.al\/web\/wp-content\/uploads\/2017\/11\/cartel-768x960.jpg 768w, https:\/\/www.respublica.org.al\/web\/wp-content\/uploads\/2017\/11\/cartel.jpg 799w\" sizes=\"(max-width: 240px) 100vw, 240px\" \/><\/a>Tejkalimi i afatit t\u00eb hetimit nga organi i Prokuroris\u00eb shp\u00ebton zyrtar\u00ebt e kall\u00ebzuar nga KLSH<\/strong><\/p>\n<p>Nuk \u00ebsht\u00eb e rrall\u00eb q\u00eb organi i Prokuroris\u00eb, p\u00ebr nj\u00eb arsye ose tjet\u00ebr, t\u00eb zgjas\u00eb afatet e hetimit t\u00eb nj\u00eb \u00e7\u00ebshtjeje. P\u00ebrfitues t\u00eb zgjatjes s\u00eb afateve me mbi 3 vjet (afati ligjor maksimal i vendosur nga ligji) jan\u00eb n\u00eb disa raste edhe zyrtar\u00eb publik\u00eb t\u00eb kall\u00ebzuar nga Kontrolli i Lart\u00eb i Shtetit (KLSH).<\/p>\n<p>Gjat\u00eb nj\u00eb studimi t\u00eb b\u00ebr\u00eb nga qendra Res Publica me mb\u00ebshtetjen e Fondacionit Shoq\u00ebria e Hapur p\u00ebr Shqip\u00ebrin\u00eb, mbi ecurin\u00eb e kall\u00ebzimeve t\u00eb b\u00ebra nga KLSH, <a href=\"http:\/\/www.respublica.org.al\/wp-content\/uploads\/2017\/11\/Efektiviteti-i-kallezimeve-penale-te-KLSH-web.pdf\">(kliko k\u00ebtu p\u00ebr t\u00eb shkarkuar raportin)<\/a> u vu re se, p\u00ebr 13 zyrtar\u00eb publik\u00eb, t\u00eb kall\u00ebzuar n\u00eb dy kall\u00ebzimeve penale nga ana e KLSH n\u00eb vitin 2013 (si vit studimor), nuk p\u00ebrfunduan hetimet n\u00eb afatin e duhur nga ana e prokuroris\u00eb duke rrezikuar d\u00ebshtimin e hetimit p\u00ebr ta.<\/p>\n<p>T\u00eb pyetur p\u00ebr arsyen e kalimit t\u00eb afatit, Prokuroria nuk dha shpjegime p\u00ebr nj\u00ebrin kall\u00ebzim, nd\u00ebrsa p\u00ebr kall\u00ebzimin tjet\u00ebr u p\u00ebrgjigj se hetimet u pezulluan p\u00ebr shkak t\u00eb pritjes s\u00eb p\u00ebrgjigjeve t\u00eb disa let\u00ebrporosive t\u00eb nisura n\u00eb dy shtete t\u00eb huaj.<\/p>\n<p>Nga p\u00ebrgjigja e prokuroris\u00eb dyshojm\u00eb se nj\u00ebra c\u00ebshtje edhe mund t\u00eb jet\u00eb djegur p\u00ebrfundimisht, nd\u00ebrsa p\u00ebr tjetr\u00ebn prokuroria \u00ebsht\u00eb duke u p\u00ebrpjekur p\u00ebr t\u00eb mos i v\u00ebn\u00eb ende emrin \u201ce djegur\u201c, duke e mbajtur n\u00eb reanimacion e atyre t\u00eb shkretave \u201clet\u00ebrporosi\u201c q\u00eb gjithmon\u00eb jan\u00eb diku rrug\u00ebs. Fenomeni i kalimit t\u00eb afateve procedurale n\u00eb organin e akuz\u00ebs q\u00eb her\u00eb pas here harron ndonj\u00eb dosje, \u00ebsht\u00eb v\u00ebshtir\u00eb t\u00eb kuptohet se vjen p\u00ebr shkaqe aksidentale.<\/p>\n<p>Mosveprimi i prokuroris\u00eb, duke djegur afatet hetimore, ka gjetur shpesh terren t\u00eb zhvillohet edhe p\u00ebr shkak se ky organ nuk ka pasur kontroll nj\u00eblloj si gjykatat q\u00eb kishin mbi kok\u00eb K\u00ebshillin e Lart\u00eb t\u00eb Drejt\u00ebsis\u00eb. Me reform\u00ebn n\u00eb drejt\u00ebsi kontrolli mbi organin e akuz\u00ebs do t\u00eb ushtrohet nga K\u00ebshilli i Lart\u00eb i Prokuroris\u00eb. Le t\u00eb besojm\u00eb q\u00eb ky kontroll do t\u00eb detyroj\u00eb prokuror\u00ebt t\u00eb mbajn\u00eb nj\u00eb kalendar n\u00eb zyrat e tyre dhe t\u00eb num\u00ebrojn\u00eb mir\u00eb dit\u00ebt e hetimit q\u00eb dit\u00ebt e lumtura p\u00ebr ata q\u00eb p\u00ebrfitojn\u00eb nga djegia e afateve t\u00eb marrin fund.<\/p>\n","protected":false},"excerpt":{"rendered":"<p>Tejkalimi i afatit t\u00eb hetimit nga organi i Prokuroris\u00eb shp\u00ebton zyrtar\u00ebt e kall\u00ebzuar nga KLSH Nuk \u00ebsht\u00eb e rrall\u00eb q\u00eb [&hellip;]<\/p>\n","protected":false},"author":2,"featured_media":1604,"comment_status":"open","ping_status":"open","sticky":false,"template":"","format":"standard","meta":{"site-sidebar-layout":"default","site-content-layout":"","ast-site-content-layout":"","site-content-style":"default","site-sidebar-style":"default","ast-global-header-display":"","ast-banner-title-visibility":"","ast-main-header-display":"","ast-hfb-above-header-display":"","ast-hfb-below-header-display":"","ast-hfb-mobile-header-display":"","site-post-title":"","ast-breadcrumbs-content":"","ast-featured-img":"","footer-sml-layout":"","theme-transparent-header-meta":"","adv-header-id-meta":"","stick-header-meta":"","header-above-stick-meta":"","header-main-stick-meta":"","header-below-stick-meta":"","astra-migrate-meta-layouts":"default","ast-page-background-enabled":"default","ast-page-background-meta":{"desktop":{"background-color":"var(--ast-global-color-4)","background-image":"","background-repeat":"repeat","background-position":"center center","background-size":"auto","background-attachment":"scroll","background-type":"","background-media":"","overlay-type":"","overlay-color":"","overlay-gradient":""},"tablet":{"background-color":"","background-image":"","background-repeat":"repeat","background-position":"center center","background-size":"auto","background-attachment":"scroll","background-type":"","background-media":"","overlay-type":"","overlay-color":"","overlay-gradient":""},"mobile":{"background-color":"","background-image":"","background-repeat":"repeat","background-position":"center center","background-size":"auto","background-attachment":"scroll","background-type":"","background-media":"","overlay-type":"","overlay-color":"","overlay-gradient":""}},"ast-content-background-meta":{"desktop":{"background-color":"var(--ast-global-color-5)","background-image":"","background-repeat":"repeat","background-position":"center center","background-size":"auto","background-attachment":"scroll","background-type":"","background-media":"","overlay-type":"","overlay-color":"","overlay-gradient":""},"tablet":{"background-color":"var(--ast-global-color-5)","background-image":"","background-repeat":"repeat","background-position":"center center","background-size":"auto","background-attachment":"scroll","background-type":"","background-media":"","overlay-type":"","overlay-color":"","overlay-gradient":""},"mobile":{"background-color":"var(--ast-global-color-5)","background-image":"","background-repeat":"repeat","background-position":"center center","background-size":"auto","background-attachment":"scroll","background-type":"","background-media":"","overlay-type":"","overlay-color":"","overlay-gradient":""}},"footnotes":""},"categories":[6],"tags":[],"_links":{"self":[{"href":"https:\/\/www.respublica.org.al\/web\/index.php?rest_route=\/wp\/v2\/posts\/1603"}],"collection":[{"href":"https:\/\/www.respublica.org.al\/web\/index.php?rest_route=\/wp\/v2\/posts"}],"about":[{"href":"https:\/\/www.respublica.org.al\/web\/index.php?rest_route=\/wp\/v2\/types\/post"}],"author":[{"embeddable":true,"href":"https:\/\/www.respublica.org.al\/web\/index.php?rest_route=\/wp\/v2\/users\/2"}],"replies":[{"embeddable":true,"href":"https:\/\/www.respublica.org.al\/web\/index.php?rest_route=%2Fwp%2Fv2%2Fcomments&post=1603"}],"version-history":[{"count":2,"href":"https:\/\/www.respublica.org.al\/web\/index.php?rest_route=\/wp\/v2\/posts\/1603\/revisions"}],"predecessor-version":[{"id":1606,"href":"https:\/\/www.respublica.org.al\/web\/index.php?rest_route=\/wp\/v2\/posts\/1603\/revisions\/1606"}],"wp:featuredmedia":[{"embeddable":true,"href":"https:\/\/www.respublica.org.al\/web\/index.php?rest_route=\/wp\/v2\/media\/1604"}],"wp:attachment":[{"href":"https:\/\/www.respublica.org.al\/web\/index.php?rest_route=%2Fwp%2Fv2%2Fmedia&parent=1603"}],"wp:term":[{"taxonomy":"category","embeddable":true,"href":"https:\/\/www.respublica.org.al\/web\/index.php?rest_route=%2Fwp%2Fv2%2Fcategories&post=1603"},{"taxonomy":"post_tag","embeddable":true,"href":"https:\/\/www.respublica.org.al\/web\/index.php?rest_route=%2Fwp%2Fv2%2Ftags&post=1603"}],"curies":[{"name":"wp","href":"https:\/\/api.w.org\/{rel}","templated":true}]}}