{"id":1607,"date":"2017-11-09T22:30:17","date_gmt":"2017-11-09T21:30:17","guid":{"rendered":"http:\/\/www.respublica.org.al\/?p=1607"},"modified":"2017-11-09T22:30:17","modified_gmt":"2017-11-09T21:30:17","slug":"shume-zhurme-per-pak-gje","status":"publish","type":"post","link":"https:\/\/www.respublica.org.al\/web\/?p=1607","title":{"rendered":"Shum\u00eb zhurm\u00eb, p\u00ebr pak gj\u00eb"},"content":{"rendered":"<p><strong><a href=\"http:\/\/www.respublica.org.al\/shume-zhurme-per-pak-gje\/is-it-ok-to-fail-via-taped-the-echotape-blog\/\" rel=\"attachment wp-att-1608\"><img fetchpriority=\"high\" decoding=\"async\" class=\"alignleft size-medium wp-image-1608\" src=\"http:\/\/www.respublica.org.al\/wp-content\/uploads\/2017\/11\/Is-it-ok-to-fail-via-TAPED-the-ECHOtape-blog-300x200.jpg\" alt=\"Is-it-ok-to-fail-via-TAPED-the-ECHOtape-blog\" width=\"300\" height=\"200\" srcset=\"https:\/\/www.respublica.org.al\/web\/wp-content\/uploads\/2017\/11\/Is-it-ok-to-fail-via-TAPED-the-ECHOtape-blog-300x200.jpg 300w, https:\/\/www.respublica.org.al\/web\/wp-content\/uploads\/2017\/11\/Is-it-ok-to-fail-via-TAPED-the-ECHOtape-blog.jpg 620w\" sizes=\"(max-width: 300px) 100vw, 300px\" \/><\/a>Shum\u00eb kall\u00ebzime penale t\u00eb nisura nga Kontrolli i Lart\u00eb i Shtetit, p\u00ebr pak d\u00ebnime n\u00eb p\u00ebrfundim t\u00eb procesit<\/strong><\/p>\n<p>Deklaratat p\u00ebr shtyp t\u00eb Kontrollit t\u00eb Lart\u00eb t\u00eb Shtetit lidhur me kall\u00ebzimet penale p\u00ebr zyrtar\u00ebt publik\u00eb, t\u00ebrheqin n\u00eb m\u00ebnyr\u00eb t\u00eb ve\u00e7ant\u00eb v\u00ebmendjen e publikut. E nd\u00ebrsa informacionet p\u00ebr kall\u00ebzimet penale gjenden me leht\u00ebsi edhe t\u00eb publikuara n\u00eb faqen online t\u00eb KLSH, ka nj\u00eb heshtje p\u00ebr ecurin\u00eb e tyre, si n\u00eb media, ashtu edhe n\u00eb faqen online t\u00eb KLSH.<\/p>\n<p>Me q\u00ebllim vler\u00ebsimin e rezultateve t\u00eb kall\u00ebzimeve dhe krijimin e nj\u00eb perceptimi sa m\u00eb t\u00eb drejt\u00eb t\u00eb publikut lidhur me to, Qendra Res Publica, mb\u00ebshtetur nga Fondacioni Shoq\u00ebria e Hapur p\u00ebr Shqip\u00ebrin\u00eb, studioi ecurin\u00eb e kall\u00ebzimeve penale t\u00eb vitit 2013 dhe vler\u00ebsimin cil\u00ebsor t\u00eb procesit q\u00eb nga hartimi i raporteve t\u00eb auditit ku jan\u00eb bazuar kall\u00ebzimet e deri n\u00eb p\u00ebrfundimin e c\u00ebshtjes n\u00eb t\u00eb gjitha shkall\u00ebt e gjykimit (<a href=\"http:\/\/www.respublica.org.al\/wp-content\/uploads\/2017\/11\/Efektiviteti-i-kallezimeve-penale-te-KLSH-web.pdf\">kliko k\u00ebtu p\u00ebr t\u00eb shkarkuar raportin<\/a>).<\/p>\n<p>N\u00eb k\u00ebt\u00eb studim u vu re se kall\u00ebzimet penale t\u00eb KLSH-s\u00eb q\u00eb b\u00ebhen objekt publikimi nga mediat, nuk kan\u00eb rezultatin e par\u00eb t\u00eb pritsh\u00ebm nga publiku. P\u00ebr pjes\u00ebn d\u00ebrrmuese, ose 78% e t\u00eb gjith\u00eb zyrtar\u00ebve t\u00eb kall\u00ebzuar, \u00e7\u00ebshtja \u00ebsht\u00eb mbyllur q\u00eb n\u00eb faz\u00ebn hetimore nga organi i akuz\u00ebs, me vendim p\u00ebr mosfillimin ose pushimin e hetimeve.<\/p>\n<p>KLSH duket se ka r\u00ebn\u00eb dakord me k\u00ebto vendime t\u00eb prokuroris\u00eb, pasi sic rezulton nga studimi i Res Publica nuk ka ankimuar asnj\u00eb t\u00eb till\u00eb n\u00eb Gjykat\u00eb. N\u00eb vet\u00ebm 4 raste ajo ka ankimuar vendimet e prokurorit t\u00eb zakonsh\u00ebm te Prokurori i P\u00ebrgjithsh\u00ebm, ku gjithsesi pas kthimit t\u00eb c\u00ebshtjeve p\u00ebr rihetim ato jan\u00eb pushuar s\u00ebrish dhe p\u00ebrs\u00ebri pa u shoq\u00ebruar me ankim n\u00eb gjykat\u00eb nga KLSH. Ky institucion, n\u00eb nj\u00eb shkres\u00eb drejtuar qendr\u00ebs Res Publica, pohon se t\u00eb drejt\u00ebn e ankimit nuk e ushtron gjithmon\u00eb, por vet\u00ebm n\u00eb rastet kur e shikon t\u00eb arsyeshme.<\/p>\n<p>Vet\u00ebm 22 % e personave t\u00eb kall\u00ebzuar jan\u00eb d\u00ebrguar p\u00ebr gjykim dhe dy t\u00eb tretat e tyre jan\u00eb d\u00ebnuar nga gjykata. Pra, n\u00eb total jan\u00eb d\u00ebnuar vet\u00ebm 13% e t\u00eb gjith\u00eb personave t\u00eb kall\u00ebzuar.<\/p>\n<p>Ajo q\u00eb b\u00ebn p\u00ebrshtypje \u00ebsht\u00eb fakti q\u00eb kur KLSH kall\u00ebzon zyrtarin A, B apo C, e b\u00ebn k\u00ebt\u00eb me shum\u00eb zhurm\u00eb mediatike, duke e trumpetuar si sukses. Por, kur hetimet p\u00ebr zyrtarin A, B, apo C, nuk nisin ose pushohen dhe KLSH nuk b\u00ebn asnj\u00eb ankim, duke krijuar iden\u00eb q\u00eb kall\u00ebzimi nuk vlente, ky institucion hesht.<\/p>\n<p>Mungesa e transparenc\u00ebs s\u00eb k\u00ebtij procesi pas b\u00ebrjes s\u00eb kall\u00ebzimeve penale ka disa pasoja negative:<\/p>\n<p>S\u00eb pari, krijon iden\u00eb e gabuar se p\u00ebrgjegj\u00ebsia p\u00ebr mosnd\u00ebshkimin \u00a0e zyrtar\u00ebve t\u00eb kall\u00ebzuar i takon vet\u00ebm sistemit t\u00eb drejt\u00ebsis\u00eb, nd\u00ebrkoh\u00eb q\u00eb mund t\u00eb jen\u00eb kall\u00ebzimet penale ato q\u00eb jan\u00eb t\u00eb pabazuar;<\/p>\n<p>S\u00eb dyti, mungesa e transparenc\u00ebs d\u00ebmton edhe vet\u00eb zyrtar\u00ebt e kall\u00ebzuar ndoshta pa t\u00eb drejt\u00eb. KLSH nuk kursen t\u2019i paraqes\u00eb n\u00eb media k\u00ebta njer\u00ebz si t\u00eb inkriminuar n\u00eb momentin kur kall\u00ebzohen penalisht, por kur pas hetimit ata rezultojn\u00eb t\u00eb pafajsh\u00ebm, KLSH nuk flet, megjith\u00ebse bie dakord me prokurorin\u00eb.<\/p>\n<p>Sipas KLSH-s\u00eb, arsyeja pse nuk publikon njoftime n\u00eb lidhje me ecurin\u00eb e kall\u00ebzimeve sepse kjo \u00ebsht\u00eb pun\u00eb e nj\u00eb institucioni tjet\u00ebr, q\u00eb \u00ebsht\u00eb prokuroria. Por, KLSH nuk informon pse nuk u ankua. N\u00eb p\u00ebrfundim t\u00eb nj\u00eb hetimi, publiku duhet t\u00eb dij\u00eb se cfar\u00eb u b\u00eb me zyrtar\u00ebt e kall\u00ebzuar dhe n\u00ebse prokurori ka mbyllur hetimet publiku do t\u00eb dij\u00eb pse KLSH nuk \u00ebsht\u00eb ankuar. K\u00ebto informacione jan\u00eb pron\u00eb e publikut, q\u00eb meriton t\u00eb dij\u00eb m\u00eb shum\u00eb me q\u00ebllim t\u00eb mos mbetet shija q\u00eb l\u00eb shprehja \u201cshum\u00eb zhurm\u00eb p\u00ebr asgj\u00eb\u201d.<\/p>\n","protected":false},"excerpt":{"rendered":"<p>Shum\u00eb kall\u00ebzime penale t\u00eb nisura nga Kontrolli i Lart\u00eb i Shtetit, p\u00ebr pak d\u00ebnime n\u00eb p\u00ebrfundim t\u00eb procesit Deklaratat p\u00ebr [&hellip;]<\/p>\n","protected":false},"author":2,"featured_media":1608,"comment_status":"open","ping_status":"open","sticky":false,"template":"","format":"standard","meta":{"site-sidebar-layout":"default","site-content-layout":"","ast-site-content-layout":"","site-content-style":"default","site-sidebar-style":"default","ast-global-header-display":"","ast-banner-title-visibility":"","ast-main-header-display":"","ast-hfb-above-header-display":"","ast-hfb-below-header-display":"","ast-hfb-mobile-header-display":"","site-post-title":"","ast-breadcrumbs-content":"","ast-featured-img":"","footer-sml-layout":"","theme-transparent-header-meta":"","adv-header-id-meta":"","stick-header-meta":"","header-above-stick-meta":"","header-main-stick-meta":"","header-below-stick-meta":"","astra-migrate-meta-layouts":"default","ast-page-background-enabled":"default","ast-page-background-meta":{"desktop":{"background-color":"var(--ast-global-color-4)","background-image":"","background-repeat":"repeat","background-position":"center center","background-size":"auto","background-attachment":"scroll","background-type":"","background-media":"","overlay-type":"","overlay-color":"","overlay-gradient":""},"tablet":{"background-color":"","background-image":"","background-repeat":"repeat","background-position":"center center","background-size":"auto","background-attachment":"scroll","background-type":"","background-media":"","overlay-type":"","overlay-color":"","overlay-gradient":""},"mobile":{"background-color":"","background-image":"","background-repeat":"repeat","background-position":"center center","background-size":"auto","background-attachment":"scroll","background-type":"","background-media":"","overlay-type":"","overlay-color":"","overlay-gradient":""}},"ast-content-background-meta":{"desktop":{"background-color":"var(--ast-global-color-5)","background-image":"","background-repeat":"repeat","background-position":"center center","background-size":"auto","background-attachment":"scroll","background-type":"","background-media":"","overlay-type":"","overlay-color":"","overlay-gradient":""},"tablet":{"background-color":"var(--ast-global-color-5)","background-image":"","background-repeat":"repeat","background-position":"center center","background-size":"auto","background-attachment":"scroll","background-type":"","background-media":"","overlay-type":"","overlay-color":"","overlay-gradient":""},"mobile":{"background-color":"var(--ast-global-color-5)","background-image":"","background-repeat":"repeat","background-position":"center center","background-size":"auto","background-attachment":"scroll","background-type":"","background-media":"","overlay-type":"","overlay-color":"","overlay-gradient":""}},"footnotes":""},"categories":[6],"tags":[],"_links":{"self":[{"href":"https:\/\/www.respublica.org.al\/web\/index.php?rest_route=\/wp\/v2\/posts\/1607"}],"collection":[{"href":"https:\/\/www.respublica.org.al\/web\/index.php?rest_route=\/wp\/v2\/posts"}],"about":[{"href":"https:\/\/www.respublica.org.al\/web\/index.php?rest_route=\/wp\/v2\/types\/post"}],"author":[{"embeddable":true,"href":"https:\/\/www.respublica.org.al\/web\/index.php?rest_route=\/wp\/v2\/users\/2"}],"replies":[{"embeddable":true,"href":"https:\/\/www.respublica.org.al\/web\/index.php?rest_route=%2Fwp%2Fv2%2Fcomments&post=1607"}],"version-history":[{"count":2,"href":"https:\/\/www.respublica.org.al\/web\/index.php?rest_route=\/wp\/v2\/posts\/1607\/revisions"}],"predecessor-version":[{"id":1610,"href":"https:\/\/www.respublica.org.al\/web\/index.php?rest_route=\/wp\/v2\/posts\/1607\/revisions\/1610"}],"wp:featuredmedia":[{"embeddable":true,"href":"https:\/\/www.respublica.org.al\/web\/index.php?rest_route=\/wp\/v2\/media\/1608"}],"wp:attachment":[{"href":"https:\/\/www.respublica.org.al\/web\/index.php?rest_route=%2Fwp%2Fv2%2Fmedia&parent=1607"}],"wp:term":[{"taxonomy":"category","embeddable":true,"href":"https:\/\/www.respublica.org.al\/web\/index.php?rest_route=%2Fwp%2Fv2%2Fcategories&post=1607"},{"taxonomy":"post_tag","embeddable":true,"href":"https:\/\/www.respublica.org.al\/web\/index.php?rest_route=%2Fwp%2Fv2%2Ftags&post=1607"}],"curies":[{"name":"wp","href":"https:\/\/api.w.org\/{rel}","templated":true}]}}