{"id":1628,"date":"2017-12-04T12:14:32","date_gmt":"2017-12-04T11:14:32","guid":{"rendered":"http:\/\/www.respublica.org.al\/?p=1628"},"modified":"2017-12-04T12:14:32","modified_gmt":"2017-12-04T11:14:32","slug":"informimi-publik-pergjegjesi-e-koordinatorit-por-prone-e-titullarit-te-institucionit","status":"publish","type":"post","link":"https:\/\/www.respublica.org.al\/web\/?p=1628","title":{"rendered":"Informimi publik p\u00ebrgjegj\u00ebsi e koordinatorit, por \u201cpron\u00eb\u201d e titullarit t\u00eb institucionit"},"content":{"rendered":"<p><strong><a href=\"http:\/\/www.respublica.org.al\/informimi-publik-pergjegjesi-e-koordinatorit-por-prone-e-titullarit-te-institucionit\/stock-photo-stop-excuses-tell-the-truth-take-responsibility-and-have-no-regrets-being-responsible-and-taking-518913394\/\" rel=\"attachment wp-att-1629\"><img fetchpriority=\"high\" decoding=\"async\" class=\"alignleft size-medium wp-image-1629\" src=\"http:\/\/www.respublica.org.al\/wp-content\/uploads\/2017\/12\/stock-photo-stop-excuses-tell-the-truth-take-responsibility-and-have-no-regrets-being-responsible-and-taking-518913394-300x267.jpg\" alt=\"stock-photo-stop-excuses-tell-the-truth-take-responsibility-and-have-no-regrets-being-responsible-and-taking-518913394\" width=\"300\" height=\"267\" srcset=\"https:\/\/www.respublica.org.al\/web\/wp-content\/uploads\/2017\/12\/stock-photo-stop-excuses-tell-the-truth-take-responsibility-and-have-no-regrets-being-responsible-and-taking-518913394-300x267.jpg 300w, https:\/\/www.respublica.org.al\/web\/wp-content\/uploads\/2017\/12\/stock-photo-stop-excuses-tell-the-truth-take-responsibility-and-have-no-regrets-being-responsible-and-taking-518913394.jpg 450w\" sizes=\"(max-width: 300px) 100vw, 300px\" \/><\/a>P\u00ebrgjegj\u00ebsia ligjore p\u00ebr mosdh\u00ebnien e informacionit publik i takon vet\u00ebm koordinator\u00ebve t\u00eb s\u00eb drejt\u00ebs p\u00ebr informim, nd\u00ebrsa pengesa reale vjen nga titullar\u00ebt<\/strong><\/p>\n<p>Qendra Res Publica monitoroi nivelin e transparenc\u00ebs t\u00eb institucioneve publike p\u00ebr periudh\u00ebn Shtator 2016 &#8211; Qershor 2017, me mb\u00ebshtetjen e Granteve t\u00eb Vogla t\u00eb Komisionit p\u00ebr Demokraci pran\u00eb Ambasad\u00ebs s\u00eb SHBA n\u00eb Tiran\u00eb. Q\u00ebllimi i k\u00ebtij studimi ishte vler\u00ebsimi se si institucionet publike zbatojn\u00eb ligjin p\u00ebr t\u00eb drejt\u00ebn e informimit.<\/p>\n<p>Nj\u00eb detaj i r\u00ebnd\u00ebsish\u00ebm i konstatuar gjat\u00eb monitorimit, ishte p\u00ebrmir\u00ebsimi i menj\u00ebhersh\u00ebm i transparenc\u00ebs s\u00eb disa ministrive, n\u00eb momentin e ndryshimit t\u00eb titullarit. M\u00eb konkretisht u vu re se transparenca e Ministris\u00eb s\u00eb Pun\u00ebve t\u00eb Brendshme u p\u00ebrmir\u00ebsua ndjesh\u00ebm nd\u00ebrmjet muajve Shkurt \u2013 Mars 2016, koh\u00eb kur Sajmir Tahiri u z\u00ebvend\u00ebsua nga Fatmir Xhafa. Po k\u00ebshtu ndodhi edhe kur n\u00eb Ministrin\u00eb e Mir\u00ebqenies Sociale dhe Rinis\u00eb ministrja e re Olta Xhacka z\u00ebvend\u00ebsoi Blendi Klosin, n\u00eb Ministrin\u00eb e Ekonomis\u00eb ndikoi ministrja e re Milva Ekonomi, si dhe n\u00eb Ministrin\u00eb e Integrimit Evropian largimi i Klajda Gjosh\u00ebs dhe ardhja n\u00eb k\u00ebt\u00eb detyr\u00eb e z\u00ebvend\u00ebses s\u00eb saj Eralda Cani u pasua me rritjen e indeksit t\u00eb transparenc\u00ebs s\u00eb k\u00ebsaj ministrie. K\u00ebto fakte sugjerojn\u00eb se titullari i nj\u00eb autoriteti publik ka r\u00ebnd\u00ebsi par\u00ebsore p\u00ebr transparenc\u00ebn, m\u00eb \u00a0vendimtare se r\u00ebnd\u00ebsia e koordinatorit p\u00ebr t\u00eb drejt\u00ebn e informimit, nd\u00ebrkoh\u00eb q\u00eb ky i fundit, nj\u00eb funksionar i thjesht\u00eb, \u00ebsht\u00eb i vetmi p\u00ebrgjegj\u00ebs para ligjit n\u00eb rast t\u00eb shkeljes s\u00eb tij.<\/p>\n<p>Ngarkimi nga ligji me p\u00ebrgjegj\u00ebsi ligjore vet\u00ebm t\u00eb koordinatorit, \u00ebsht\u00eb edhe nj\u00eb prej arsyeve q\u00eb referohet nga Komisioneri p\u00ebr t\u00eb Drejt\u00ebn e Informimit si penges\u00eb p\u00ebr v\u00ebnien e gjobave ndaj tyre, pasi shpesh her\u00eb nga hetimet administrative t\u00eb Komisionerit ka rezultuar se koordinatori ka b\u00ebr\u00eb p\u00ebrpjekjet e tij, por kan\u00eb qen\u00eb strukturat e tjera mbajt\u00ebse t\u00eb informacionit q\u00eb nuk kan\u00eb bashk\u00ebpunuar, dhe k\u00ebto t\u00eb fundit nuk jan\u00eb subjekt i ndwshkimeve administrative.<\/p>\n<p>Duket se ligjv\u00ebn\u00ebsi nuk ka vler\u00ebsuar si\u00e7 duhet natyr\u00ebn e detyr\u00ebs s\u00eb koordinatorit dhe kufizimet e kompetencave t\u00eb tij, t\u00eb cilat limitohen vet\u00ebm n\u00eb koordinimin dhe transmetimin e k\u00ebrkesave p\u00ebr informacion nga qytetari te struktura p\u00ebrkat\u00ebse e institucionit. K\u00ebto t\u00eb fundit, t\u00eb cilat jan\u00eb burimi real i informacionit dhe mund t\u00eb (pa)mund\u00ebsojn\u00eb dh\u00ebnien e tij, me ose pa urdh\u00ebr verbal t\u00eb titullarit, do t\u00eb duhej t\u00eb mbanin p\u00ebrgjegj\u00ebsi direkte p\u00ebr mos respektimin e ligjit. Koordinatori nuk ka asnj\u00eb mund\u00ebsi praktike dhe as lidhje var\u00ebsie me k\u00ebto struktura p\u00ebr t\u2019i detyruar ato t\u00eb japin informacionin n\u00eb rast t\u00eb mos veprimit t\u00eb tyre. I vetmi q\u00eb e ka k\u00ebt\u00eb mund\u00ebsi \u00ebsht\u00eb titullari i institucionit, n\u00ebn var\u00ebsin\u00eb e t\u00eb cilit jan\u00eb k\u00ebto struktura, ndaj ky i fundit, n\u00eb rast se nuk evidentohen t\u00eb tjer\u00eb p\u00ebrgjegj\u00ebs posht\u00eb tij, duhet t\u00eb jet\u00eb p\u00ebrgjegj\u00ebsi kryesor n\u00eb rast t\u00eb d\u00ebshtimit t\u00eb institucionit n\u00eb b\u00ebrjen e transparenc\u00ebs dhe informimit publik.<\/p>\n<p>Shpresojm\u00eb q\u00eb d\u00ebshtimi n\u00eb praktik\u00eb i aplikimit t\u00eb sanksioneve p\u00ebr koordinator\u00ebt n\u00eb rastet eventuale dhe mungesa e rritjes s\u00eb p\u00ebrgjegjshm\u00ebris\u00eb n\u00eb respektimin e informimit publik, t\u00eb vlej\u00eb p\u00ebr t\u00eb propozuar nisma ligjore me q\u00ebllim p\u00ebrmir\u00ebsimin e ligjit n\u00eb k\u00ebt\u00eb aspekt, sipas parimit kush pengon transparenc\u00ebn, duhet t\u00eb ket\u00eb edhe p\u00ebrgjegj\u00ebsi personale para ligjit.<\/p>\n","protected":false},"excerpt":{"rendered":"<p>P\u00ebrgjegj\u00ebsia ligjore p\u00ebr mosdh\u00ebnien e informacionit publik i takon vet\u00ebm koordinator\u00ebve t\u00eb s\u00eb drejt\u00ebs p\u00ebr informim, nd\u00ebrsa pengesa reale vjen [&hellip;]<\/p>\n","protected":false},"author":2,"featured_media":1629,"comment_status":"open","ping_status":"open","sticky":false,"template":"","format":"standard","meta":{"site-sidebar-layout":"default","site-content-layout":"","ast-site-content-layout":"","site-content-style":"default","site-sidebar-style":"default","ast-global-header-display":"","ast-banner-title-visibility":"","ast-main-header-display":"","ast-hfb-above-header-display":"","ast-hfb-below-header-display":"","ast-hfb-mobile-header-display":"","site-post-title":"","ast-breadcrumbs-content":"","ast-featured-img":"","footer-sml-layout":"","theme-transparent-header-meta":"","adv-header-id-meta":"","stick-header-meta":"","header-above-stick-meta":"","header-main-stick-meta":"","header-below-stick-meta":"","astra-migrate-meta-layouts":"default","ast-page-background-enabled":"default","ast-page-background-meta":{"desktop":{"background-color":"var(--ast-global-color-4)","background-image":"","background-repeat":"repeat","background-position":"center center","background-size":"auto","background-attachment":"scroll","background-type":"","background-media":"","overlay-type":"","overlay-color":"","overlay-gradient":""},"tablet":{"background-color":"","background-image":"","background-repeat":"repeat","background-position":"center center","background-size":"auto","background-attachment":"scroll","background-type":"","background-media":"","overlay-type":"","overlay-color":"","overlay-gradient":""},"mobile":{"background-color":"","background-image":"","background-repeat":"repeat","background-position":"center center","background-size":"auto","background-attachment":"scroll","background-type":"","background-media":"","overlay-type":"","overlay-color":"","overlay-gradient":""}},"ast-content-background-meta":{"desktop":{"background-color":"var(--ast-global-color-5)","background-image":"","background-repeat":"repeat","background-position":"center center","background-size":"auto","background-attachment":"scroll","background-type":"","background-media":"","overlay-type":"","overlay-color":"","overlay-gradient":""},"tablet":{"background-color":"var(--ast-global-color-5)","background-image":"","background-repeat":"repeat","background-position":"center center","background-size":"auto","background-attachment":"scroll","background-type":"","background-media":"","overlay-type":"","overlay-color":"","overlay-gradient":""},"mobile":{"background-color":"var(--ast-global-color-5)","background-image":"","background-repeat":"repeat","background-position":"center center","background-size":"auto","background-attachment":"scroll","background-type":"","background-media":"","overlay-type":"","overlay-color":"","overlay-gradient":""}},"footnotes":""},"categories":[6,5],"tags":[],"_links":{"self":[{"href":"https:\/\/www.respublica.org.al\/web\/index.php?rest_route=\/wp\/v2\/posts\/1628"}],"collection":[{"href":"https:\/\/www.respublica.org.al\/web\/index.php?rest_route=\/wp\/v2\/posts"}],"about":[{"href":"https:\/\/www.respublica.org.al\/web\/index.php?rest_route=\/wp\/v2\/types\/post"}],"author":[{"embeddable":true,"href":"https:\/\/www.respublica.org.al\/web\/index.php?rest_route=\/wp\/v2\/users\/2"}],"replies":[{"embeddable":true,"href":"https:\/\/www.respublica.org.al\/web\/index.php?rest_route=%2Fwp%2Fv2%2Fcomments&post=1628"}],"version-history":[{"count":2,"href":"https:\/\/www.respublica.org.al\/web\/index.php?rest_route=\/wp\/v2\/posts\/1628\/revisions"}],"predecessor-version":[{"id":1631,"href":"https:\/\/www.respublica.org.al\/web\/index.php?rest_route=\/wp\/v2\/posts\/1628\/revisions\/1631"}],"wp:featuredmedia":[{"embeddable":true,"href":"https:\/\/www.respublica.org.al\/web\/index.php?rest_route=\/wp\/v2\/media\/1629"}],"wp:attachment":[{"href":"https:\/\/www.respublica.org.al\/web\/index.php?rest_route=%2Fwp%2Fv2%2Fmedia&parent=1628"}],"wp:term":[{"taxonomy":"category","embeddable":true,"href":"https:\/\/www.respublica.org.al\/web\/index.php?rest_route=%2Fwp%2Fv2%2Fcategories&post=1628"},{"taxonomy":"post_tag","embeddable":true,"href":"https:\/\/www.respublica.org.al\/web\/index.php?rest_route=%2Fwp%2Fv2%2Ftags&post=1628"}],"curies":[{"name":"wp","href":"https:\/\/api.w.org\/{rel}","templated":true}]}}