{"id":1636,"date":"2017-12-05T15:38:12","date_gmt":"2017-12-05T14:38:12","guid":{"rendered":"http:\/\/www.respublica.org.al\/?p=1636"},"modified":"2017-12-05T15:42:23","modified_gmt":"2017-12-05T14:42:23","slug":"fitorja-e-gazetarit-artan-rama-triumf-i-guximit-ndaj-frikes","status":"publish","type":"post","link":"https:\/\/www.respublica.org.al\/web\/?p=1636","title":{"rendered":"Fitorja e gazetarit Artan Rama, triumf i guximit ndaj frik\u00ebs"},"content":{"rendered":"<p><strong><a href=\"http:\/\/www.respublica.org.al\/fitorja-e-gazetarit-artan-rama-triumf-i-guximit-ndaj-frikes\/beteja-per-lirine-e-shprehjes-2\/\" rel=\"attachment wp-att-1638\"><img fetchpriority=\"high\" decoding=\"async\" class=\"alignleft size-full wp-image-1638\" src=\"http:\/\/www.respublica.org.al\/wp-content\/uploads\/2017\/12\/beteja-per-lirine-e-shprehjes-2.jpg\" alt=\"beteja per lirine e shprehjes 2\" width=\"447\" height=\"321\" srcset=\"https:\/\/www.respublica.org.al\/web\/wp-content\/uploads\/2017\/12\/beteja-per-lirine-e-shprehjes-2.jpg 894w, https:\/\/www.respublica.org.al\/web\/wp-content\/uploads\/2017\/12\/beteja-per-lirine-e-shprehjes-2-300x216.jpg 300w, https:\/\/www.respublica.org.al\/web\/wp-content\/uploads\/2017\/12\/beteja-per-lirine-e-shprehjes-2-768x552.jpg 768w, https:\/\/www.respublica.org.al\/web\/wp-content\/uploads\/2017\/12\/beteja-per-lirine-e-shprehjes-2-800x575.jpg 800w\" sizes=\"(max-width: 447px) 100vw, 447px\" \/><\/a>Nj\u00eb tjet\u00ebr padi e fituar n\u00eb Gjykat\u00eb, p\u00ebrfaq\u00ebsuar nga Qendra Res Publica, n\u00eb favor t\u00eb liris\u00eb s\u00eb shprehjes.<\/strong><\/p>\n<p>N\u00eb n\u00ebntor t\u00eb vitit t\u00eb kaluar, shoq\u00ebria tregtare Edil Al It shpk, e njohur p\u00ebr aktivitet tregtar n\u00eb fush\u00ebn e nd\u00ebrtimeve, me ortak\u00ebt e saj pronar\u00eb t\u00eb medias Vizion Plus, paditi gazetarin Artan Rama p\u00ebr cenim imazhi, pas nj\u00eb shkrimi investigativ t\u00eb k\u00ebtij t\u00eb fundit.<\/p>\n<p>M\u00eb par\u00eb, kjo shoq\u00ebri kishte fituar nj\u00eb tender t\u00eb shpallur nga Ministria e Kultur\u00ebs me vler\u00eb afro 10 miliard lek\u00ebsh p\u00ebr rehabilitimin e sall\u00ebs s\u00eb Teatrit Komb\u00ebtar, sipas gazetarit t\u00eb paditur, n\u00eb kushtet e konfliktit t\u00eb interesit, pasi i shoqi i Ministres Kumbaro \u00ebsht\u00eb nj\u00eb prej gazetar\u00ebve t\u00eb mir\u00eb paguar t\u00eb televizionit \u00a0Vizion Plus. \u00a0Sipas artikullit, kjo kompani nuk kishte pasur eksperienc\u00eb t\u00eb m\u00ebparshme n\u00eb k\u00ebt\u00eb fush\u00eb, si dhe disa parregullsi t\u00eb tjera ishin gjithashtu objekt i shkrimit investigativ t\u00eb gazetarit Rama.<\/p>\n<p>Sipas padit\u00ebsit, EDIL AL, me k\u00ebt\u00eb artikull, gazetari i kishte shkaktuar kompanis\u00eb tender fituese nj\u00eb d\u00ebm prej 150 milion lek\u00ebsh, nga cenimi i imazhit.<\/p>\n<p>\u00c7\u00ebshtja u p\u00ebrfaq\u00ebsua n\u00eb gjykat\u00eb nga avokati Dorian Matlija, Dretor Ekzekutiv i Qendr\u00ebs Res Publika dhe avokate Irena Dule,t\u00eb cil\u00ebt paraqit\u00ebn para gjykat\u00ebs, motivin e gazetarit, i cili investigoi p\u00ebr nj\u00eb fenomen t\u00eb njohur dhe me r\u00ebnd\u00ebsi p\u00ebr publikun, q\u00eb \u00ebsht\u00eb p\u00ebrfitimi i fondeve publike nga kompani t\u00eb lidhura me mediat q\u00eb ndikojn\u00eb m\u00eb pas n\u00eb vet\u00ebcensur\u00ebn e tyre dhe q\u00eb n\u00eb kontekstin shqiptar ushqehet nga lidhja e pushtetit politik me pushtetin ekonomik t\u00eb pronar\u00ebve t\u00eb medias. Gjithashtu avokat\u00ebt soll\u00ebn n\u00eb v\u00ebmendje t\u00eb gjykat\u00ebs praktik\u00ebn e Gjykat\u00ebs s\u00eb Strasburgut \u00a0duke theksuar r\u00ebnd\u00ebsin\u00eb e ndarjes s\u00eb fakteve nga opinionet e gazetarit, ku k\u00ebto t\u00eb fundit g\u00ebzojn\u00eb nj\u00eb liri t\u00eb gjer\u00eb.<\/p>\n<p>K\u00ebto s\u00eb bashku me prova t\u00eb tjera, t\u00eb marra nga Gjykata, e cila hetoi n\u00eb m\u00ebnyr\u00eb t\u00eb thelluar mbi procedur\u00ebn e tenderit, duke b\u00ebr\u00eb pal\u00eb t\u00eb procesit edhe Ministrin\u00eb e Kultur\u00ebs dhe Drejtorin\u00eb e Tatimeve Tiran\u00eb, i krijuan bindjen gjyqtares s\u00eb c\u00ebshtjes Antonela Prendi, se padia duhej rr\u00ebzuar dhe dha nj\u00eb vendim pozitiv p\u00ebr gazetarin n\u00eb p\u00ebrfundim t\u00eb gjykimit.<\/p>\n<p>Ky vendim i Gjykat\u00ebs \u00ebsht\u00eb jo vet\u00ebm certifikim i mosp\u00ebrmbajtjes s\u00eb shpifjeve n\u00eb artikull, por edhe nj\u00eb praktik\u00eb e mir\u00eb gjyq\u00ebsore dhe inkurajuese p\u00ebr t\u00eb gjith\u00eb gazetar\u00ebt investigativ\u00eb, t\u00eb cil\u00ebt kan\u00eb p\u00ebr q\u00ebllim informimin e publikut p\u00ebr \u00e7\u00ebshtje sensitive, q\u00eb lidhen me (keq) p\u00ebrdorimin e fondeve publike.<\/p>\n<p>Padi t\u00eb tjera q\u00eb po gjykohen nga gjykata e Tiran\u00ebs, pjes\u00eb e t\u00eb cilave p\u00ebrfaq\u00ebsohen nga Qendra Res Publika, (si Gjin Gjoni kund\u00ebr BIRN) me objekt shkrime t\u00eb gazetaris\u00eb investigative, pritet t\u00eb p\u00ebrfundojn\u00eb me shpres\u00ebn q\u00eb e nj\u00ebjta logjik\u00eb do t\u00eb ndiqet edhe nga gjyqtar\u00ebt e k\u00ebtyre \u00e7\u00ebshtjeve.<\/p>\n<p>Liria e shprehjes n\u00eb Shqip\u00ebri has n\u00eb pengesa t\u00eb shumta p\u00ebr shkak t\u00eb vet\u00ebcensur\u00ebs, q\u00eb ushqehet nga shum\u00eb faktor\u00eb, por edhe nga padi t\u00eb k\u00ebsaj natyre, ku \u201ct\u00eb prekurit\u201d, n\u00eb p\u00ebrgjith\u00ebsi njer\u00ebz me influenc\u00eb, k\u00ebrkojn\u00eb mes padive n\u00eb gjykat\u00eb shuma t\u00eb kripura me pretendimin e cenimit t\u00eb imazhit, t\u00eb cilin nuk kujdesen ta ruajn\u00eb me t\u00eb nj\u00ebjtin fanatiz\u00ebm, gjat\u00eb veprimtaris\u00eb s\u00eb tyre. Ndaj fitoret n\u00eb Gjykat\u00eb ndaj k\u00ebtyre padive i japin krah\u00eb liris\u00eb s\u00eb shprehjes dhe p\u00ebr k\u00ebt\u00eb arsye jan\u00eb jo thjesht fitore personale t\u00eb gazetar\u00ebve t\u00eb paditur, por zem\u00ebr dh\u00ebn\u00ebse e gazetar\u00ebve t\u00eb tjer\u00eb dhe ushqim p\u00ebr t\u00eb gjith\u00eb opinionin publik, q\u00eb p\u00ebrfiton nga liria e shprehjes.<\/p>\n","protected":false},"excerpt":{"rendered":"<p>Nj\u00eb tjet\u00ebr padi e fituar n\u00eb Gjykat\u00eb, p\u00ebrfaq\u00ebsuar nga Qendra Res Publica, n\u00eb favor t\u00eb liris\u00eb s\u00eb shprehjes. N\u00eb n\u00ebntor [&hellip;]<\/p>\n","protected":false},"author":2,"featured_media":1638,"comment_status":"open","ping_status":"open","sticky":false,"template":"","format":"standard","meta":{"site-sidebar-layout":"default","site-content-layout":"","ast-site-content-layout":"","site-content-style":"default","site-sidebar-style":"default","ast-global-header-display":"","ast-banner-title-visibility":"","ast-main-header-display":"","ast-hfb-above-header-display":"","ast-hfb-below-header-display":"","ast-hfb-mobile-header-display":"","site-post-title":"","ast-breadcrumbs-content":"","ast-featured-img":"","footer-sml-layout":"","theme-transparent-header-meta":"","adv-header-id-meta":"","stick-header-meta":"","header-above-stick-meta":"","header-main-stick-meta":"","header-below-stick-meta":"","astra-migrate-meta-layouts":"default","ast-page-background-enabled":"default","ast-page-background-meta":{"desktop":{"background-color":"var(--ast-global-color-4)","background-image":"","background-repeat":"repeat","background-position":"center center","background-size":"auto","background-attachment":"scroll","background-type":"","background-media":"","overlay-type":"","overlay-color":"","overlay-gradient":""},"tablet":{"background-color":"","background-image":"","background-repeat":"repeat","background-position":"center center","background-size":"auto","background-attachment":"scroll","background-type":"","background-media":"","overlay-type":"","overlay-color":"","overlay-gradient":""},"mobile":{"background-color":"","background-image":"","background-repeat":"repeat","background-position":"center center","background-size":"auto","background-attachment":"scroll","background-type":"","background-media":"","overlay-type":"","overlay-color":"","overlay-gradient":""}},"ast-content-background-meta":{"desktop":{"background-color":"var(--ast-global-color-5)","background-image":"","background-repeat":"repeat","background-position":"center center","background-size":"auto","background-attachment":"scroll","background-type":"","background-media":"","overlay-type":"","overlay-color":"","overlay-gradient":""},"tablet":{"background-color":"var(--ast-global-color-5)","background-image":"","background-repeat":"repeat","background-position":"center center","background-size":"auto","background-attachment":"scroll","background-type":"","background-media":"","overlay-type":"","overlay-color":"","overlay-gradient":""},"mobile":{"background-color":"var(--ast-global-color-5)","background-image":"","background-repeat":"repeat","background-position":"center center","background-size":"auto","background-attachment":"scroll","background-type":"","background-media":"","overlay-type":"","overlay-color":"","overlay-gradient":""}},"footnotes":""},"categories":[6,5,3],"tags":[],"_links":{"self":[{"href":"https:\/\/www.respublica.org.al\/web\/index.php?rest_route=\/wp\/v2\/posts\/1636"}],"collection":[{"href":"https:\/\/www.respublica.org.al\/web\/index.php?rest_route=\/wp\/v2\/posts"}],"about":[{"href":"https:\/\/www.respublica.org.al\/web\/index.php?rest_route=\/wp\/v2\/types\/post"}],"author":[{"embeddable":true,"href":"https:\/\/www.respublica.org.al\/web\/index.php?rest_route=\/wp\/v2\/users\/2"}],"replies":[{"embeddable":true,"href":"https:\/\/www.respublica.org.al\/web\/index.php?rest_route=%2Fwp%2Fv2%2Fcomments&post=1636"}],"version-history":[{"count":6,"href":"https:\/\/www.respublica.org.al\/web\/index.php?rest_route=\/wp\/v2\/posts\/1636\/revisions"}],"predecessor-version":[{"id":1644,"href":"https:\/\/www.respublica.org.al\/web\/index.php?rest_route=\/wp\/v2\/posts\/1636\/revisions\/1644"}],"wp:featuredmedia":[{"embeddable":true,"href":"https:\/\/www.respublica.org.al\/web\/index.php?rest_route=\/wp\/v2\/media\/1638"}],"wp:attachment":[{"href":"https:\/\/www.respublica.org.al\/web\/index.php?rest_route=%2Fwp%2Fv2%2Fmedia&parent=1636"}],"wp:term":[{"taxonomy":"category","embeddable":true,"href":"https:\/\/www.respublica.org.al\/web\/index.php?rest_route=%2Fwp%2Fv2%2Fcategories&post=1636"},{"taxonomy":"post_tag","embeddable":true,"href":"https:\/\/www.respublica.org.al\/web\/index.php?rest_route=%2Fwp%2Fv2%2Ftags&post=1636"}],"curies":[{"name":"wp","href":"https:\/\/api.w.org\/{rel}","templated":true}]}}