{"id":1652,"date":"2018-07-16T14:50:27","date_gmt":"2018-07-16T12:50:27","guid":{"rendered":"http:\/\/www.respublica.org.al\/?p=1652"},"modified":"2018-07-19T12:34:30","modified_gmt":"2018-07-19T10:34:30","slug":"kur-zelli-mediatik-nuk-mjafton-per-te-bere-transparence","status":"publish","type":"post","link":"https:\/\/www.respublica.org.al\/web\/?p=1652","title":{"rendered":"KUR ZELLI MEDIATIK NUK MJAFTON P\u00cbR T\u00cb B\u00cbR\u00cb TRANSPARENC\u00cb"},"content":{"rendered":"<p><strong><a href=\"http:\/\/www.respublica.org.al\/ministri-qe-ka-zell-per-te-treguar-sikur-ka-vullnet\/fact-or-fake-how-to-fact-check-online-articles\/\" rel=\"attachment wp-att-1653\"><img fetchpriority=\"high\" decoding=\"async\" class=\"alignleft size-medium wp-image-1653\" src=\"http:\/\/www.respublica.org.al\/wp-content\/uploads\/2018\/07\/Fact-Or-Fake-How-To-Fact-Check-Online-Articles-300x200.jpg\" alt=\"Fact-Or-Fake-How-To-Fact-Check-Online-Articles\" width=\"300\" height=\"200\" srcset=\"https:\/\/www.respublica.org.al\/web\/wp-content\/uploads\/2018\/07\/Fact-Or-Fake-How-To-Fact-Check-Online-Articles-300x200.jpg 300w, https:\/\/www.respublica.org.al\/web\/wp-content\/uploads\/2018\/07\/Fact-Or-Fake-How-To-Fact-Check-Online-Articles-768x512.jpg 768w, https:\/\/www.respublica.org.al\/web\/wp-content\/uploads\/2018\/07\/Fact-Or-Fake-How-To-Fact-Check-Online-Articles-800x534.jpg 800w, https:\/\/www.respublica.org.al\/web\/wp-content\/uploads\/2018\/07\/Fact-Or-Fake-How-To-Fact-Check-Online-Articles.jpg 1000w\" sizes=\"(max-width: 300px) 100vw, 300px\" \/><\/a>Ministri i Mjedisit u b\u00ebn thirrje publike organizatave mjedisore q\u00eb t\u00eb k\u00ebrkojn\u00eb transparenc\u00eb, por nga ana tjet\u00ebr i l\u00eb ato n\u00eb terr<\/strong><\/p>\n<p>&nbsp;<\/p>\n<p>Koh\u00ebt e fundit \u00ebsht\u00eb d\u00ebgjuar Ministri i Mjedisit t\u2019i b\u00ebj\u00eb thirrje shoqatave dhe qytetar\u00ebve p\u00ebr t\u00eb qen\u00eb aktiv\u00eb dhe kritik\u00eb me veprimtarin\u00eb e Ministris\u00eb s\u00eb vet. N\u00eb pamje t\u00eb par\u00eb t\u00eb krijohet ideja q\u00eb shoqatat nuk jan\u00eb aktive dhe se Ministri e sheh si problem k\u00ebt\u00eb nd\u00ebrkoh\u00eb q\u00eb ka nevoj\u00eb p\u00ebr oponenc\u00eb dhe kjo nuk po ndodh. Por kur pyesim shoqatat dhe ekspert\u00ebt e mjedisit, ata ankohen p\u00ebr munges\u00eb t\u00eb transparenc\u00ebs s\u00eb veprimtaris\u00eb me ndikim n\u00eb mjedis, q\u00eb duhet th\u00ebn\u00eb \u00ebsht\u00eb shtuar shum\u00eb koh\u00ebt e fundit. Ministri ka akses n\u00eb media, por shoqatat nuk kan\u00eb dhe shija q\u00eb mbetet n\u00eb publik \u00ebsht\u00eb q\u00eb Ministri po lutet nd\u00ebrsa shoqatat p\u00ebrtojn\u00eb t\u2019i p\u00ebrgjigjen k\u00ebsaj lutjeje.<\/p>\n<p>Mir\u00ebpo, si qendron e v\u00ebrteta? Shoqatat ankohen se ka nj\u00eb munges\u00eb t\u00eb theksuar t\u00eb transparenc\u00ebs, munges\u00eb t\u00eb d\u00ebgjesave publike, t\u00eb cilat edhe kur b\u00ebhen jan\u00eb formaliste dhe mbeten n\u00eb nivelin e spektaklit. Natyrisht, shoqatat dhe ekspert\u00ebt, n\u00ebse nuk kan\u00eb informacion mbi projektet me impakt n\u00eb mjedis, nuk kan\u00eb se \u00e7far\u00eb t\u00eb debatojn\u00eb n\u00eb tryezat e projekteve.<\/p>\n<p>Duke e konsideruar t\u00eb nj\u00eb r\u00ebnd\u00ebsie par\u00ebsore informimin dhe konsultimin n\u00eb \u00e7\u00ebshtjet mjedisore dhe p\u00ebr t\u00eb mos mbetur n\u00eb perceptime dhe raportime indirekte, Res Publica kreu nj\u00eb hulumtim me fokus, transparenc\u00ebn e institucioneve publike m\u00eb kryesore, p\u00ebrgjegj\u00ebse p\u00ebr mbrojtjen e mjedisit, konkretisht t\u00eb Agjencis\u00eb Komb\u00ebtare t\u00eb Mjedisit dhe Ministris\u00eb s\u00eb Mjedisit.<\/p>\n<p>Fillimisht u konsultuam me faqet e internetit t\u00eb Agjencis\u00eb Komb\u00ebtare t\u00eb Mjedisit dhe Ministris\u00eb s\u00eb Mjedisit, nga ku rezultoi se asnj\u00eb nga k\u00ebto institucione nuk informonin publikun mes faqeve t\u00eb tyre online p\u00ebr \u00e7\u00ebshtje mjedisore, gj\u00eb t\u00eb cil\u00ebn e kan\u00eb detyrim ligjor, sidomos p\u00ebr Deklaratat Mjedisore, Vler\u00ebsimet e Ndikimit n\u00eb Mjedis dhe Vler\u00ebsimet Strategjike Mjedisore, etj.<\/p>\n<p>N\u00eb k\u00ebt\u00eb situat\u00eb, iu drejtuam me nj\u00eb k\u00ebrkes\u00eb Agjencis\u00eb s\u00eb Mbrojtjes s\u00eb Mjedisit p\u00ebr t\u2019i kujtuar asaj detyrimin p\u00ebr b\u00ebrjen publike t\u00eb k\u00ebtyre informacioneve. Nj\u00ebkoh\u00ebsisht t\u00eb nj\u00ebjtin shqet\u00ebsim e ndam\u00eb p\u00ebrmes nj\u00eb shkrese me deputet\u00ebt q\u00eb jan\u00eb an\u00ebtar\u00eb t\u00eb Komisionit t\u00eb Veprimtarive Prodhuese, Tregtis\u00eb dhe Mjedisit, pran\u00eb Kuvendit t\u00eb Shqip\u00ebris\u00eb.<\/p>\n<p>Autoritetet m\u00eb sip\u00ebr nuk i kthyen asnj\u00eb p\u00ebrgjigje shqet\u00ebsimit t\u00eb shprehur.<\/p>\n<p>N\u00eb vijim iu drejtuam edhe Ministrit t\u00eb Mjedisit, t\u00eb cilit p\u00ebrve\u00e7 shqet\u00ebsimit p\u00ebr k\u00ebt\u00eb situat\u00eb, i k\u00ebrkuam t\u00eb p\u00ebrdorte autoritetin p\u00ebr t\u00eb siguruar publikimin e informacioneve. N\u00eb k\u00ebt\u00eb rast Ministri ka detyr\u00ebn q\u00eb p\u00ebrve\u00e7se si organ politik, t\u00eb trajtonte \u00e7\u00ebshtjen edhe si organ administrativ, i ngarkuar posa\u00e7\u00ebrisht nga VKM, p\u00ebr t\u00eb trajtuar ankimimet lidhur me munges\u00ebn e informimit si nga ana e Agjencis\u00eb s\u00eb Mjedisit dhe Ministris\u00eb s\u00eb Mjedisit.<\/p>\n<p>P\u00ebrball\u00eb k\u00ebtij shqet\u00ebsimi dhe k\u00ebrkese konkrete, reagimi i Ministrit t\u00eb Mjedisit ishte befasues. N\u00eb vend q\u00eb t\u00eb detyronte Agjencis\u00eb Komb\u00ebtare t\u00eb Mjedisit t\u00eb publikonte informacionet sipas ligjit, Ministri thjesht i kujtoi k\u00ebsaj agjencie detyrimet ligjore q\u00eb ajo ka p\u00ebr publikimin e informacionit, a thua se zbatimi i ligjit \u00ebsht\u00eb fakultativ dhe n\u00ebse ndodh t\u00eb harrohet, Ministri \u00ebsht\u00eb aty p\u00ebr t\u2019i kujtuar n\u00ebpun\u00ebsve t\u00eb vet q\u00eb t\u00eb kujtohen.<\/p>\n<p>Mungesa e informacionit, sjell si pasoj\u00eb pamund\u00ebsi p\u00ebr t\u00eb kryer d\u00ebgjesat me publikun, e kjo i v\u00eb shoqatat n\u00eb pamund\u00ebsi p\u00ebr t\u00eb k\u00ebrkuar zgjidhje ligjore dhe gjyq\u00ebsore p\u00ebr akte dhe veprimet shtet\u00ebrore t\u00eb kundra ligjshme, q\u00eb pasojn\u00eb me d\u00ebmtim t\u00eb mjedisit. N\u00eb munges\u00eb t\u00eb gjyqeve nga shoqatat, aktet dhe veprimtaria shtet\u00ebrore fitojn\u00eb <em>\u201cimunitet\u201d<\/em>. E k\u00ebshtu mund t\u00eb renditen pasojat negative q\u00eb nisin me mos informimin, dhe p\u00ebrfundojn\u00eb me shfryt\u00ebzimin e mjedisit n\u00eb komoditet t\u00eb plot\u00eb p\u00ebr p\u00ebrfitime private.<\/p>\n<p>Ndaj mbetet q\u00eb thirrjes s\u00eb Ministrit t\u00eb Mjedisit p\u00ebr aktiviz\u00ebm p\u00ebr \u00e7\u00ebshtje mjedisore t\u2019i p\u00ebrgjigjemi me nj\u00eb thirrje serioze p\u00ebr transparenc\u00eb. Zelli p\u00ebr t\u00eb treguar vullnet, duhet z\u00ebvend\u00ebsuar me vullnet p\u00ebr t\u00eb treguar zell.<\/p>\n","protected":false},"excerpt":{"rendered":"<p>Ministri i Mjedisit u b\u00ebn thirrje publike organizatave mjedisore q\u00eb t\u00eb k\u00ebrkojn\u00eb transparenc\u00eb, por nga ana tjet\u00ebr i l\u00eb ato [&hellip;]<\/p>\n","protected":false},"author":2,"featured_media":1653,"comment_status":"open","ping_status":"open","sticky":false,"template":"","format":"standard","meta":{"site-sidebar-layout":"default","site-content-layout":"","ast-site-content-layout":"","site-content-style":"default","site-sidebar-style":"default","ast-global-header-display":"","ast-banner-title-visibility":"","ast-main-header-display":"","ast-hfb-above-header-display":"","ast-hfb-below-header-display":"","ast-hfb-mobile-header-display":"","site-post-title":"","ast-breadcrumbs-content":"","ast-featured-img":"","footer-sml-layout":"","theme-transparent-header-meta":"","adv-header-id-meta":"","stick-header-meta":"","header-above-stick-meta":"","header-main-stick-meta":"","header-below-stick-meta":"","astra-migrate-meta-layouts":"default","ast-page-background-enabled":"default","ast-page-background-meta":{"desktop":{"background-color":"var(--ast-global-color-4)","background-image":"","background-repeat":"repeat","background-position":"center center","background-size":"auto","background-attachment":"scroll","background-type":"","background-media":"","overlay-type":"","overlay-color":"","overlay-gradient":""},"tablet":{"background-color":"","background-image":"","background-repeat":"repeat","background-position":"center center","background-size":"auto","background-attachment":"scroll","background-type":"","background-media":"","overlay-type":"","overlay-color":"","overlay-gradient":""},"mobile":{"background-color":"","background-image":"","background-repeat":"repeat","background-position":"center center","background-size":"auto","background-attachment":"scroll","background-type":"","background-media":"","overlay-type":"","overlay-color":"","overlay-gradient":""}},"ast-content-background-meta":{"desktop":{"background-color":"var(--ast-global-color-5)","background-image":"","background-repeat":"repeat","background-position":"center center","background-size":"auto","background-attachment":"scroll","background-type":"","background-media":"","overlay-type":"","overlay-color":"","overlay-gradient":""},"tablet":{"background-color":"var(--ast-global-color-5)","background-image":"","background-repeat":"repeat","background-position":"center center","background-size":"auto","background-attachment":"scroll","background-type":"","background-media":"","overlay-type":"","overlay-color":"","overlay-gradient":""},"mobile":{"background-color":"var(--ast-global-color-5)","background-image":"","background-repeat":"repeat","background-position":"center center","background-size":"auto","background-attachment":"scroll","background-type":"","background-media":"","overlay-type":"","overlay-color":"","overlay-gradient":""}},"footnotes":""},"categories":[6,4],"tags":[],"_links":{"self":[{"href":"https:\/\/www.respublica.org.al\/web\/index.php?rest_route=\/wp\/v2\/posts\/1652"}],"collection":[{"href":"https:\/\/www.respublica.org.al\/web\/index.php?rest_route=\/wp\/v2\/posts"}],"about":[{"href":"https:\/\/www.respublica.org.al\/web\/index.php?rest_route=\/wp\/v2\/types\/post"}],"author":[{"embeddable":true,"href":"https:\/\/www.respublica.org.al\/web\/index.php?rest_route=\/wp\/v2\/users\/2"}],"replies":[{"embeddable":true,"href":"https:\/\/www.respublica.org.al\/web\/index.php?rest_route=%2Fwp%2Fv2%2Fcomments&post=1652"}],"version-history":[{"count":7,"href":"https:\/\/www.respublica.org.al\/web\/index.php?rest_route=\/wp\/v2\/posts\/1652\/revisions"}],"predecessor-version":[{"id":1679,"href":"https:\/\/www.respublica.org.al\/web\/index.php?rest_route=\/wp\/v2\/posts\/1652\/revisions\/1679"}],"wp:featuredmedia":[{"embeddable":true,"href":"https:\/\/www.respublica.org.al\/web\/index.php?rest_route=\/wp\/v2\/media\/1653"}],"wp:attachment":[{"href":"https:\/\/www.respublica.org.al\/web\/index.php?rest_route=%2Fwp%2Fv2%2Fmedia&parent=1652"}],"wp:term":[{"taxonomy":"category","embeddable":true,"href":"https:\/\/www.respublica.org.al\/web\/index.php?rest_route=%2Fwp%2Fv2%2Fcategories&post=1652"},{"taxonomy":"post_tag","embeddable":true,"href":"https:\/\/www.respublica.org.al\/web\/index.php?rest_route=%2Fwp%2Fv2%2Ftags&post=1652"}],"curies":[{"name":"wp","href":"https:\/\/api.w.org\/{rel}","templated":true}]}}