{"id":1681,"date":"2018-07-24T19:57:09","date_gmt":"2018-07-24T17:57:09","guid":{"rendered":"http:\/\/www.respublica.org.al\/?p=1681"},"modified":"2018-07-24T20:02:13","modified_gmt":"2018-07-24T18:02:13","slug":"deklarate-nje-vend-pa-gjykate-kushtetuese-eshte-de-jure-ne-gjendje-te-jashtezakonshme","status":"publish","type":"post","link":"https:\/\/www.respublica.org.al\/web\/?p=1681","title":{"rendered":"DEKLARAT\u00cb  &#8211; Nj\u00eb vend pa Gjykat\u00eb Kushtetuese \u00ebsht\u00eb de jure n\u00eb gjendje t\u00eb jasht\u00ebzakonshme"},"content":{"rendered":"<p><a href=\"http:\/\/www.respublica.org.al\/deklarate-nje-vend-pa-gjykate-kushtetuese-eshte-de-jure-ne-gjendje-te-jashtezakonshme\/kushtetuese3\/\" rel=\"attachment wp-att-1682\"><img fetchpriority=\"high\" decoding=\"async\" class=\"alignleft size-medium wp-image-1682\" src=\"http:\/\/www.respublica.org.al\/wp-content\/uploads\/2018\/07\/Kushtetuese3-300x169.jpg\" alt=\"Kushtetuese3\" width=\"300\" height=\"169\" srcset=\"https:\/\/www.respublica.org.al\/web\/wp-content\/uploads\/2018\/07\/Kushtetuese3-300x169.jpg 300w, https:\/\/www.respublica.org.al\/web\/wp-content\/uploads\/2018\/07\/Kushtetuese3-768x432.jpg 768w, https:\/\/www.respublica.org.al\/web\/wp-content\/uploads\/2018\/07\/Kushtetuese3-1024x576.jpg 1024w, https:\/\/www.respublica.org.al\/web\/wp-content\/uploads\/2018\/07\/Kushtetuese3-800x450.jpg 800w, https:\/\/www.respublica.org.al\/web\/wp-content\/uploads\/2018\/07\/Kushtetuese3.jpg 1920w\" sizes=\"(max-width: 300px) 100vw, 300px\" \/><\/a>Situata ku ndodhet sot Shqip\u00ebria \u00ebsht\u00eb m\u00eb alarmante se kurr\u00eb! Jemi de jure n\u00eb gjendje t\u00eb jasht\u00ebzakonshme. Gjat\u00eb gjith\u00eb viteve t\u00eb shtetit demokratik shqiptar nuk ka ndodhur asnj\u00ebher\u00eb t\u00eb mbetemi pa Gjykat\u00ebn Kushtetuese. Madje as n\u00eb vitin e mbrapsht\u00eb 1997 nuk ka ndodhur nj\u00eb gj\u00eb e till\u00eb.<\/p>\n<p>Sot t\u00eb drejtat e njeriut n\u00eb Shqip\u00ebri nuk kan\u00eb m\u00eb garanci judirike. Kushtetuta mbetet vet\u00ebm nj\u00eb let\u00ebr e shtypur q\u00eb nuk ka asnj\u00eb vler\u00eb n\u00ebse nuk kemi nj\u00eb gjykat\u00eb p\u00ebr ta mbrojtur at\u00eb. Organizatat q\u00eb mbrojn\u00eb t\u00eb drejtat e njeriut nuk kan\u00eb ku t\u00eb trokasin n\u00ebse t\u00eb drejtat e njeriut shkelen n\u00eb mes t\u00eb dit\u00ebs. Shembulli m\u00eb dometh\u00ebn\u00ebs \u00ebsht\u00eb ligji p\u00ebr godin\u00ebn e Teatrit Komb\u00ebtar, nj\u00eb ligj ky q\u00eb synon kalimin e pasuris\u00eb publike te persona privat\u00eb q\u00eb veprojn\u00eb n\u00eb partneritet me pjes\u00ebn tjet\u00ebr t\u00eb shtetit (at\u00eb pa Gjykat\u00eb Kushtetuese). P\u00ebr k\u00ebt\u00eb ligj po ngrihen shqet\u00ebsime legjitime q\u00eb \u00ebsht\u00eb miratuar n\u00eb shkelje t\u00eb plot\u00eb t\u00eb autonomis\u00eb s\u00eb pushtetit vendor dhe n\u00eb shkelje t\u00eb barazis\u00eb s\u00eb shtetasve n\u00eb tendera dhe ankande publik\u00eb. Dhe ky ligj \u00ebsht\u00eb thjesht nj\u00eb shembull i rradh\u00ebs. I vetmi institucion demokratik q\u00eb ka kompetenc\u00eb p\u00ebr t\u00eb d\u00ebgjuar k\u00ebto shqet\u00ebsime dhe p\u00ebr t\u00eb frenuar aventur\u00ebn antikushtetuese \u00ebsht\u00eb Gjykata Kushetutese. Por kjo gjykat\u00eb sot \u00ebsht\u00eb nj\u00eb ngrehin\u00eb e zbrazur nga pushteti q\u00eb duhej t\u00eb kishte. P\u00ebrgjegj\u00ebsi ka Kuvendi q\u00eb me nj\u00eb munges\u00eb t\u00eb theksuar pjekurie ka miratuar ligje pa menduar pasojat, sic jan\u00eb dispozitat q\u00eb ventingu nuk i shkarkon gjyqtar\u00ebt por vet\u00ebm i pezullon ata, duke krijuar situat\u00ebn absurde ku gjyqtar\u00ebt nuk marrin dot vendime, por edhe nuk z\u00ebvend\u00ebsohen dot. Ky Kuvend sot po shkon m\u00eb tej, duke miratuar ligje t\u00eb till\u00eb antikushtetues me perversitetin q\u00eb e di se c\u2019pasoja ka prodhuar dhe po gjen rastin t\u2019i shfryt\u00ebzoj\u00eb ato p\u00ebr keq, duke na kujtuar shprehjen \u201cujku mjegull do\u201d. P\u00ebrgjegj\u00ebsi ka edhe Presidenti i Republik\u00ebs q\u00eb nuk ka b\u00ebr\u00eb presion p\u00ebr procesin e em\u00ebrimit t\u00eb an\u00ebtar\u00ebve t\u00eb rinj n\u00eb Gjykat\u00ebn Kushtetuese dhe do jet\u00eb m\u00eb shum\u00eb p\u00ebrgjegj\u00ebs nes\u00ebr n\u00ebse nuk do t\u00eb th\u00ebrras\u00eb Kuvendin n\u00eb sesion t\u00eb jasht\u00ebzakonsh\u00ebm. P\u00ebrgjegj\u00ebsi kan\u00eb edhe organet e vetingut q\u00eb nuk po marrin ende n\u00eb shqyrtim kandidat\u00ebt e rinj p\u00ebr an\u00ebtar\u00eb t\u00eb Gjykat\u00ebs Kushtetuese, nd\u00ebrkoh\u00eb q\u00eb po merren me k\u00ebshilltar\u00ebt e gjykatave dhe me prokuror\u00eb rrethesh q\u00eb kan\u00eb nj\u00eb r\u00ebnd\u00ebsi t\u00eb dor\u00ebs s\u00eb dyt\u00eb. P\u00ebrgjegj\u00ebsi kan\u00eb edhe deputet\u00ebt e opozit\u00ebs q\u00eb nuk po propozojn\u00eb asnj\u00eb amendament p\u00ebr t\u00eb riparuar situat\u00ebn dhe cmpihen vet\u00ebm me disa deklarata televizive. P\u00ebrgjegj\u00ebsi kan\u00eb edhe nd\u00ebrkomb\u00ebtar\u00ebt q\u00eb mb\u00ebshtet\u00ebn reform\u00ebn, t\u00eb cil\u00ebt kan\u00eb r\u00ebn\u00eb n\u00eb gjum\u00eb, nd\u00ebrkoh\u00eb q\u00eb nj\u00eb vit m\u00eb par\u00eb shtynin fort miratimin e paket\u00ebs s\u00eb k\u00ebsaj reforme q\u00eb sot rrezikon t\u00eb d\u00ebshtoj\u00eb. P\u00ebrgjegj\u00ebsi kan\u00eb edhe t\u00eb gjitha ato media q\u00eb nuk b\u00ebhen pjes\u00eb e k\u00ebtij shqet\u00ebsimi.<\/p>\n<p>K\u00ebrkojm\u00eb urgjentisht q\u00eb Kuvendi dhe Presidenti i Republik\u00ebs t\u00eb mos b\u00ebjn\u00eb asnj\u00eb dit\u00eb pushim dhe t\u00eb rivendosin rendin kushtetues n\u00eb vend. K\u00ebrkojm\u00eb urgjentisht nga Ambasada e SHBA, q\u00eb p\u00ebrmes zyr\u00ebs s\u00eb specializuar t\u00eb OPDAT, dhe Bashkimi Evropian, q\u00eb p\u00ebrmes zyr\u00ebs s\u00eb specializuar EURALIUS, t\u00eb propozojn\u00eb zgjidhje dhe t\u00eb b\u00ebjn\u00eb t\u00eb gjith\u00eb presionin e duhur q\u00eb kjo situat\u00eb t\u00eb zgjidhet sa m\u00eb shpejt, qoft\u00eb edhe p\u00ebrmes marrjes s\u00eb masave t\u00eb p\u00ebrkohshme sic u veprua n\u00eb rastin e Prokurorit t\u00eb P\u00ebrgjithsh\u00ebm.<\/p>\n<p>Nj\u00eb vend pa rend kushtetues t\u00eb garantuar p\u00ebrmes institucioneve rrezikon grushtin e shtetit nga pushteti ekzekutiv dhe sponsor\u00ebt e atyre q\u00eb nuk po kalojn\u00eb vet\u00eb n\u00eb t\u00eb nj\u00ebjtin veting si gjyqtar\u00ebt. Nj\u00eb vend i till\u00eb rrezikon t\u00eb b\u00ebhet laboratori i ideve m\u00eb t\u00eb mbrapshta q\u00eb mund t\u00eb prodhoj\u00eb medja e pangopur e disa pushtetar\u00ebve t\u00eb zgjidhur nga zinxhiri kushtetues.<\/p>\n<p>Res Publica<\/p>\n","protected":false},"excerpt":{"rendered":"<p>Situata ku ndodhet sot Shqip\u00ebria \u00ebsht\u00eb m\u00eb alarmante se kurr\u00eb! Jemi de jure n\u00eb gjendje t\u00eb jasht\u00ebzakonshme. Gjat\u00eb gjith\u00eb viteve [&hellip;]<\/p>\n","protected":false},"author":2,"featured_media":1682,"comment_status":"open","ping_status":"open","sticky":false,"template":"","format":"standard","meta":{"site-sidebar-layout":"default","site-content-layout":"","ast-site-content-layout":"","site-content-style":"default","site-sidebar-style":"default","ast-global-header-display":"","ast-banner-title-visibility":"","ast-main-header-display":"","ast-hfb-above-header-display":"","ast-hfb-below-header-display":"","ast-hfb-mobile-header-display":"","site-post-title":"","ast-breadcrumbs-content":"","ast-featured-img":"","footer-sml-layout":"","theme-transparent-header-meta":"","adv-header-id-meta":"","stick-header-meta":"","header-above-stick-meta":"","header-main-stick-meta":"","header-below-stick-meta":"","astra-migrate-meta-layouts":"default","ast-page-background-enabled":"default","ast-page-background-meta":{"desktop":{"background-color":"var(--ast-global-color-4)","background-image":"","background-repeat":"repeat","background-position":"center center","background-size":"auto","background-attachment":"scroll","background-type":"","background-media":"","overlay-type":"","overlay-color":"","overlay-gradient":""},"tablet":{"background-color":"","background-image":"","background-repeat":"repeat","background-position":"center center","background-size":"auto","background-attachment":"scroll","background-type":"","background-media":"","overlay-type":"","overlay-color":"","overlay-gradient":""},"mobile":{"background-color":"","background-image":"","background-repeat":"repeat","background-position":"center center","background-size":"auto","background-attachment":"scroll","background-type":"","background-media":"","overlay-type":"","overlay-color":"","overlay-gradient":""}},"ast-content-background-meta":{"desktop":{"background-color":"var(--ast-global-color-5)","background-image":"","background-repeat":"repeat","background-position":"center center","background-size":"auto","background-attachment":"scroll","background-type":"","background-media":"","overlay-type":"","overlay-color":"","overlay-gradient":""},"tablet":{"background-color":"var(--ast-global-color-5)","background-image":"","background-repeat":"repeat","background-position":"center center","background-size":"auto","background-attachment":"scroll","background-type":"","background-media":"","overlay-type":"","overlay-color":"","overlay-gradient":""},"mobile":{"background-color":"var(--ast-global-color-5)","background-image":"","background-repeat":"repeat","background-position":"center center","background-size":"auto","background-attachment":"scroll","background-type":"","background-media":"","overlay-type":"","overlay-color":"","overlay-gradient":""}},"footnotes":""},"categories":[6,4],"tags":[],"_links":{"self":[{"href":"https:\/\/www.respublica.org.al\/web\/index.php?rest_route=\/wp\/v2\/posts\/1681"}],"collection":[{"href":"https:\/\/www.respublica.org.al\/web\/index.php?rest_route=\/wp\/v2\/posts"}],"about":[{"href":"https:\/\/www.respublica.org.al\/web\/index.php?rest_route=\/wp\/v2\/types\/post"}],"author":[{"embeddable":true,"href":"https:\/\/www.respublica.org.al\/web\/index.php?rest_route=\/wp\/v2\/users\/2"}],"replies":[{"embeddable":true,"href":"https:\/\/www.respublica.org.al\/web\/index.php?rest_route=%2Fwp%2Fv2%2Fcomments&post=1681"}],"version-history":[{"count":5,"href":"https:\/\/www.respublica.org.al\/web\/index.php?rest_route=\/wp\/v2\/posts\/1681\/revisions"}],"predecessor-version":[{"id":1687,"href":"https:\/\/www.respublica.org.al\/web\/index.php?rest_route=\/wp\/v2\/posts\/1681\/revisions\/1687"}],"wp:featuredmedia":[{"embeddable":true,"href":"https:\/\/www.respublica.org.al\/web\/index.php?rest_route=\/wp\/v2\/media\/1682"}],"wp:attachment":[{"href":"https:\/\/www.respublica.org.al\/web\/index.php?rest_route=%2Fwp%2Fv2%2Fmedia&parent=1681"}],"wp:term":[{"taxonomy":"category","embeddable":true,"href":"https:\/\/www.respublica.org.al\/web\/index.php?rest_route=%2Fwp%2Fv2%2Fcategories&post=1681"},{"taxonomy":"post_tag","embeddable":true,"href":"https:\/\/www.respublica.org.al\/web\/index.php?rest_route=%2Fwp%2Fv2%2Ftags&post=1681"}],"curies":[{"name":"wp","href":"https:\/\/api.w.org\/{rel}","templated":true}]}}