{"id":1775,"date":"2020-02-02T17:20:00","date_gmt":"2020-02-02T16:20:00","guid":{"rendered":"http:\/\/www.respublica.org.al\/?p=1775"},"modified":"2020-02-11T17:58:26","modified_gmt":"2020-02-11T16:58:26","slug":"dita-boterore-e-ligatinave","status":"publish","type":"post","link":"https:\/\/www.respublica.org.al\/web\/?p=1775","title":{"rendered":"Dita Bot\u00ebrore e Ligatinave &#8211;"},"content":{"rendered":"\n<div class=\"wp-block-group\"><div class=\"wp-block-group__inner-container is-layout-flow wp-block-group-is-layout-flow\">\n<figure class=\"wp-block-gallery columns-1 is-cropped wp-block-gallery-1 is-layout-flex wp-block-gallery-is-layout-flex\"><ul class=\"blocks-gallery-grid\"><li class=\"blocks-gallery-item\"><figure><img fetchpriority=\"high\" decoding=\"async\" width=\"1024\" height=\"768\" src=\"http:\/\/www.respublica.org.al\/wp-content\/uploads\/2020\/02\/20200202_102028-1024x768.jpg\" alt=\"\" data-id=\"1777\" class=\"wp-image-1777\" srcset=\"https:\/\/www.respublica.org.al\/web\/wp-content\/uploads\/2020\/02\/20200202_102028-1024x768.jpg 1024w, https:\/\/www.respublica.org.al\/web\/wp-content\/uploads\/2020\/02\/20200202_102028-300x225.jpg 300w, https:\/\/www.respublica.org.al\/web\/wp-content\/uploads\/2020\/02\/20200202_102028-768x576.jpg 768w, https:\/\/www.respublica.org.al\/web\/wp-content\/uploads\/2020\/02\/20200202_102028-1536x1152.jpg 1536w, https:\/\/www.respublica.org.al\/web\/wp-content\/uploads\/2020\/02\/20200202_102028-2048x1536.jpg 2048w, https:\/\/www.respublica.org.al\/web\/wp-content\/uploads\/2020\/02\/20200202_102028-800x600.jpg 800w\" sizes=\"(max-width: 1024px) 100vw, 1024px\" \/><\/figure><\/li><\/ul><\/figure>\n<\/div><\/div>\n\n\n\n<div class=\"wp-block-group\"><div class=\"wp-block-group__inner-container is-layout-flow wp-block-group-is-layout-flow\">\n<figure class=\"wp-block-image size-large\"><img decoding=\"async\" width=\"1024\" height=\"768\" src=\"http:\/\/www.respublica.org.al\/wp-content\/uploads\/2020\/02\/20200202_101951-1024x768.jpg\" alt=\"\" class=\"wp-image-1776\" srcset=\"https:\/\/www.respublica.org.al\/web\/wp-content\/uploads\/2020\/02\/20200202_101951-1024x768.jpg 1024w, https:\/\/www.respublica.org.al\/web\/wp-content\/uploads\/2020\/02\/20200202_101951-300x225.jpg 300w, https:\/\/www.respublica.org.al\/web\/wp-content\/uploads\/2020\/02\/20200202_101951-768x576.jpg 768w, https:\/\/www.respublica.org.al\/web\/wp-content\/uploads\/2020\/02\/20200202_101951-1536x1152.jpg 1536w, https:\/\/www.respublica.org.al\/web\/wp-content\/uploads\/2020\/02\/20200202_101951-2048x1536.jpg 2048w, https:\/\/www.respublica.org.al\/web\/wp-content\/uploads\/2020\/02\/20200202_101951-800x600.jpg 800w\" sizes=\"(max-width: 1024px) 100vw, 1024px\" \/><\/figure>\n<\/div><\/div>\n\n\n\n<p>Data 2 Shkurt \u00ebsht\u00eb shpallur si \u201cDita Bot\u00ebrore e Ligatinave\u201d. Kjo dit\u00eb sh\u00ebnon dat\u00ebn e miratimit t\u00eb Konvent\u00ebs p\u00ebr Ligatinat n\u00eb 2 Shkurt 1971 n\u00eb qytetin Iranian t\u00eb Ramsarit.<br><\/p>\n\n\n\n<p>Ligatinat, ose sistemet e \u201ctokave t\u00eb lagura\u201d, jan\u00eb sip\u00ebrfaqe ujore t\u00eb p\u00ebrhershme ose p\u00ebrkohshme deri n\u00eb 6 metra thell\u00ebsi, dhe p\u00ebrb\u00ebjn\u00eb nj\u00eb ekosistem mjaft t\u00eb r\u00ebnd\u00ebsish\u00ebm q\u00eb siguron larmi p\u00ebrfitimesh p\u00ebrfshir\u00eb filtrimin e ujit, sigurimin e biodiversitetit, mbrojtjen e bregdetit dhe zbutjen e ndryshimeve klimatike.<br><\/p>\n\n\n\n<p>Publiku i gjer\u00eb \u00ebsht\u00eb pak i nd\u00ebrgjegjsh\u00ebm p\u00ebr k\u00ebto sh\u00ebrbime t\u00eb r\u00ebnd\u00ebsishme t\u00eb ligatinave. Dita Bot\u00ebrore e Ligatinave \u00ebsht\u00eb nj\u00eb mund\u00ebsi e mir\u00eb p\u00ebr t\u00eb k\u00ebrkuar ndryshimin e situat\u00ebs dhe nd\u00ebrgjegj\u00ebsuar publikun mbi r\u00ebnd\u00ebsin\u00eb q\u00eb kan\u00eb ligatinat p\u00ebr t\u00eb ardhmen e njer\u00ebzimit.<\/p>\n\n\n\n<p>S\u00eb bashku me Shoqat\u00ebn e Ornitologjike Shqiptare (AOS) dhe Pseda Ilira, Res Publica mori pjes\u00eb n\u00eb mbjelljen e 200 fidan\u00ebve t\u00eb pishave n\u00eb nj\u00eb pjes\u00eb t\u00eb zhveshur t\u00eb bregdetit n\u00eb parkun Komb\u00ebtar &#8220;Divjak\u00eb &#8211; Karavasta&#8221;. Ky ishte nj\u00eb kontribut simbolik n\u00eb kuad\u00ebr t\u00eb projektit &#8220;Let&#8217;s make Divjaka Natual Again&#8221;, por m\u00eb shum\u00eb ishte nj\u00eb ndihm\u00eb modeste p\u00ebr natyr\u00ebn e cila po p\u00ebrjeton shpyll\u00ebzim t\u00eb shpejt\u00eb. Ndryshimi nis nga nd\u00ebrgjegj\u00ebsimi. M\u00eb tej mundimi merret m\u00eb leht\u00eb. <\/p>\n","protected":false},"excerpt":{"rendered":"<p>Data 2 Shkurt \u00ebsht\u00eb shpallur si \u201cDita Bot\u00ebrore e Ligatinave\u201d. Kjo dit\u00eb sh\u00ebnon dat\u00ebn e miratimit t\u00eb Konvent\u00ebs p\u00ebr Ligatinat [&hellip;]<\/p>\n","protected":false},"author":2,"featured_media":1777,"comment_status":"open","ping_status":"open","sticky":false,"template":"","format":"standard","meta":{"site-sidebar-layout":"default","site-content-layout":"","ast-site-content-layout":"","site-content-style":"default","site-sidebar-style":"default","ast-global-header-display":"","ast-banner-title-visibility":"","ast-main-header-display":"","ast-hfb-above-header-display":"","ast-hfb-below-header-display":"","ast-hfb-mobile-header-display":"","site-post-title":"","ast-breadcrumbs-content":"","ast-featured-img":"","footer-sml-layout":"","theme-transparent-header-meta":"","adv-header-id-meta":"","stick-header-meta":"","header-above-stick-meta":"","header-main-stick-meta":"","header-below-stick-meta":"","astra-migrate-meta-layouts":"default","ast-page-background-enabled":"default","ast-page-background-meta":{"desktop":{"background-color":"var(--ast-global-color-4)","background-image":"","background-repeat":"repeat","background-position":"center center","background-size":"auto","background-attachment":"scroll","background-type":"","background-media":"","overlay-type":"","overlay-color":"","overlay-gradient":""},"tablet":{"background-color":"","background-image":"","background-repeat":"repeat","background-position":"center center","background-size":"auto","background-attachment":"scroll","background-type":"","background-media":"","overlay-type":"","overlay-color":"","overlay-gradient":""},"mobile":{"background-color":"","background-image":"","background-repeat":"repeat","background-position":"center center","background-size":"auto","background-attachment":"scroll","background-type":"","background-media":"","overlay-type":"","overlay-color":"","overlay-gradient":""}},"ast-content-background-meta":{"desktop":{"background-color":"var(--ast-global-color-5)","background-image":"","background-repeat":"repeat","background-position":"center center","background-size":"auto","background-attachment":"scroll","background-type":"","background-media":"","overlay-type":"","overlay-color":"","overlay-gradient":""},"tablet":{"background-color":"var(--ast-global-color-5)","background-image":"","background-repeat":"repeat","background-position":"center center","background-size":"auto","background-attachment":"scroll","background-type":"","background-media":"","overlay-type":"","overlay-color":"","overlay-gradient":""},"mobile":{"background-color":"var(--ast-global-color-5)","background-image":"","background-repeat":"repeat","background-position":"center center","background-size":"auto","background-attachment":"scroll","background-type":"","background-media":"","overlay-type":"","overlay-color":"","overlay-gradient":""}},"footnotes":""},"categories":[6,4],"tags":[],"_links":{"self":[{"href":"https:\/\/www.respublica.org.al\/web\/index.php?rest_route=\/wp\/v2\/posts\/1775"}],"collection":[{"href":"https:\/\/www.respublica.org.al\/web\/index.php?rest_route=\/wp\/v2\/posts"}],"about":[{"href":"https:\/\/www.respublica.org.al\/web\/index.php?rest_route=\/wp\/v2\/types\/post"}],"author":[{"embeddable":true,"href":"https:\/\/www.respublica.org.al\/web\/index.php?rest_route=\/wp\/v2\/users\/2"}],"replies":[{"embeddable":true,"href":"https:\/\/www.respublica.org.al\/web\/index.php?rest_route=%2Fwp%2Fv2%2Fcomments&post=1775"}],"version-history":[{"count":1,"href":"https:\/\/www.respublica.org.al\/web\/index.php?rest_route=\/wp\/v2\/posts\/1775\/revisions"}],"predecessor-version":[{"id":1778,"href":"https:\/\/www.respublica.org.al\/web\/index.php?rest_route=\/wp\/v2\/posts\/1775\/revisions\/1778"}],"wp:featuredmedia":[{"embeddable":true,"href":"https:\/\/www.respublica.org.al\/web\/index.php?rest_route=\/wp\/v2\/media\/1777"}],"wp:attachment":[{"href":"https:\/\/www.respublica.org.al\/web\/index.php?rest_route=%2Fwp%2Fv2%2Fmedia&parent=1775"}],"wp:term":[{"taxonomy":"category","embeddable":true,"href":"https:\/\/www.respublica.org.al\/web\/index.php?rest_route=%2Fwp%2Fv2%2Fcategories&post=1775"},{"taxonomy":"post_tag","embeddable":true,"href":"https:\/\/www.respublica.org.al\/web\/index.php?rest_route=%2Fwp%2Fv2%2Ftags&post=1775"}],"curies":[{"name":"wp","href":"https:\/\/api.w.org\/{rel}","templated":true}]}}