{"id":1782,"date":"2021-02-15T15:42:46","date_gmt":"2021-02-15T14:42:46","guid":{"rendered":"http:\/\/www.respublica.org.al\/?p=1782"},"modified":"2021-02-15T15:44:02","modified_gmt":"2021-02-15T14:44:02","slug":"gjykata-e-strasburgut-rithekson-rendesine-e-gjyqeve-te-hapur-nderkohe-qe-ne-shqiperi-diskutohen-menyra-per-mbylljen-e-tyre","status":"publish","type":"post","link":"https:\/\/www.respublica.org.al\/web\/?p=1782","title":{"rendered":"Gjykata e Strasburgut rithekson r\u00ebnd\u00ebsin\u00eb e gjyqeve t\u00eb hapur, nd\u00ebrkoh\u00eb q\u00eb n\u00eb Shqip\u00ebri diskutohen m\u00ebnyra p\u00ebr mbylljen e tyre"},"content":{"rendered":"\n<figure class=\"wp-block-image size-large is-resized\"><a href=\"http:\/\/www.respublica.org.al\/wp-content\/uploads\/2021\/02\/gjednj-2.jpg\"><img fetchpriority=\"high\" decoding=\"async\" src=\"http:\/\/www.respublica.org.al\/wp-content\/uploads\/2021\/02\/gjednj-2.jpg\" alt=\"\" class=\"wp-image-1785\" width=\"608\" height=\"304\" srcset=\"https:\/\/www.respublica.org.al\/web\/wp-content\/uploads\/2021\/02\/gjednj-2.jpg 810w, https:\/\/www.respublica.org.al\/web\/wp-content\/uploads\/2021\/02\/gjednj-2-300x150.jpg 300w, https:\/\/www.respublica.org.al\/web\/wp-content\/uploads\/2021\/02\/gjednj-2-768x384.jpg 768w, https:\/\/www.respublica.org.al\/web\/wp-content\/uploads\/2021\/02\/gjednj-2-800x400.jpg 800w\" sizes=\"(max-width: 608px) 100vw, 608px\" \/><\/a><\/figure>\n\n\n\n<p>Zhvillimi i proceseve gjyq\u00ebsore \u201ct\u00eb mbyllur\u201d, konsiderohet shkelje e standardeve t\u00eb Konvent\u00ebs Evropiane p\u00ebr t\u00eb Drejtat e Njeriut nga Gjykata e Strasburgut.<\/p>\n\n\n\n<p>N\u00eb \u00e7\u00ebshtjen Dadashbeyli kund\u00ebr Azerbajxhanit, ku pal\u00eb e tret\u00eb ishte edhe Qendra Res Publika, Gjykata Evropiane ka argumentuar domosdoshm\u00ebrin\u00eb e b\u00ebrjes s\u00eb proceseve gjyq\u00ebsore publike.<\/p>\n\n\n\n<p>Sayid Dadashbeyli, i akuzuar p\u00ebr grusht shteti dhe tradhti t\u00eb lart\u00eb n\u00eb Ajzerbaxhan iu drejtua Gjykat\u00ebs Evropiane p\u00ebr t\u00eb Drejtat e Njeriut, duke paditur shtetin e tij me pretendimin se u d\u00ebnua padrejt\u00ebsisht pasi proceset gjyq\u00ebsore n\u00eb vendin e tij u zhvilluan pa pranin\u00eb e kamerave dhe me dyer t\u00eb mbyllura.<\/p>\n\n\n\n<p>Gjykata Evropiane gjeti k\u00ebto procedura n\u00eb shkelje t\u00eb Nenit 6.1 (E drejta p\u00ebr nj\u00eb gjykim t\u00eb drejt\u00eb) t\u00eb Konvent\u00ebs dhe urdh\u00ebroi Ajzerbazhanin q\u00eb t&#8217;i paguante Dadashbeylit nj\u00eb shum\u00eb prej 3,600 euro si kompensim p\u00ebr d\u00ebmin moral.<\/p>\n\n\n\n<p>Transparenca, sipas vendimit t\u00eb dh\u00ebn\u00eb, \u00ebsht\u00eb jo vet\u00ebm si element garantues p\u00ebr nj\u00eb gjykim t\u00eb drejt\u00eb t\u00eb pal\u00ebve por shton besimin tek gjykata.<\/p>\n\n\n\n<p><em>&#8220;Mbajtja e seancave gjyq\u00ebsore n\u00eb m\u00ebnyr\u00eb publike p\u00ebrb\u00ebn nj\u00eb parim themelor t\u00eb gjykimit t\u00eb drejt\u00eb. \u00cbsht\u00eb gjithashtu nj\u00eb nga mjetet me t\u00eb cilat mund t\u00eb ruhet besimi te gjykatat&#8221;<\/em> &#8211; thuhet n\u00eb vendim. Ky arsyetim wshtw i mbwshtetur n\u00eb m\u00ebnyr\u00eb parimore edhe nga neni 146 i Kushtetut\u00ebs s\u00eb Republikws sw Shqipwrisw.<\/p>\n\n\n\n<p>Vendimi i Gjykat\u00ebs Evropiane e t\u00eb Drejtave t\u00eb Njeriut u dha n\u00eb nj\u00eb koh\u00eb kur K\u00ebshilli i Larte Gjyq\u00ebsor dhe Komisioneri p\u00ebr t\u00eb Drejt\u00ebn e Informimit dhe Mbrojtjes s\u00eb t\u00eb Dh\u00ebnave Personale po diskutojn\u00eb nxjerrjen e nj\u00eb udh\u00ebzimi p\u00ebr fshehjen e t\u00eb dh\u00ebnave n\u00eb dosjet gjyq\u00ebsore. Udh\u00ebzimi i konsideron si t\u00eb dh\u00ebna personale, identifikimin e pal\u00ebve n\u00eb proces, d\u00ebshmitar\u00ebt apo personat e p\u00ebrmendur n\u00eb parashtrimin e fakteve gjat\u00eb procesit gjyq\u00ebsor, etj.<\/p>\n\n\n\n<p>Po k\u00ebshtu, udh\u00ebzimi i jep t\u00eb drejt\u00eb pal\u00ebve n\u00eb gjykim t\u00eb p\u00ebrcaktojn\u00eb se \u00e7far\u00eb jan\u00eb t\u00eb dh\u00ebna t\u00eb tjera q\u00eb cenojn\u00eb jet\u00ebn e tyre private, e p\u00ebr rrjedhoj\u00eb, duhet t\u00eb fshihen n\u00eb publikimin e vendimit q\u00eb b\u00ebn gjykata.<\/p>\n\n\n\n<p>Qendra Res Publica mbetet e angazhuar p\u00ebr t\u00eb kund\u00ebrshtuar n\u00eb rrug\u00eb gjyq\u00ebsore k\u00ebt\u00eb Udh\u00ebzim, i cili pritet t\u00eb hyj\u00eb n\u00eb fuqi n\u00eb korrik t\u00eb vitit 2022 dhe do t\u00eb jet\u00eb i zbatuesh\u00ebm p\u00ebr t\u00eb gjitha shkall\u00ebt e gjyq\u00ebsorit.<\/p>\n","protected":false},"excerpt":{"rendered":"<p>Zhvillimi i proceseve gjyq\u00ebsore \u201ct\u00eb mbyllur\u201d, konsiderohet shkelje e standardeve t\u00eb Konvent\u00ebs Evropiane p\u00ebr t\u00eb Drejtat e Njeriut nga Gjykata [&hellip;]<\/p>\n","protected":false},"author":2,"featured_media":1785,"comment_status":"open","ping_status":"open","sticky":false,"template":"","format":"standard","meta":{"site-sidebar-layout":"default","site-content-layout":"","ast-site-content-layout":"","site-content-style":"default","site-sidebar-style":"default","ast-global-header-display":"","ast-banner-title-visibility":"","ast-main-header-display":"","ast-hfb-above-header-display":"","ast-hfb-below-header-display":"","ast-hfb-mobile-header-display":"","site-post-title":"","ast-breadcrumbs-content":"","ast-featured-img":"","footer-sml-layout":"","theme-transparent-header-meta":"","adv-header-id-meta":"","stick-header-meta":"","header-above-stick-meta":"","header-main-stick-meta":"","header-below-stick-meta":"","astra-migrate-meta-layouts":"default","ast-page-background-enabled":"default","ast-page-background-meta":{"desktop":{"background-color":"var(--ast-global-color-4)","background-image":"","background-repeat":"repeat","background-position":"center center","background-size":"auto","background-attachment":"scroll","background-type":"","background-media":"","overlay-type":"","overlay-color":"","overlay-gradient":""},"tablet":{"background-color":"","background-image":"","background-repeat":"repeat","background-position":"center center","background-size":"auto","background-attachment":"scroll","background-type":"","background-media":"","overlay-type":"","overlay-color":"","overlay-gradient":""},"mobile":{"background-color":"","background-image":"","background-repeat":"repeat","background-position":"center center","background-size":"auto","background-attachment":"scroll","background-type":"","background-media":"","overlay-type":"","overlay-color":"","overlay-gradient":""}},"ast-content-background-meta":{"desktop":{"background-color":"var(--ast-global-color-5)","background-image":"","background-repeat":"repeat","background-position":"center center","background-size":"auto","background-attachment":"scroll","background-type":"","background-media":"","overlay-type":"","overlay-color":"","overlay-gradient":""},"tablet":{"background-color":"var(--ast-global-color-5)","background-image":"","background-repeat":"repeat","background-position":"center center","background-size":"auto","background-attachment":"scroll","background-type":"","background-media":"","overlay-type":"","overlay-color":"","overlay-gradient":""},"mobile":{"background-color":"var(--ast-global-color-5)","background-image":"","background-repeat":"repeat","background-position":"center center","background-size":"auto","background-attachment":"scroll","background-type":"","background-media":"","overlay-type":"","overlay-color":"","overlay-gradient":""}},"footnotes":""},"categories":[6],"tags":[],"_links":{"self":[{"href":"https:\/\/www.respublica.org.al\/web\/index.php?rest_route=\/wp\/v2\/posts\/1782"}],"collection":[{"href":"https:\/\/www.respublica.org.al\/web\/index.php?rest_route=\/wp\/v2\/posts"}],"about":[{"href":"https:\/\/www.respublica.org.al\/web\/index.php?rest_route=\/wp\/v2\/types\/post"}],"author":[{"embeddable":true,"href":"https:\/\/www.respublica.org.al\/web\/index.php?rest_route=\/wp\/v2\/users\/2"}],"replies":[{"embeddable":true,"href":"https:\/\/www.respublica.org.al\/web\/index.php?rest_route=%2Fwp%2Fv2%2Fcomments&post=1782"}],"version-history":[{"count":1,"href":"https:\/\/www.respublica.org.al\/web\/index.php?rest_route=\/wp\/v2\/posts\/1782\/revisions"}],"predecessor-version":[{"id":1786,"href":"https:\/\/www.respublica.org.al\/web\/index.php?rest_route=\/wp\/v2\/posts\/1782\/revisions\/1786"}],"wp:featuredmedia":[{"embeddable":true,"href":"https:\/\/www.respublica.org.al\/web\/index.php?rest_route=\/wp\/v2\/media\/1785"}],"wp:attachment":[{"href":"https:\/\/www.respublica.org.al\/web\/index.php?rest_route=%2Fwp%2Fv2%2Fmedia&parent=1782"}],"wp:term":[{"taxonomy":"category","embeddable":true,"href":"https:\/\/www.respublica.org.al\/web\/index.php?rest_route=%2Fwp%2Fv2%2Fcategories&post=1782"},{"taxonomy":"post_tag","embeddable":true,"href":"https:\/\/www.respublica.org.al\/web\/index.php?rest_route=%2Fwp%2Fv2%2Ftags&post=1782"}],"curies":[{"name":"wp","href":"https:\/\/api.w.org\/{rel}","templated":true}]}}