{"id":1791,"date":"2021-01-30T20:46:00","date_gmt":"2021-01-30T19:46:00","guid":{"rendered":"http:\/\/www.respublica.org.al\/?p=1791"},"modified":"2021-03-01T20:58:51","modified_gmt":"2021-03-01T19:58:51","slug":"anetaresimi-i-shqiperise-ne-be-varet-edhe-nga-standardet-e-drejtesise-penale","status":"publish","type":"post","link":"https:\/\/www.respublica.org.al\/web\/?p=1791","title":{"rendered":"Anetaresimi i Shqiperise ne BE varet edhe nga standardet e drejtesise penale"},"content":{"rendered":"\n<figure class=\"wp-block-image size-large\"><a href=\"http:\/\/www.respublica.org.al\/wp-content\/uploads\/2021\/03\/Capture-PR-ALB.jpg\"><img fetchpriority=\"high\" decoding=\"async\" width=\"770\" height=\"740\" src=\"http:\/\/www.respublica.org.al\/wp-content\/uploads\/2021\/03\/Capture-PR-ALB.jpg\" alt=\"\" class=\"wp-image-1788\" srcset=\"https:\/\/www.respublica.org.al\/web\/wp-content\/uploads\/2021\/03\/Capture-PR-ALB.jpg 770w, https:\/\/www.respublica.org.al\/web\/wp-content\/uploads\/2021\/03\/Capture-PR-ALB-300x288.jpg 300w, https:\/\/www.respublica.org.al\/web\/wp-content\/uploads\/2021\/03\/Capture-PR-ALB-768x738.jpg 768w\" sizes=\"(max-width: 770px) 100vw, 770px\" \/><\/a><\/figure>\n\n\n\n<p>An\u00ebtar\u00ebsimi i Shqip\u00ebris\u00eb n\u00eb BE varet nga p\u00ebrmbushja e standardeve t\u00eb BE-s\u00eb. Nj\u00eb prej fushave t\u00eb l\u00ebna pas dore \u00ebsht\u00eb drejt\u00ebsia penale, jo e par\u00eb nga k\u00ebndv\u00ebshtrimi i nd\u00ebshkimit t\u00eb krimit dhe korrupsionit, por e par\u00eb nga k\u00ebndv\u00ebshtrimi&nbsp; i t\u00eb pandehurve, t\u00eb cil\u00ebt duhet t\u00eb g\u00ebzojn\u00eb t\u00eb drejta t\u00eb plota n\u00eb procesin penal q\u00eb mund t\u00eb zhvillohet kund\u00ebr tyre. Pik\u00ebrisht ky aspekt ishte, nd\u00ebr t\u00eb tjer\u00eb, n\u00eb fokusin e Res Publica dhe partner\u00ebve Fair Trials International dhe Civil Rights Defenders n\u00eb koh\u00ebt e fundit.<\/p>\n\n\n\n<p>M\u00eb 29 Janar 2021, u zhvillua takimi p\u00ebrmbyll\u00ebs i projektit dy-vje\u00e7ar \u2018\u2019Avancimi i t\u00eb drejtave procedurale n\u00eb Shqip\u00ebri\u2019\u2019 t\u00eb financuar nga Bashkimi Evropian dhe t\u00eb impelementuar nga \u201cFair Trials International\u201d, \u201cRes Publica\u201d, dhe \u201cCivil Rights Defenders\u201d, q\u00eb ka si q\u00ebllim t\u00eb p\u00ebrmir\u00ebsoj\u00eb nivelin e mbrojtjes s\u00eb t\u00eb drejtave procedurale penale n\u00eb Shqip\u00ebri.<\/p>\n\n\n\n<p>N\u00eb dy vjet projekti arriti t\u00eb analizoj\u00eb n\u00eb thell\u00ebsi kuadrin ligjor shqiptar n\u00eb krahasim me 6 direktiva t\u00eb BE-s\u00eb dhe jurisprudenc\u00ebs s\u00eb Gjykat\u00ebs Evropiane p\u00ebr t\u00eb Drejtat e Njeriut. Informacionet u plot\u00ebsuan edhe me t\u00eb dh\u00ebna t\u00eb r\u00ebnd\u00ebsishme t\u00eb marra nga aktor\u00eb t\u00eb sistemit, si gjyqtar\u00eb, prokuror\u00eb, avokat\u00eb, punonj\u00ebs policie.<\/p>\n\n\n\n<p>Nj\u00eb konferenc\u00eb 3 ditore e zhvilluar m\u00eb 29 &#8211; 31 Janar 2020 me tem\u00ebn \u201cP\u00ebrmir\u00ebsimi i t\u00eb drejtave procedurale n\u00eb Shqip\u00ebri: kontribuimi n\u00eb zbatimin efektiv dhe koherent t\u00eb t\u00eb drejt\u00ebs penale t\u00eb BE-s\u00eb n\u00eb fush\u00ebn e t\u00eb drejtave t\u00eb personave t\u00eb dyshuar ose t\u00eb akuzuar p\u00ebr krime\u201d, solli n\u00eb fokus studimin baz\u00eb mbi pajtueshm\u00ebrin\u00eb e normave p\u00ebr t\u00eb drejtat procedurale penale n\u00eb vend me ato t\u00eb acquis t\u00eb Bashkimit Evropian, sidomos krahasuar me 6 direktivat e Bashkimit Evropian q\u00eb garantojn\u00eb standarde procedurale n\u00eb gjykimin penal. Konferenca krijoi mund\u00ebsin\u00eb p\u00ebr ndarjen e p\u00ebrvojave mes aktor\u00ebve nga vendet e Bashkimit Evropian si dhe p\u00ebrfaq\u00ebsues shqiptar\u00eb t\u00eb institucioneve shqiptar\u00eb t\u00eb drejt\u00ebsis\u00eb dhe institucioneve akademike t\u00eb cil\u00ebt do t\u00eb diskutojn\u00eb mbi m\u00ebnyr\u00ebn sesi duhet reformuar drejt\u00ebsia penale n\u00eb vend.<\/p>\n\n\n\n<p>Projekti pati mund\u00ebsin\u00eb t\u00eb angazhoj\u00eb nj\u00eb grup specialist\u00ebsh nga organizata jofitimprur\u00ebse dhe avokat\u00eb praktikant\u00eb, t\u00eb cil\u00ebt n\u00eb 6 takime t\u00eb zhvilluara shk\u00ebmbyen ide, informacione dhe koordinuan veprimet p\u00ebr t\u00eb avancuar t\u00eb drejtat procedurale penale n\u00eb praktik\u00eb.<\/p>\n\n\n\n<p>Megjith\u00eb v\u00ebshtir\u00ebsit\u00eb e shkaktuara nga pandemia e Covid-19, projekti arriti t\u00eb trajnoj\u00eb n\u00eb 6 trajnime formale dhe disa trajnime informale 80 profesionist\u00eb t\u00eb ligjit, kryesisht avokat\u00eb praktikant\u00eb, n\u00eb 6 qytete t\u00eb ndryshme, n\u00eb Korc\u00eb, Pogradec, Sarand\u00eb, Vlor\u00eb, Shkod\u00ebr dhe Tiran\u00eb. Nj\u00eb gjyq imitues u zhvillua p\u00ebr t\u00eb materializuar n\u00eb praktik\u00eb njohurit\u00eb e fituara n\u00eb trajnime, ku pati nj\u00eb performanc\u00eb t\u00eb mir\u00eb t\u00eb pjes\u00ebmarr\u00ebsve.<\/p>\n\n\n\n<p>N\u00eb p\u00ebrfundim, materialet e p\u00ebrfituara nga ky projekt jan\u00eb t\u00eb gatshme p\u00ebr t\u2019u shftyt\u00ebzuar nga autoritetet politik\u00ebb\u00ebr\u00ebse p\u00ebr rishikimin e kuadrit ligjor apo p\u00ebrmir\u00ebsimin e akteve n\u00ebnligjore dhe t\u00eb praktik\u00ebs, si dhe organizatat dhe aktivist\u00ebt e angazhuar n\u00eb advokimin e t\u00eb drejt\u00ebs p\u00ebr proces t\u00eb rregullt ligjor.<\/p>\n\n\n\n<p>Raporti i plot\u00eb <a href=\"http:\/\/www.respublica.org.al\/wp-content\/uploads\/2021\/03\/Roadmap-to-the-EU-1.8.-alb-final.pdf\">\u201cUdh\u00ebrr\u00ebfyesi p\u00ebr n\u00eb BE: An\u00ebtar\u00ebsimi p\u00ebrmes reform\u00ebs n\u00eb drejt\u00ebsin\u00eb penale n\u00eb Shqip\u00ebri\u201d mund t\u00eb shkarkohet k\u00ebtu.<\/a><\/p>\n\n\n\n<p>Nj\u00eb raport i p\u00ebrmbledhur me titull <a href=\"http:\/\/www.respublica.org.al\/wp-content\/uploads\/2021\/03\/PR-ALB-Summary-Report-Albanian-Version.pdf\">\u201cUdh\u00ebrr\u00ebfyesi p\u00ebr n\u00eb BE: Forcimi i t\u00eb drejt\u00ebs proceduriale n\u00eb Shqip\u00ebri\u201d mund t\u00eb shkarkohet k\u00ebtu.<\/a><\/p>\n","protected":false},"excerpt":{"rendered":"<p>An\u00ebtar\u00ebsimi i Shqip\u00ebris\u00eb n\u00eb BE varet nga p\u00ebrmbushja e standardeve t\u00eb BE-s\u00eb. Nj\u00eb prej fushave t\u00eb l\u00ebna pas dore \u00ebsht\u00eb [&hellip;]<\/p>\n","protected":false},"author":2,"featured_media":1788,"comment_status":"open","ping_status":"open","sticky":false,"template":"","format":"standard","meta":{"site-sidebar-layout":"default","site-content-layout":"","ast-site-content-layout":"","site-content-style":"default","site-sidebar-style":"default","ast-global-header-display":"","ast-banner-title-visibility":"","ast-main-header-display":"","ast-hfb-above-header-display":"","ast-hfb-below-header-display":"","ast-hfb-mobile-header-display":"","site-post-title":"","ast-breadcrumbs-content":"","ast-featured-img":"","footer-sml-layout":"","theme-transparent-header-meta":"","adv-header-id-meta":"","stick-header-meta":"","header-above-stick-meta":"","header-main-stick-meta":"","header-below-stick-meta":"","astra-migrate-meta-layouts":"default","ast-page-background-enabled":"default","ast-page-background-meta":{"desktop":{"background-color":"var(--ast-global-color-4)","background-image":"","background-repeat":"repeat","background-position":"center center","background-size":"auto","background-attachment":"scroll","background-type":"","background-media":"","overlay-type":"","overlay-color":"","overlay-gradient":""},"tablet":{"background-color":"","background-image":"","background-repeat":"repeat","background-position":"center center","background-size":"auto","background-attachment":"scroll","background-type":"","background-media":"","overlay-type":"","overlay-color":"","overlay-gradient":""},"mobile":{"background-color":"","background-image":"","background-repeat":"repeat","background-position":"center center","background-size":"auto","background-attachment":"scroll","background-type":"","background-media":"","overlay-type":"","overlay-color":"","overlay-gradient":""}},"ast-content-background-meta":{"desktop":{"background-color":"var(--ast-global-color-5)","background-image":"","background-repeat":"repeat","background-position":"center center","background-size":"auto","background-attachment":"scroll","background-type":"","background-media":"","overlay-type":"","overlay-color":"","overlay-gradient":""},"tablet":{"background-color":"var(--ast-global-color-5)","background-image":"","background-repeat":"repeat","background-position":"center center","background-size":"auto","background-attachment":"scroll","background-type":"","background-media":"","overlay-type":"","overlay-color":"","overlay-gradient":""},"mobile":{"background-color":"var(--ast-global-color-5)","background-image":"","background-repeat":"repeat","background-position":"center center","background-size":"auto","background-attachment":"scroll","background-type":"","background-media":"","overlay-type":"","overlay-color":"","overlay-gradient":""}},"footnotes":""},"categories":[6,1,9,4],"tags":[],"_links":{"self":[{"href":"https:\/\/www.respublica.org.al\/web\/index.php?rest_route=\/wp\/v2\/posts\/1791"}],"collection":[{"href":"https:\/\/www.respublica.org.al\/web\/index.php?rest_route=\/wp\/v2\/posts"}],"about":[{"href":"https:\/\/www.respublica.org.al\/web\/index.php?rest_route=\/wp\/v2\/types\/post"}],"author":[{"embeddable":true,"href":"https:\/\/www.respublica.org.al\/web\/index.php?rest_route=\/wp\/v2\/users\/2"}],"replies":[{"embeddable":true,"href":"https:\/\/www.respublica.org.al\/web\/index.php?rest_route=%2Fwp%2Fv2%2Fcomments&post=1791"}],"version-history":[{"count":2,"href":"https:\/\/www.respublica.org.al\/web\/index.php?rest_route=\/wp\/v2\/posts\/1791\/revisions"}],"predecessor-version":[{"id":1793,"href":"https:\/\/www.respublica.org.al\/web\/index.php?rest_route=\/wp\/v2\/posts\/1791\/revisions\/1793"}],"wp:featuredmedia":[{"embeddable":true,"href":"https:\/\/www.respublica.org.al\/web\/index.php?rest_route=\/wp\/v2\/media\/1788"}],"wp:attachment":[{"href":"https:\/\/www.respublica.org.al\/web\/index.php?rest_route=%2Fwp%2Fv2%2Fmedia&parent=1791"}],"wp:term":[{"taxonomy":"category","embeddable":true,"href":"https:\/\/www.respublica.org.al\/web\/index.php?rest_route=%2Fwp%2Fv2%2Fcategories&post=1791"},{"taxonomy":"post_tag","embeddable":true,"href":"https:\/\/www.respublica.org.al\/web\/index.php?rest_route=%2Fwp%2Fv2%2Ftags&post=1791"}],"curies":[{"name":"wp","href":"https:\/\/api.w.org\/{rel}","templated":true}]}}