{"id":1796,"date":"2021-03-26T13:21:33","date_gmt":"2021-03-26T12:21:33","guid":{"rendered":"http:\/\/www.respublica.org.al\/?p=1796"},"modified":"2021-10-26T22:35:39","modified_gmt":"2021-10-26T20:35:39","slug":"vendimi-i-kkt-i-marre-ne-bllok-per-rrjetin-e-zonave-te-mbrojtura-ne-shqiperi-fshin-nga-harta-zonat-me-rendesi-nderkombetare-dhe-kombetare","status":"publish","type":"post","link":"https:\/\/www.respublica.org.al\/web\/?p=1796","title":{"rendered":"Vendimi i KKT p\u00ebr Rrjetin e Zonave t\u00eb Mbrojtura n\u00eb Shqip\u00ebri fshin nga harta zonat m\u00eb r\u00ebnd\u00ebsi komb\u00ebtare"},"content":{"rendered":"\n<figure class=\"wp-block-image size-large\"><a href=\"http:\/\/www.respublica.org.al\/wp-content\/uploads\/2021\/03\/162541924_1981749215312595_3543274998700361764_o.jpg\"><img fetchpriority=\"high\" decoding=\"async\" width=\"1024\" height=\"683\" src=\"http:\/\/www.respublica.org.al\/wp-content\/uploads\/2021\/03\/162541924_1981749215312595_3543274998700361764_o-1024x683.jpg\" alt=\"\" class=\"wp-image-1797\" srcset=\"https:\/\/www.respublica.org.al\/web\/wp-content\/uploads\/2021\/03\/162541924_1981749215312595_3543274998700361764_o-1024x683.jpg 1024w, https:\/\/www.respublica.org.al\/web\/wp-content\/uploads\/2021\/03\/162541924_1981749215312595_3543274998700361764_o-300x200.jpg 300w, https:\/\/www.respublica.org.al\/web\/wp-content\/uploads\/2021\/03\/162541924_1981749215312595_3543274998700361764_o-768x512.jpg 768w, https:\/\/www.respublica.org.al\/web\/wp-content\/uploads\/2021\/03\/162541924_1981749215312595_3543274998700361764_o-1536x1024.jpg 1536w, https:\/\/www.respublica.org.al\/web\/wp-content\/uploads\/2021\/03\/162541924_1981749215312595_3543274998700361764_o-800x533.jpg 800w, https:\/\/www.respublica.org.al\/web\/wp-content\/uploads\/2021\/03\/162541924_1981749215312595_3543274998700361764_o.jpg 1560w\" sizes=\"(max-width: 1024px) 100vw, 1024px\" \/><\/a><figcaption>Photo Credits: Kristi Bashmili<\/figcaption><\/figure>\n\n\n\n<p><\/p>\n\n\n\n<p>Tiran\u00eb 26 Mars 2021\u2013 Grupimi i organizatave mjedisore dhe bot\u00ebs akademike n\u00eb Shqip\u00ebri, t\u00eb mb\u00ebshtetur nga organizata t\u00eb huaja patnere, kund\u00ebrshton me forc\u00eb procesin dhe rezultatet e Rishikimit t\u00eb Rrjetit Komb\u00ebtar t\u00eb Zonave t\u00eb Mbrojtura Mjedisore n\u00eb Shqip\u00ebri. Shkak p\u00ebr rinisjen e debatit \u00ebsht\u00eb b\u00ebr\u00eb publikimi i projekt-vendimit t\u00eb KKT Nr. 10, dat\u00eb 28 dhjetor 2020, q\u00eb ka vendosur p\u00ebr p\u00ebrcaktimin e kufijve dhe zonimit t\u00eb brendsh\u00ebm t\u00eb Rrjetit Komb\u00ebtar t\u00eb Zonave t\u00eb Mbrojtura. Vendimi \u00ebsht\u00eb marr\u00eb pas nism\u00ebs s\u00eb shpallur m\u00eb par\u00eb n\u00eb gusht 2019 nga Ministria e Turizmit dhe Mjedisit.<\/p>\n\n\n\n<p>Projekt-vendimi p\u00ebrjashton nga Zonat e Mbrojtura n\u00eb Divjak\u00eb-Karavasta, Butrint, Vjos\u00eb-Nart\u00eb, Bun\u00eb-Velipoj\u00eb etj sip\u00ebrfaqe t\u00eb t\u00ebra t\u00eb tokave bujq\u00ebsore me p\u00ebrdorim tradicional si dhe zona urbane. P\u00ebr m\u00eb tep\u00ebr ky project-vendim fshin nga harta rreth 15,000 ha t\u00eb Zonave t\u00eb Mbrojtura sikurse Luzni-Bulac, Piskal-Shqerri, Dardh\u00eb-Xhurr\u00eb, etj. Rasti m\u00eb flagrant \u00ebsht\u00eb p\u00ebrjashtimi nga Zona e Mbrojtur i sip\u00ebrfaqes s\u00eb aerportit n\u00eb Ak\u00ebrni (Vlor\u00eb) dhe heqja e gjith\u00eb sip\u00ebrfaqes s\u00eb ullishtave n\u00eb kodrat e Panajas\u00eb. Duke i\u2019u referuar hart\u00ebs, ky project-vendim b\u00ebn shosh\u00eb Parkun e Dajtit, t\u00eb Divjak\u00ebs, Bun\u00eb-Velipoj\u00ebn, Tomorrin etj.<\/p>\n\n\n\n<p>\u201cVendimi fragmenton zonat e mbrojtura duke l\u00ebn\u00eb hap\u00ebsirat urbane dhe bujq\u00ebsore t\u00ebr\u00ebsisht jasht\u00eb kontrollit t\u00eb Zonave t\u00eb Mbrojtura dhe k\u00ebto t\u00eb fundit n\u00eb m\u00ebshir\u00eb t\u00eb veprimtarive t\u00eb ardhshme q\u00eb mund t\u00eb shkelin funksionin e vet\u00eb zonave t\u00eb mbrojtura. N\u00eb historin\u00eb e zonave t\u00eb mbrojtura ky moment do t\u00eb mbahet mend si sulmi m\u00eb i r\u00ebnd\u00eb ndaj integritetit dhe funksionalitetit ekologjik t\u00eb Zonave t\u00eb Mbrojtura n\u00eb Shqip\u00ebri.\u201d. thot\u00eb Taulant Bino, President i Shoqat\u00ebs Ornitologjike Shqiptare (AOS).<\/p>\n\n\n\n<p class=\"has-text-align-center\">Procesi i nisur n\u00eb gusht 2019 dhe udh\u00ebhequr nga AKZM \u00ebsht\u00eb finalizuar n\u00eb shkurt 2020 dhe \u00ebsht\u00eb prezantuar n\u00eb nj\u00eb grup t\u00eb gjer\u00eb institucionesh, OJF-sh, donator\u00ebsh etj. si nj\u00eb nd\u00ebr arritjet e Ministris\u00eb s\u00eb Turizmit dhe Mjedisit q\u00eb do t\u00eb sakt\u00ebsonte dhe identifikonte n\u00eb m\u00ebnyre p\u00ebrfundimtare dhe t\u00eb hart\u00ebzuar gjith\u00eb rrjetin e Zonave t\u00eb Mbrojtura. Mes shifrash e nenesh, AKZM u kujdes t\u00eb theksonte se procesi ka nd\u00ebrmarr\u00eb rreth 44 d\u00ebgjesa publike me aktor\u00ebt e interesuar anek\u00ebnd vendit.<\/p>\n\n\n\n<figure class=\"wp-block-gallery columns-3 is-cropped wp-block-gallery-1 is-layout-flex wp-block-gallery-is-layout-flex\"><ul class=\"blocks-gallery-grid\"><li class=\"blocks-gallery-item\"><figure><a href=\"http:\/\/www.respublica.org.al\/wp-content\/uploads\/2021\/03\/162616511_1981748945312622_5373585123711581922_o.jpg\"><img decoding=\"async\" width=\"1024\" height=\"696\" src=\"http:\/\/www.respublica.org.al\/wp-content\/uploads\/2021\/03\/162616511_1981748945312622_5373585123711581922_o-1024x696.jpg\" alt=\"\" data-id=\"1799\" data-full-url=\"http:\/\/www.respublica.org.al\/wp-content\/uploads\/2021\/03\/162616511_1981748945312622_5373585123711581922_o.jpg\" data-link=\"http:\/\/www.respublica.org.al\/162616511_1981748945312622_5373585123711581922_o\/\" class=\"wp-image-1799\" srcset=\"https:\/\/www.respublica.org.al\/web\/wp-content\/uploads\/2021\/03\/162616511_1981748945312622_5373585123711581922_o-1024x696.jpg 1024w, https:\/\/www.respublica.org.al\/web\/wp-content\/uploads\/2021\/03\/162616511_1981748945312622_5373585123711581922_o-300x204.jpg 300w, https:\/\/www.respublica.org.al\/web\/wp-content\/uploads\/2021\/03\/162616511_1981748945312622_5373585123711581922_o-768x522.jpg 768w, https:\/\/www.respublica.org.al\/web\/wp-content\/uploads\/2021\/03\/162616511_1981748945312622_5373585123711581922_o-800x544.jpg 800w, https:\/\/www.respublica.org.al\/web\/wp-content\/uploads\/2021\/03\/162616511_1981748945312622_5373585123711581922_o.jpg 1301w\" sizes=\"(max-width: 1024px) 100vw, 1024px\" \/><\/a><\/figure><\/li><li class=\"blocks-gallery-item\"><figure><a href=\"http:\/\/www.respublica.org.al\/wp-content\/uploads\/2021\/03\/163284092_1981748865312630_1808928337516044750_n.jpg\"><img decoding=\"async\" width=\"781\" height=\"600\" src=\"http:\/\/www.respublica.org.al\/wp-content\/uploads\/2021\/03\/163284092_1981748865312630_1808928337516044750_n.jpg\" alt=\"\" data-id=\"1800\" data-full-url=\"http:\/\/www.respublica.org.al\/wp-content\/uploads\/2021\/03\/163284092_1981748865312630_1808928337516044750_n.jpg\" data-link=\"http:\/\/www.respublica.org.al\/163284092_1981748865312630_1808928337516044750_n\/\" class=\"wp-image-1800\" srcset=\"https:\/\/www.respublica.org.al\/web\/wp-content\/uploads\/2021\/03\/163284092_1981748865312630_1808928337516044750_n.jpg 781w, https:\/\/www.respublica.org.al\/web\/wp-content\/uploads\/2021\/03\/163284092_1981748865312630_1808928337516044750_n-300x230.jpg 300w, https:\/\/www.respublica.org.al\/web\/wp-content\/uploads\/2021\/03\/163284092_1981748865312630_1808928337516044750_n-768x590.jpg 768w\" sizes=\"(max-width: 781px) 100vw, 781px\" \/><\/a><\/figure><\/li><li class=\"blocks-gallery-item\"><figure><a href=\"http:\/\/www.respublica.org.al\/wp-content\/uploads\/2021\/03\/162574476_1981748985312618_4427714595506391894_o.jpg\"><img loading=\"lazy\" decoding=\"async\" width=\"1024\" height=\"893\" src=\"http:\/\/www.respublica.org.al\/wp-content\/uploads\/2021\/03\/162574476_1981748985312618_4427714595506391894_o-1024x893.jpg\" alt=\"\" data-id=\"1798\" data-full-url=\"http:\/\/www.respublica.org.al\/wp-content\/uploads\/2021\/03\/162574476_1981748985312618_4427714595506391894_o.jpg\" data-link=\"http:\/\/www.respublica.org.al\/162574476_1981748985312618_4427714595506391894_o\/\" class=\"wp-image-1798\" srcset=\"https:\/\/www.respublica.org.al\/web\/wp-content\/uploads\/2021\/03\/162574476_1981748985312618_4427714595506391894_o-1024x893.jpg 1024w, https:\/\/www.respublica.org.al\/web\/wp-content\/uploads\/2021\/03\/162574476_1981748985312618_4427714595506391894_o-300x262.jpg 300w, https:\/\/www.respublica.org.al\/web\/wp-content\/uploads\/2021\/03\/162574476_1981748985312618_4427714595506391894_o-768x669.jpg 768w, https:\/\/www.respublica.org.al\/web\/wp-content\/uploads\/2021\/03\/162574476_1981748985312618_4427714595506391894_o-800x697.jpg 800w, https:\/\/www.respublica.org.al\/web\/wp-content\/uploads\/2021\/03\/162574476_1981748985312618_4427714595506391894_o.jpg 1052w\" sizes=\"(max-width: 1024px) 100vw, 1024px\" \/><\/a><\/figure><\/li><\/ul><figcaption class=\"blocks-gallery-caption\"><em><br>P\u00ebrpunoi Xhemal Mato<\/em><\/figcaption><\/figure>\n\n\n\n<p>\u201cN\u00eb fakt gjat\u00eb procesit mund t\u00eb jen\u00eb zhvilluar takime publike por jo d\u00ebgjesa publike, \u2013 sqaron Av. Dorian Matlija, Drejtor Ekzekutiv i Qendr\u00ebs Respublica. \u201cLigji e p\u00ebrcakton qart\u00eb se \u00e7far\u00eb konsiderohet dhe si organizohet nj\u00eb d\u00ebgjes\u00eb publike, duke nisur q\u00eb nga fazat e hershme q\u00eb \u00ebsht\u00eb njoftimi p\u00ebr d\u00ebgjes\u00ebn e deri te organizimi dhe ndarja e informacionit p\u00ebr opinion. Ne e kemi ndjekur procesin nga af\u00ebr dhe mund t\u00eb themi q\u00eb degjesat nuk jan\u00eb zhvilluar sipas p\u00ebrcaktimeve q\u00eb parashikon ligji\u201d p\u00ebrfundon Av. Matlija.<\/p>\n\n\n\n<p>Grupimet e OJF-ve dhe p\u00ebrfaq\u00ebsues t\u00eb bot\u00ebs akademike kan\u00eb ngritur edhe m\u00eb her\u00ebt shqet\u00ebsimet e tyre mbi transparenc\u00ebn e procesit si edhe metodologjin\u00eb e ndjekur duke fshir\u00eb nga ZM-t\u00eb ekzistuese jasht\u00eb \u00e7do lloj k\u00ebrkese ekologjike t\u00eb funksionit t\u00eb nj\u00eb zone t\u00eb mbrojtur. Harta t\u00eb tilla \u2018zonimi\u2019 jan\u00eb jasht\u00eb \u00e7do kriteri t\u00eb mbrojtjes s\u00eb natyr\u00ebs, duke r\u00ebn\u00eb ndesh me shum\u00eb standarde nd\u00ebrkomb\u00ebtare. Nj\u00eb m\u00ebnyr\u00eb e till\u00eb legjitimon shum\u00eb nd\u00ebrhyrje abuzive t\u00eb b\u00ebra n\u00eb gjith\u00eb k\u00ebta vite, dhe l\u00eb shteg edhe p\u00ebr nd\u00ebrhyrje t\u00eb tjera n\u00eb t\u00eb ardhmen.<\/p>\n\n\n\n<p>\u201cNe q\u00eb n\u00eb krye t\u00eb her\u00ebs e kemi cil\u00ebsuar k\u00ebt\u00eb process si t\u00eb domosdosh\u00ebm, por m\u00ebnyra sesi \u00ebsht\u00eb zhvilluar, ka qen\u00eb shum\u00eb e ngutshme dhe e pamundur p\u00ebr t\u2019u realizuar n\u00eb nj\u00eb koh\u00eb kaq t\u00eb shkurt\u00ebr. E kemi theksuar edhe m\u00eb pare se shpallja, rishikimi apo heqja nga rrjeti i nj\u00eb zone t\u00eb caktuar duhet t\u00eb kaloj\u00eb p\u00ebrmes nj\u00eb procesi t\u00eb standardizuar k\u00ebrkimi shkencor, konsultimi t\u00eb gjer\u00eb me pal\u00ebt e interesit dhe aprovimi nd\u00ebrinstitucional. P\u00ebr fat t\u00eb keq, edhe pse e kemi k\u00ebrkuar me forc\u00eb gjat\u00eb 2019-s, kjo nuk ka ndodhur.\u201d- shprehet Prof. Dr. Aleko Miho, Drejtues i Grupit t\u00eb Botanik\u00ebs pran\u00eb Departamentit t\u00eb Biologjis\u00eb n\u00eb Fakultetin e Shkencave t\u00eb Natyr\u00ebs.<\/p>\n\n\n\n<p>Me sa duket AKZM n\u00eb faz\u00ebn finale i ka shp\u00ebrfillur t\u00eb gjith\u00eb argumentat dhe kund\u00ebrshtin\u00eb e shprehura nga OJF-t\u00eb lidhur me rishikimin e Zonave t\u00eb Mbrojtura, duke d\u00ebrguar n\u00eb KKT studimin mbi t\u00eb cilin \u00ebsht\u00eb bazuar edhe projekt-vendimi i dat\u00ebs 28 dhjetor 2020.<\/p>\n\n\n\n<p>\u201cNe e konsiderojm\u00eb t\u00eb d\u00ebmsh\u00ebm, jo tranasparent dhe t\u00eb pabazuar n\u00eb parimet e mbrojtjes s\u00eb natyr\u00ebs k\u00ebt\u00eb vendim t\u00eb KKT, q\u00eb me shum\u00eb gjasa do t\u2019i paraprij\u00eb d\u00ebmtimit t\u00eb pjes\u00ebs m\u00eb t\u00eb vlefshme t\u00eb Rrjetit t\u00eb Zonave t\u00eb Mbrojtura n\u00eb Shqip\u00ebri. P\u00ebr k\u00ebt\u00eb arsye ne i b\u00ebjm\u00eb thirrje Kryeministrit Edi Rama, n\u00eb cil\u00ebsin\u00eb e drejtuesit t\u00eb KKT q\u00eb ta anuloj\u00eb k\u00ebt\u00eb vendim\u201d \u2013 tha Olsi Nika, Drejtor Ekzekutiv i EcoAlbania. \u201cNe si grupim organizatash jemi t\u00eb vendosur t\u00eb ndjekim \u00e7do rrug\u00eb dhe t\u00eb p\u00ebrdorim \u00e7do mjet demokratik q\u00eb t\u00eb kemi nj\u00eb vendimmarrje q\u00eb garanton ruajtjen e Zonave t\u00eb Mbrojtura n\u00eb terma aftatgjat\u00eb\u201d \u2013 p\u00ebrfundoi ai.<\/p>\n","protected":false},"excerpt":{"rendered":"<p>Tiran\u00eb 26 Mars 2021\u2013 Grupimi i organizatave mjedisore dhe bot\u00ebs akademike n\u00eb Shqip\u00ebri, t\u00eb mb\u00ebshtetur nga organizata t\u00eb huaja patnere, [&hellip;]<\/p>\n","protected":false},"author":2,"featured_media":1797,"comment_status":"open","ping_status":"open","sticky":false,"template":"","format":"standard","meta":{"site-sidebar-layout":"default","site-content-layout":"","ast-site-content-layout":"","site-content-style":"default","site-sidebar-style":"default","ast-global-header-display":"","ast-banner-title-visibility":"","ast-main-header-display":"","ast-hfb-above-header-display":"","ast-hfb-below-header-display":"","ast-hfb-mobile-header-display":"","site-post-title":"","ast-breadcrumbs-content":"","ast-featured-img":"","footer-sml-layout":"","theme-transparent-header-meta":"","adv-header-id-meta":"","stick-header-meta":"","header-above-stick-meta":"","header-main-stick-meta":"","header-below-stick-meta":"","astra-migrate-meta-layouts":"default","ast-page-background-enabled":"default","ast-page-background-meta":{"desktop":{"background-color":"var(--ast-global-color-4)","background-image":"","background-repeat":"repeat","background-position":"center center","background-size":"auto","background-attachment":"scroll","background-type":"","background-media":"","overlay-type":"","overlay-color":"","overlay-gradient":""},"tablet":{"background-color":"","background-image":"","background-repeat":"repeat","background-position":"center center","background-size":"auto","background-attachment":"scroll","background-type":"","background-media":"","overlay-type":"","overlay-color":"","overlay-gradient":""},"mobile":{"background-color":"","background-image":"","background-repeat":"repeat","background-position":"center center","background-size":"auto","background-attachment":"scroll","background-type":"","background-media":"","overlay-type":"","overlay-color":"","overlay-gradient":""}},"ast-content-background-meta":{"desktop":{"background-color":"var(--ast-global-color-5)","background-image":"","background-repeat":"repeat","background-position":"center center","background-size":"auto","background-attachment":"scroll","background-type":"","background-media":"","overlay-type":"","overlay-color":"","overlay-gradient":""},"tablet":{"background-color":"var(--ast-global-color-5)","background-image":"","background-repeat":"repeat","background-position":"center center","background-size":"auto","background-attachment":"scroll","background-type":"","background-media":"","overlay-type":"","overlay-color":"","overlay-gradient":""},"mobile":{"background-color":"var(--ast-global-color-5)","background-image":"","background-repeat":"repeat","background-position":"center center","background-size":"auto","background-attachment":"scroll","background-type":"","background-media":"","overlay-type":"","overlay-color":"","overlay-gradient":""}},"footnotes":""},"categories":[6],"tags":[],"_links":{"self":[{"href":"https:\/\/www.respublica.org.al\/web\/index.php?rest_route=\/wp\/v2\/posts\/1796"}],"collection":[{"href":"https:\/\/www.respublica.org.al\/web\/index.php?rest_route=\/wp\/v2\/posts"}],"about":[{"href":"https:\/\/www.respublica.org.al\/web\/index.php?rest_route=\/wp\/v2\/types\/post"}],"author":[{"embeddable":true,"href":"https:\/\/www.respublica.org.al\/web\/index.php?rest_route=\/wp\/v2\/users\/2"}],"replies":[{"embeddable":true,"href":"https:\/\/www.respublica.org.al\/web\/index.php?rest_route=%2Fwp%2Fv2%2Fcomments&post=1796"}],"version-history":[{"count":7,"href":"https:\/\/www.respublica.org.al\/web\/index.php?rest_route=\/wp\/v2\/posts\/1796\/revisions"}],"predecessor-version":[{"id":1816,"href":"https:\/\/www.respublica.org.al\/web\/index.php?rest_route=\/wp\/v2\/posts\/1796\/revisions\/1816"}],"wp:featuredmedia":[{"embeddable":true,"href":"https:\/\/www.respublica.org.al\/web\/index.php?rest_route=\/wp\/v2\/media\/1797"}],"wp:attachment":[{"href":"https:\/\/www.respublica.org.al\/web\/index.php?rest_route=%2Fwp%2Fv2%2Fmedia&parent=1796"}],"wp:term":[{"taxonomy":"category","embeddable":true,"href":"https:\/\/www.respublica.org.al\/web\/index.php?rest_route=%2Fwp%2Fv2%2Fcategories&post=1796"},{"taxonomy":"post_tag","embeddable":true,"href":"https:\/\/www.respublica.org.al\/web\/index.php?rest_route=%2Fwp%2Fv2%2Ftags&post=1796"}],"curies":[{"name":"wp","href":"https:\/\/api.w.org\/{rel}","templated":true}]}}