{"id":1830,"date":"2021-04-14T16:56:28","date_gmt":"2021-04-14T14:56:28","guid":{"rendered":"http:\/\/www.respublica.org.al\/?p=1830"},"modified":"2021-04-14T16:56:28","modified_gmt":"2021-04-14T14:56:28","slug":"aktiviste-te-qytetit-te-tiranes-vazhdojne-betejen-ligjore-kunder-ndertimeve-ne-parkun-e-liqenit-artificial-ne-tirane","status":"publish","type":"post","link":"https:\/\/www.respublica.org.al\/web\/?p=1830","title":{"rendered":"Aktivist\u00eb t\u00eb qytetit t\u00eb Tiran\u00ebs  vazhdojn\u00eb betej\u00ebn ligjore kund\u00ebr nd\u00ebrtimeve n\u00eb parkun e Liqenit Artificial n\u00eb Tiran\u00eb"},"content":{"rendered":"\n<div class=\"wp-block-cover has-background-dim\" style=\"background-image:url(http:\/\/www.respublica.org.al\/wp-content\/uploads\/2021\/04\/Protesta-tek-parku-i-liqenit.jpg);min-height:338px;aspect-ratio:unset;\"><div class=\"wp-block-cover__inner-container is-layout-flow wp-block-cover-is-layout-flow\">\n<p class=\"has-text-align-center has-large-font-size\"><\/p>\n<\/div><\/div>\n\n\n\n<p><\/p>\n\n\n\n<blockquote class=\"wp-block-quote is-layout-flow wp-block-quote-is-layout-flow\"><p><strong>T\u00eb p\u00ebfaq\u00ebsi i aktivist\u00ebve, av Dorian Matlija: Gjykat\u00ebs s\u00eb Lart\u00eb i \u00ebsht\u00eb k\u00ebrkuar rigjykimi i abuzimeve t\u00eb Bashkis\u00eb s\u00eb Tiran\u00ebs nga gjykata e apelit, me nj\u00eb tjet\u00ebr trup\u00eb gjyq\u00ebsore<\/strong><\/p><\/blockquote>\n\n\n\n<p>Aktivist\u00ebt e shoq\u00ebris\u00eb civile vijojn\u00eb betej\u00ebn ligjore p\u00ebr t\u00eb shpallur t\u00eb pavlefshme aktet administrative dhe t\u00eb paligjsh\u00ebm zbatimin e projektit t\u00eb Bashkis\u00eb s\u00eb Tiran\u00ebs p\u00ebr nd\u00ebrtimin e nj\u00eb parku loj\u00ebrash tek Liqeni Artificial.<\/p>\n\n\n\n<p>N\u00eb shkurt t\u00eb vitit 2016, Bashkia e Tiran\u00ebs befasoi publikun kur rrethoi pa paralajm\u00ebrim disa mij\u00ebra metra t\u00eb Parkut t\u00eb Liqenit dhe lajm\u00ebroi planet p\u00ebr t\u00eb nd\u00ebrtuar nj\u00eb park lodrash p\u00ebr f\u00ebmij\u00eb. Qindra pjes\u00ebtar\u00eb t\u00eb shoq\u00ebris\u00eb civile dhe organizata mjedisore protestuan ndaj projektit duke akuzuar Bashkin\u00eb se ka nd\u00ebrhyr\u00eb n\u00eb m\u00ebnyr\u00eb shkat\u00ebrrimtare dhe jo ligjore n\u00eb betonimin e parkun.<\/p>\n\n\n\n<p>P\u00ebr m\u00eb shum\u00eb se 80-t\u00eb dit\u00eb, aktivist\u00ebt kund\u00ebrshtuan projektin n\u00eb protesta q\u00eb u p\u00ebrshkall\u00ebzuan disa her\u00eb n\u00eb dhun\u00eb.<\/p>\n\n\n\n<p>Andi Tepelena, Ervin Goci dhe Rezarta Caushaj, etj., iu drejtuan gjykat\u00ebs administrative t\u00eb Tiran\u00ebs duke paditur bashkin\u00eb se p\u00ebr nd\u00ebrtimin e projektit ka shkelur ligjin nr. 10 431, dat\u00eb 9.6.2011 \u201cP\u00ebr mbrojtjen e mjedisit\u201d; Ligjin nr. 8672, dat\u00eb 26.10.2000 \u201cP\u00ebr t\u00eb drejt\u00ebn e publikut p\u00ebr t\u00eb pasur informacion, p\u00ebr t\u00eb marr\u00eb pjes\u00eb n\u00eb vendimmarrje dhe p\u00ebr t\u2019iu drejtuar gjykat\u00ebs p\u00ebr \u00e7\u00ebshtjet e mjedisit\u201d dhe Ligjin nr.10 440, dat\u00eb 7.7. 2011 \u201cP\u00ebr vler\u00ebsimin e ndikimit n\u00eb mjedis\u201d, etj.<\/p>\n\n\n\n<p>Padit\u00ebsit ngrit\u00ebn pretendimin se dispozitat e shkelura kan\u00eb sjell\u00eb zhvillimin e nj\u00eb leje nd\u00ebrtimi pa marr\u00eb m\u00eb par\u00eb leje t\u00eb posa\u00e7me mjedisore dhe pa kryer konsultime publike sipas dispozitave ligjore. Konkretisht legjislacioni i referuar si shkak ligjor k\u00ebrkon q\u00eb pjes\u00eb e dokumentacionit lejues t\u00eb nd\u00ebrtimit t\u00eb nj\u00eb parku tematik n\u00eb nj\u00eb zon\u00eb t\u00eb mbrojtur, Park Komb\u00ebtar, nuk mjafton nj\u00eb leje nd\u00ebrtimi por duhet edhe miratimi i lejeve mjedisore si Vler\u00ebsim Strategjik Mjedisor, Vler\u00ebsim i Ndikimit n\u00eb Mjedis dhe leje t\u00eb tjera mjedisore si dhe konsultimi publik q\u00eb shoq\u00ebron k\u00ebto vler\u00ebsime. T\u00eb gjitha k\u00ebto detyrime ligjore nuk jan\u00eb p\u00ebrmbushur nga Bashkia e Tiran\u00ebs, e cila vijoi punimet p\u00ebr nd\u00ebrtimin e k\u00ebndit t\u00eb loj\u00ebrave.<\/p>\n\n\n\n<p>N\u00eb korrik t\u00eb atij viti, Gjykata Administrative vendosi rr\u00ebzimin e k\u00ebrkes\u00ebs s\u00eb padis\u00eb s\u00eb aktivist\u00ebve, duke mos legjitimuar padit\u00ebsit, me argumentin se ata duke mos qen\u00eb pronar\u00eb t\u00eb prekur t\u00eb liqenit nuk ishin d\u00ebmtuar drejtp\u00ebrs\u00ebdrejti. Mbi k\u00ebt\u00eb arsyetim gjykata nuk u thellua t\u00eb merrte n\u00eb shqyrtim argumentet p\u00ebr paligjshm\u00ebrin\u00eb e zbatimit t\u00eb projektit.<\/p>\n\n\n\n<p>Ky vendim q\u00eb u la n\u00eb fuqi n\u00eb Dhjetor t\u00eb vitit 2020 nga Gjykata Administrative e Apelit Tiran\u00eb, por kjo e fundit, ndryshe nga gjykata e shkall\u00ebs s\u00eb par\u00eb, i njohu t\u00eb drejt\u00ebn aktivist\u00ebve n\u00eb ngritjen e padis\u00eb por nuk vler\u00ebsoi drejt k\u00ebrkimet e tyre n\u00eb lidhje me paligjshm\u00ebrin\u00eb e zbatimit t\u00eb projektit. Kjo ishte hera e par\u00eb q\u00eb nj\u00eb gjykat\u00eb e k\u00ebtij niveli njeh legjitimimin e \u00e7do qytetari p\u00ebr t\u00eb ngritur padi p\u00ebr \u00e7\u00ebshtje mjedisore, pavar\u00ebsisht se preket apo jo n\u00eb m\u00ebnyr\u00eb direkt dhe \u00ebsht\u00eb apo jo i organizuar n\u00eb form\u00ebn e nj\u00eb shoqate.<\/p>\n\n\n\n<p>Pik\u00ebrisht ndaj k\u00ebtij vendimi, aktivist\u00ebt duke qen\u00eb t\u00eb bindur n\u00eb t\u00eb drejt\u00ebn e tyre kan\u00eb b\u00ebr\u00eb rekurs n\u00eb Gjykat\u00ebn e Lart\u00eb duke k\u00ebrkuar, &#8220;Prishjen e vendimit nr. 1066, dat\u00eb 17.12.2020 t\u00eb Gjykat\u00ebs Administrative t\u00eb Apelit dhe d\u00ebrgimin e \u00e7\u00ebshtjes p\u00ebr rigjykim n\u00eb k\u00ebt\u00eb gjykat\u00eb me tjet\u00ebr trup gjykues&#8221;.<\/p>\n\n\n\n<p>N\u00eb rekursin e dor\u00ebzuar n\u00eb gjykat\u00eb m\u00eb 12 prill 2021, avokati i padit\u00ebsve Dorian Matlija argumenton se: &#8220;Gjykatat kan\u00eb shkelur r\u00ebnd\u00eb ligjin pasi kan\u00eb vler\u00ebsuar si t\u00eb vlefsh\u00ebm nj\u00eb akt administrativ (lejen e nd\u00ebrtimit) dhe si t\u00eb ligjshme veprimet (zhvillimin e lejes s\u00eb nd\u00ebrtimit) pa konsultuar vet\u00eb ligjin, por duke u bazuar n\u00eb nj\u00eb shkres\u00eb t\u00eb Ministris\u00eb s\u00eb Mjedisit, e cili p\u00ebr m\u00eb tep\u00ebr \u00ebsht\u00eb nj\u00eb akt absolutisht i pavlefsh\u00ebm, i kontestuesh\u00ebm kryesisht nga vet\u00eb gjykata&#8221;.<\/p>\n\n\n\n<p>Shmangia nga procesi i hartimit dhe konsultimit t\u00eb VNM-s\u00eb nga Bashkia Tiran\u00eb \u00ebsht\u00eb marr\u00eb n\u00eb shqyrtim nga gjykatat, t\u00eb cilat kan\u00eb pranuar n\u00eb m\u00ebnyr\u00eb t\u00eb nj\u00ebanshme se veprimet jan\u00eb n\u00eb kushte ligjshm\u00ebrie pasi Ministria e Mjedisit n\u00eb nj\u00eb shkres\u00eb t\u00eb saj pohon se nuk ka nevoj\u00eb ky nd\u00ebrtim p\u00ebr VNM.<\/p>\n\n\n\n<p>&#8220;Gjykata nuk mund t\u00eb marr\u00eb t\u00eb mir\u00ebqen\u00eb p\u00ebrmbajtjen e nj\u00eb shkrese por ka p\u00ebr detyr\u00eb t\u00eb vler\u00ebsoj\u00eb vet\u00eb ligjin. N\u00ebse ligji k\u00ebrkon kryerjen e nj\u00eb VNM-je, kjo duhej vler\u00ebsuar nga gjykata, pavar\u00ebsisht se nj\u00eb zyrtar jokompetent i nj\u00eb ministrie thot\u00eb t\u00eb kund\u00ebrt\u00ebn n\u00eb nj\u00eb shkres\u00eb absolutisht t\u00eb pavlefshme.<\/p>\n\n\n\n<p>Duke vepruar k\u00ebshtu, gjykata nuk ka zhvilluar nj\u00eb hetim t\u00eb plot\u00eb dhe nuk ka arsyetuar drejt mbi faktet, duke p\u00ebrfshir\u00eb k\u00ebtu edhe leximin e tekstit t\u00eb ligjit nga vet\u00eb gjykata, por duke mbetur vet\u00ebm n\u00eb nj\u00eb referenc\u00eb t\u00eb thjesht\u00eb te nj\u00eb interpretimi i nj\u00eb zyrtari jokompetent. N\u00eb k\u00ebt\u00eb m\u00ebnyr\u00eb cenohet r\u00ebnd\u00eb procesi i rregullt ligjor&#8230;&#8221;- argumenton avokati Matlija.<\/p>\n\n\n\n<p>Punimet e nd\u00ebrtimit t\u00eb nisura n\u00eb paligjshm\u00ebri t\u00eb plot\u00eb dhe duke anashkaluar t\u00ebr\u00ebsisht institucionet e mbrojtjes s\u00eb mjedisit, u kryen brenda zon\u00ebs s\u00eb identifikuar si Kurora e Gjelb\u00ebr e Tiran\u00ebs,<\/p>\n\n\n\n<p>&#8220;Bashkia e Tiran\u00ebs, jo vet\u00ebm q\u00eb nuk ka hartuar raportin paraprak t\u00eb VNM-s\u00eb si\u00e7 k\u00ebrkohet nga Ligji i VNM-s\u00eb p\u00ebr parqet tematike dhe nuk ka aplikuar p\u00ebr ndjekjen e procesit t\u00eb VNM-s\u00eb paraprake, por mbi t\u00eb gjitha ka nisur punimet e nd\u00ebrtimit t\u00eb parkut t\u00eb loj\u00ebrave q\u00eb n\u00eb dat\u00ebn 10 Shkurt 2016 pa asnj\u00eb akt t\u00eb vlefsh\u00ebm administrative q\u00eb miratonte kryerjen e punimeve t\u00eb nd\u00ebrtimit n\u00eb fjal\u00eb. Me an\u00eb t\u00eb k\u00ebsaj veprimtarie, Bashkia e Tiran\u00ebs jo vet\u00ebm ka shkelur legjislacionin n\u00eb fuqi n\u00eb lidhje me zhvillimin e territorit dhe vler\u00ebsimit t\u00eb ndikimit n\u00eb mjedis, duke kryer nj\u00eb veprimtari t\u00eb paligjshme administrative, por ka penguar edhe ushtrimin e t\u00eb drejtave t\u00eb publikut t\u00eb interesuar p\u00ebr t\u00eb marr\u00eb pjes\u00eb n\u00eb vendimmarrjen mjedisore&#8221;- argumentohet n\u00eb rekursin e b\u00ebr\u00eb n\u00eb gjykat\u00ebn e lart\u00eb s\u00eb cil\u00ebs i k\u00ebrkohet shfuqizimin i lejes s\u00eb nd\u00ebrtimit p\u00ebr parkun e loj\u00ebrave dhe rigjykimin e \u00e7\u00ebshtjes nga nj\u00eb trup tjet\u00ebr gjykuese.<\/p>\n\n\n\n<p>Parku i Madh i Liqenit Artificial t\u00eb Tiran\u00ebs u krijua n\u00eb vitin 1958, me nj\u00eb sip\u00ebrfaqe prej 250 ha. M\u00eb pas, rreth Parkut u nd\u00ebrtuan objekte, si Kopshti Zoologjik, Rruga e 1000 selvive, Varrezat e D\u00ebshmor\u00ebve e Fidanishtja, t\u00eb cilat e rrit\u00ebn sip\u00ebrfaqen e tij n\u00eb 440 ha.<\/p>\n\n\n\n<p>Sot, e gjith\u00eb kjo hap\u00ebsir\u00eb \u00ebsht\u00eb zvog\u00ebluar me nd\u00ebrtime q\u00eb jan\u00eb miratuar nga t\u00eb kat\u00ebrta an\u00ebt e Parkut, as sa m\u00eb s\u00eb shumti i shkon p\u00ebr shtat fjala kopsht mes nd\u00ebrtimeve q\u00eb jan\u00eb shtrir\u00eb n\u00eb k\u00ebt\u00eb an\u00eb t\u00eb kryeqytetit.<\/p>\n","protected":false},"excerpt":{"rendered":"<p>T\u00eb p\u00ebfaq\u00ebsi i aktivist\u00ebve, av Dorian Matlija: Gjykat\u00ebs s\u00eb Lart\u00eb i \u00ebsht\u00eb k\u00ebrkuar rigjykimi i abuzimeve t\u00eb Bashkis\u00eb s\u00eb Tiran\u00ebs [&hellip;]<\/p>\n","protected":false},"author":2,"featured_media":1831,"comment_status":"open","ping_status":"open","sticky":false,"template":"","format":"standard","meta":{"site-sidebar-layout":"default","site-content-layout":"","ast-site-content-layout":"","site-content-style":"default","site-sidebar-style":"default","ast-global-header-display":"","ast-banner-title-visibility":"","ast-main-header-display":"","ast-hfb-above-header-display":"","ast-hfb-below-header-display":"","ast-hfb-mobile-header-display":"","site-post-title":"","ast-breadcrumbs-content":"","ast-featured-img":"","footer-sml-layout":"","theme-transparent-header-meta":"","adv-header-id-meta":"","stick-header-meta":"","header-above-stick-meta":"","header-main-stick-meta":"","header-below-stick-meta":"","astra-migrate-meta-layouts":"default","ast-page-background-enabled":"default","ast-page-background-meta":{"desktop":{"background-color":"var(--ast-global-color-4)","background-image":"","background-repeat":"repeat","background-position":"center center","background-size":"auto","background-attachment":"scroll","background-type":"","background-media":"","overlay-type":"","overlay-color":"","overlay-gradient":""},"tablet":{"background-color":"","background-image":"","background-repeat":"repeat","background-position":"center center","background-size":"auto","background-attachment":"scroll","background-type":"","background-media":"","overlay-type":"","overlay-color":"","overlay-gradient":""},"mobile":{"background-color":"","background-image":"","background-repeat":"repeat","background-position":"center center","background-size":"auto","background-attachment":"scroll","background-type":"","background-media":"","overlay-type":"","overlay-color":"","overlay-gradient":""}},"ast-content-background-meta":{"desktop":{"background-color":"var(--ast-global-color-5)","background-image":"","background-repeat":"repeat","background-position":"center center","background-size":"auto","background-attachment":"scroll","background-type":"","background-media":"","overlay-type":"","overlay-color":"","overlay-gradient":""},"tablet":{"background-color":"var(--ast-global-color-5)","background-image":"","background-repeat":"repeat","background-position":"center center","background-size":"auto","background-attachment":"scroll","background-type":"","background-media":"","overlay-type":"","overlay-color":"","overlay-gradient":""},"mobile":{"background-color":"var(--ast-global-color-5)","background-image":"","background-repeat":"repeat","background-position":"center center","background-size":"auto","background-attachment":"scroll","background-type":"","background-media":"","overlay-type":"","overlay-color":"","overlay-gradient":""}},"footnotes":""},"categories":[6],"tags":[],"_links":{"self":[{"href":"https:\/\/www.respublica.org.al\/web\/index.php?rest_route=\/wp\/v2\/posts\/1830"}],"collection":[{"href":"https:\/\/www.respublica.org.al\/web\/index.php?rest_route=\/wp\/v2\/posts"}],"about":[{"href":"https:\/\/www.respublica.org.al\/web\/index.php?rest_route=\/wp\/v2\/types\/post"}],"author":[{"embeddable":true,"href":"https:\/\/www.respublica.org.al\/web\/index.php?rest_route=\/wp\/v2\/users\/2"}],"replies":[{"embeddable":true,"href":"https:\/\/www.respublica.org.al\/web\/index.php?rest_route=%2Fwp%2Fv2%2Fcomments&post=1830"}],"version-history":[{"count":2,"href":"https:\/\/www.respublica.org.al\/web\/index.php?rest_route=\/wp\/v2\/posts\/1830\/revisions"}],"predecessor-version":[{"id":1833,"href":"https:\/\/www.respublica.org.al\/web\/index.php?rest_route=\/wp\/v2\/posts\/1830\/revisions\/1833"}],"wp:featuredmedia":[{"embeddable":true,"href":"https:\/\/www.respublica.org.al\/web\/index.php?rest_route=\/wp\/v2\/media\/1831"}],"wp:attachment":[{"href":"https:\/\/www.respublica.org.al\/web\/index.php?rest_route=%2Fwp%2Fv2%2Fmedia&parent=1830"}],"wp:term":[{"taxonomy":"category","embeddable":true,"href":"https:\/\/www.respublica.org.al\/web\/index.php?rest_route=%2Fwp%2Fv2%2Fcategories&post=1830"},{"taxonomy":"post_tag","embeddable":true,"href":"https:\/\/www.respublica.org.al\/web\/index.php?rest_route=%2Fwp%2Fv2%2Ftags&post=1830"}],"curies":[{"name":"wp","href":"https:\/\/api.w.org\/{rel}","templated":true}]}}