{"id":1840,"date":"2021-04-22T15:59:24","date_gmt":"2021-04-22T13:59:24","guid":{"rendered":"http:\/\/www.respublica.org.al\/?p=1840"},"modified":"2021-04-22T15:59:24","modified_gmt":"2021-04-22T13:59:24","slug":"gjykata-evropiane-vendim-i-paprecedente-mbi-ceshtjen-e-sekuestrimit-te-kompiuterave-te-lapsi-al","status":"publish","type":"post","link":"https:\/\/www.respublica.org.al\/web\/?p=1840","title":{"rendered":"Gjykata Evropiane, vendim i paprecedent\u00eb mbi \u00e7\u00ebshtjen e sekuestrimit te kompiuterave te Lapsi.al"},"content":{"rendered":"\n<h2 class=\"wp-block-heading\">Avokati Matlija:\u00a0 SPAK t\u00eb shkoj\u00eb n\u00eb PS dhe institucionet e tjera p\u00ebr marrjen e t\u00eb dh\u00ebnave\u00a0 n\u00ebse do t\u00eb hetoj\u00eb skandalin e p\u00ebrdorimit t\u00eb t\u00eb dh\u00ebnave personale.<\/h2>\n\n\n\n<figure class=\"wp-block-image size-large\"><a href=\"http:\/\/www.respublica.org.al\/wp-content\/uploads\/2021\/04\/Slovacchia-Lubomir-Kotrha-pencilfree03.5ee245dd77c824.72392144.jpg\"><img fetchpriority=\"high\" decoding=\"async\" width=\"800\" height=\"560\" src=\"http:\/\/www.respublica.org.al\/wp-content\/uploads\/2021\/04\/Slovacchia-Lubomir-Kotrha-pencilfree03.5ee245dd77c824.72392144.jpg\" alt=\"\" class=\"wp-image-1841\" srcset=\"https:\/\/www.respublica.org.al\/web\/wp-content\/uploads\/2021\/04\/Slovacchia-Lubomir-Kotrha-pencilfree03.5ee245dd77c824.72392144.jpg 800w, https:\/\/www.respublica.org.al\/web\/wp-content\/uploads\/2021\/04\/Slovacchia-Lubomir-Kotrha-pencilfree03.5ee245dd77c824.72392144-300x210.jpg 300w, https:\/\/www.respublica.org.al\/web\/wp-content\/uploads\/2021\/04\/Slovacchia-Lubomir-Kotrha-pencilfree03.5ee245dd77c824.72392144-768x538.jpg 768w\" sizes=\"(max-width: 800px) 100vw, 800px\" \/><\/a><\/figure>\n\n\n\n<p>Gjykata Evropiane e t\u00eb Drejtave t\u00eb Njeriut n\u00eb Strasburg, komunikoi&nbsp; m\u00eb 22 Prill 2021, vendimin p\u00ebr&nbsp; mas\u00eb sigurie, p\u00ebr t\u00eb mos lejuar sekuestrimin e serverave dhe t\u00eb dh\u00ebnave kompjuterike, t\u00eb medias online Lapsi.al, deri n\u00eb momentin kur \u00e7\u00ebshtja t\u00eb gjykohet n\u00eb themel nga GJEDN.<\/p>\n\n\n\n<p>Vendimi u marr pas nj\u00eb k\u00ebrkes\u00eb p\u00ebr pezullim t\u00eb d\u00ebrguar n\u00eb k\u00ebt\u00eb gjykat\u00eb nga aplikant\u00ebt Aramand Shkullaku,&nbsp; Andi Bushati dhe Lapsi .al&nbsp; t\u00eb p\u00ebrfaq\u00ebsuar nga avokati Dorian Matlija. K\u00ebrkesa \u00ebsht\u00eb d\u00ebrguar mbr\u00ebmjen e 19 Prillit 2021, menj\u00ebher\u00eb pas vendimit t\u00eb dh\u00ebn\u00eb nga Gjykat\u00ebs s\u00eb Posa\u00e7me t\u00eb Shkall\u00ebs s\u00eb Par\u00eb p\u00ebr Korrupsionin dhe Krimin e Organizuar, e cila lejonte prokurorin\u00eb t\u00eb sekuestronte&nbsp; kompjuter\u00ebt, celular\u00ebt dhe \u00e7do paisje elektronike t\u00eb redaksis\u00eb s\u00eb Lapsi.al.<\/p>\n\n\n\n<p>N\u00eb nj\u00eb intervist\u00eb avokati Dorian Matlija, shpjegon&nbsp; r\u00ebnd\u00ebsin\u00eb q\u00eb ky vendim i Gjykat\u00ebs s\u00eb Strasburgut ka p\u00ebr lirin\u00eb e medias n\u00eb Shqip\u00ebri, q\u00eb duksh\u00ebm sipas vendimit, \u00ebsht\u00eb cenuar nga veprimet hetimore t\u00eb Prokuroris\u00eb s\u00eb Posa\u00e7me kund\u00ebr Korrupsionit dhe Krimit t\u00eb Organizuar.<\/p>\n\n\n\n<p><strong>Z. Matlija, p\u00ebrse iu vendos\u00ebt ti drejtoheshit Gjykata Evropiane e t\u00eb Drejtave t\u00eb Njeriut n\u00eb Strasburg, kur n\u00eb pamje t\u00eb par\u00eb duket se kemi t\u00eb b\u00ebjm\u00eb p\u00ebr nj\u00eb hetim&nbsp; q\u00eb i p\u00ebrket \u00e7\u00ebshtjeve t\u00eb brendshme t\u00eb nj\u00eb shteti?<\/strong><\/p>\n\n\n\n<p>Nisur nga fakti q\u00eb&nbsp; vendimi i&nbsp; Gjykat\u00ebs s\u00eb Posa\u00e7me t\u00eb Shkall\u00ebs s\u00eb Par\u00eb p\u00ebr Korrupsionin dhe Krimin e Organizuar lejonte sekuestrimin e serverave dhe t\u00eb dh\u00ebnave kompjuterike, t\u00eb medias online Lapsi.al, ishte nj\u00eb vendim shum\u00eb i rreziksh\u00ebm p\u00ebr standardet e lir\u00ebs s\u00eb shprehjes dhe konkretisht mbrojtjen e burimeve t\u00eb gazetar\u00ebve,&nbsp; si dhe&nbsp; p\u00ebr faktin q\u00eb ligji shqiptar nuk parashikon asnj\u00eb mekaniz\u00ebm p\u00ebr t\u00eb pezulluar&nbsp; nj\u00eb urdh\u00ebr t\u00eb till\u00eb, qoft\u00eb edhe duke u ankuar n\u00eb Gjykat\u00ebn e Apelit,&nbsp; e vetmja mund\u00ebsi mbetej&nbsp; q\u00eb t\u00eb k\u00ebrkonin nd\u00ebrhyrjen nga Gjykata Evropiane e t\u00eb Drejtave t\u00eb Njeriut n\u00eb Strasburg.<\/p>\n\n\n\n<p>P\u00ebr k\u00ebt\u00eb k\u00ebt\u00eb arsye, un\u00eb dhe kolegu im, Theodors Alexandritis,&nbsp; p\u00ebrpara se t\u00eb b\u00ebhej nj\u00eb d\u00ebm tep\u00ebr i r\u00ebnd\u00eb dhe i pariparuesh\u00ebm, pat\u00ebm iden\u00eb&nbsp; t\u00eb nd\u00ebrmarrin k\u00ebt\u00eb hap t\u00eb pazakont\u00eb.<\/p>\n\n\n\n<p>N\u00eb rregulloren e Gjykat\u00ebs s\u00eb Strasburgut ka nj\u00eb nen,&nbsp; me nr 39,&nbsp; q\u00eb&nbsp; parashikon&nbsp; t\u00eb drejt\u00ebn e k\u00ebsaj gjykat\u00eb p\u00ebr t\u00eb nd\u00ebrhyr\u00eb n\u00eb masa urgjente&nbsp; kur jemi p\u00ebrpara nj\u00eb rasti ekstrem t\u00eb shkeljes s\u00eb drejtave t\u00eb njeriut. Duke shfryt\u00ebzuar k\u00ebt\u00eb nen t\u00eb Gjykat\u00ebs&nbsp; s\u00eb Strasburgut ne iu drejtuam me dat\u00eb 18 Prill 21 k\u00ebsaj gjykat\u00eb me nj\u00eb k\u00ebrkes\u00eb p\u00ebr pezullimin e vendimit t\u00eb marr\u00eb nga Gjykat\u00ebs s\u00eb Posa\u00e7me t\u00eb Shkall\u00ebs s\u00eb Par\u00eb p\u00ebr Korrupsionin dhe Krimin e Organizuar.<\/p>\n\n\n\n<p><strong>M\u00ebngjesin e s\u00eb enjtes, m\u00eb 22 Prill 2021, pra vet\u00ebm pas dy dit\u00ebsh nga d\u00ebrgimi i k\u00ebrkes\u00ebs suaj, Gjykata e Strasburgut del me vendim p\u00ebr&nbsp; mas\u00eb sigurie, p\u00ebr t\u00eb mos lejuar sekuestrimin e serverave dhe t\u00eb dh\u00ebnave kompjuterike, t\u00eb medias online Lapsi.al,.&nbsp; N\u00eb dijenin\u00eb tuaj, ka pasur raste&nbsp; t\u00eb ngjashme q\u00eb Gjykata e Strasburgut ka reaguar kaq shpejt?<\/strong><\/p>\n\n\n\n<p>N\u00eb dijenin\u00eb time, masat&nbsp; urgjente&nbsp; nga Gjykata e Strasburgut merren vet\u00ebm kur i k\u00ebrc\u00ebnohet jeta ose integriteti fizik i personit&nbsp; por edhe p\u00ebr \u00e7\u00ebshtje t\u00eb liris\u00eb s\u00eb shprehjes. Un\u00eb di q\u00eb deri m\u00eb tani&nbsp; ka pasur nj\u00eb rast t\u00eb ngjash\u00ebm. B\u00ebhet fjal\u00eb p\u00ebr&nbsp; \u00e7\u00ebshtjen &#8220;Sedletska kund\u00ebr Ukrain\u00ebs&#8221;- kur n\u00eb vitin 2018&nbsp; Gjykata e Strasburgut&nbsp; morri nj\u00eb mas\u00eb t\u00eb ngjashme. Sedletska&nbsp; ishte nj\u00eb gazetare ndaj s\u00eb cil\u00ebs n\u00eb Ukrain\u00eb u urdh\u00ebrua sekuestrimi i telefonit,&nbsp; si\u00e7 \u00ebsht\u00eb dhe rasti&nbsp; q\u00eb Gjykata n\u00eb Shqip\u00ebri&nbsp; urdh\u00ebroi t\u00eb sekuestroheshin telefonat, USB, server, CD&nbsp; e \u00e7do gj\u00eb tjet\u00ebr&nbsp; elektronike&nbsp; q\u00eb mban gazeta Lapsi.al&nbsp; dhe administrator\u00ebt e saj.<\/p>\n\n\n\n<p>Pa dyshim,&nbsp; q\u00eb rasti kund\u00ebr Lapsit \u00ebsht\u00eb rast edhe m\u00eb i r\u00ebnd\u00eb se ai&nbsp; i Sedletsk\u00ebs n\u00eb Ukrain\u00eb, sepse jo vet\u00ebm mund t\u00eb zbulohen&nbsp; burimet e gazetarit&nbsp; dhe sekretet profesionale t\u00eb tij&nbsp; por dhe e l\u00eb gazet\u00ebn pa pun\u00eb duke urdh\u00ebruar&nbsp; sekuestrimin e t\u00eb gjith\u00eb baz\u00ebn materiale.<\/p>\n\n\n\n<p><strong>Cilat jan\u00eb veprimet e Gjykat\u00ebs s\u00eb Strasburgut p\u00ebr t\u00eb dal\u00eb me nj\u00eb vendim t\u00eb till\u00eb. Mjaftohet gjykata vet\u00ebm me k\u00ebrkes\u00ebn e p\u00ebr pezullim t\u00eb nj\u00eb vendimi&nbsp; t\u00eb d\u00ebrguar nga nj\u00eb pal\u00eb?<\/strong><\/p>\n\n\n\n<p>&nbsp;Gjykata e Strasburgut&nbsp; b\u00ebn veprimet duke verifikuar \u00e7do pretendim t\u00eb paraqitur nga pal\u00ebt.<\/p>\n\n\n\n<p>S\u00eb pari vler\u00ebson dokumentet e d\u00ebrguara dhe legjislacionin vendas. M\u00eb pas merr&nbsp; kontakte me qeverin\u00eb p\u00ebr tu siguruar q\u00eb situata,&nbsp;&nbsp; s\u00eb pari \u00ebsht\u00eb serioze,&nbsp; s\u00eb dyti&nbsp; veprimi pritet t\u00eb ndodh menj\u00ebher\u00eb,&nbsp; s\u00eb treti&nbsp; q\u00eb nuk ka asnj\u00eb mund\u00ebsi sipas ligjit vendas p\u00ebr ta zgjidhur konfliktin ndryshe. Pasi sigurohet q\u00eb d\u00ebmi mund t\u00eb vij n\u00eb \u00e7do \u00e7ast se nuk ka asnj\u00eb&nbsp; mekaniz\u00ebm mbrojt\u00ebs ligjor tjet\u00ebr&nbsp; dhe q\u00eb organet shtet\u00ebrore kan\u00eb&nbsp; vullnetin p\u00ebr t\u00eb \u00e7uar deri n\u00eb fund vendimin e marr\u00eb, at\u00ebher\u00eb Gjykata e Strasburgut,&nbsp; n\u00ebse&nbsp; sheh q\u00eb ka cenim&nbsp; edhe&nbsp; t\u00eb&nbsp; parimeve t\u00eb drejtave&nbsp; themelor\u00eb&nbsp; t\u00eb njeriut,&nbsp; n\u00eb rastin konkret, mbrojta e burimeve t\u00eb gazetarit si garanci p\u00ebr lirin\u00eb e medias, vendosi&nbsp; t\u00eb nd\u00ebrhyj urgjentisht&nbsp; n\u00eb pun\u00ebt e brendshme&nbsp; t\u00eb nj\u00eb shteti&nbsp; dhe t\u00eb frenoj\u00eb veprimet,&nbsp; sa po ndodhur d\u00ebmi i r\u00ebnd\u00eb dhe i&nbsp; pa riparuesh\u00ebm.<\/p>\n\n\n\n<p><strong>A do ta konsideroni k\u00ebt\u00eb vendim t\u00eb Gjykat\u00ebs s\u00eb Strasburgut nj\u00eb fitore t\u00eb media n\u00eb Shqip\u00ebri?<\/strong><\/p>\n\n\n\n<p>Patjet\u00ebr q\u00eb po,&nbsp; por mbi t\u00eb gjitha \u00ebsht\u00eb fitore e standardeve&nbsp; t\u00eb cil\u00ebt&nbsp; sot i vijn\u00eb n\u00eb form\u00ebn e nj\u00eb leksioni edhe organeve t\u00eb reja t\u00eb drejt\u00ebsis\u00eb.<\/p>\n\n\n\n<p><strong>Z. Matlija, nj\u00eb vler\u00ebsimin tuaj, ky vendim i Gjykat\u00ebs s\u00eb Strasburgut a v\u00eb n\u00eb pik\u00ebpyetje hetimet dhe veprimet procedurale t\u00eb SPAK?<\/strong><\/p>\n\n\n\n<p>Nj\u00ebsoj si n\u00eb \u00e7\u00ebshtjen &#8220;Sedletska kund\u00ebr Ukrain\u00ebs&#8221;,&nbsp; patjet\u00ebr q\u00eb Gjykata e Strasburgut arriti ta kuptoj\u00eb&nbsp; q\u00eb hetimi p\u00ebr nj\u00eb nga skandalet m\u00eb t\u00eb m\u00ebdha , sic ishte ai i p\u00ebrdorimit t\u00eb t\u00eb dh\u00ebnave&nbsp; t\u00eb qytetar \u00e7do ve, kishte mund\u00ebsi t\u00eb tjera&nbsp; dhe&nbsp; q\u00eb cenimi i burimit t\u00eb gazetar\u00ebve&nbsp; nuk ishte aspak i justifikuar.&nbsp; K\u00ebshtu q\u00eb pas k\u00ebtij leksioni SPAK t\u00eb shkoj n\u00eb PS p\u00ebr t\u00eb marr\u00eb serverat ose tek AKSHI apo dhe institucione t\u00eb tjera q\u00eb disponojn\u00eb k\u00ebt\u00eb databaz\u00eb.<\/p>\n\n\n\n<p><strong>Z. Matlija, pas vendimit t\u00eb Gjykat\u00ebs s\u00eb Strasburgut, n\u00eb gjykimin tuaj cili do t\u00eb jet\u00eb fati&nbsp; i k\u00ebtij hetimi q\u00eb ka nisur Prokuroris\u00eb s\u00eb Posa\u00e7me kund\u00ebr Korrupsionit dhe Krimit t\u00eb Organizuar. p\u00ebr t\u00eb zbardhur p\u00ebrdorimin e t\u00eb dh\u00ebnave personale t\u00eb shqiptar\u00ebve?<\/strong><\/p>\n\n\n\n<p>N\u00ebse ky vendim i Gjykat\u00ebs s\u00eb Strasburgut e cila&nbsp; vendos nj\u00eb mas\u00eb mas\u00eb sigurie duke&nbsp; mos lejuar sekuestrimin e serverave dhe t\u00eb dh\u00ebnave kompjuterike, t\u00eb medias online Lapsi.al, deri n\u00eb momentin kur \u00e7\u00ebshtja t\u00eb gjykohet n\u00eb themel nga GJEDN. do t\u00eb ndikonte v\u00ebrtet\u00eb n\u00eb cil\u00ebsin\u00eb e hetimet t\u00eb SPAK, sigurisht q\u00eb Gjykata&nbsp; e Strasburgut nuk do t\u00eb merrte k\u00ebt\u00eb mas\u00eb.<\/p>\n\n\n\n<p>&nbsp;\u00cbsht\u00eb e qart\u00eb p\u00ebr t\u00eb gjith\u00eb ata q\u00eb jan\u00eb profesionist\u00eb t\u00eb ligjit q\u00eb SPAK ka shum\u00eb mund\u00ebsi , rrug\u00eb ligjore,&nbsp; p\u00ebr t\u00eb hetuar k\u00ebt\u00eb \u00e7\u00ebshtje. Madje m\u00ebnyra&nbsp; q\u00eb ajo&nbsp; nisi k\u00ebt\u00eb procedim penal ishte shum\u00eb e mbrapsht\u00eb sepse nuk nis hetimi nga sekuestrimi i materiale t\u00eb denoncuesit publik t\u00eb&nbsp; skandalit t\u00eb p\u00ebrdorimit t\u00eb t\u00eb dh\u00ebnave personale por nga at\u00eb q\u00eb jan\u00eb&nbsp; denoncuar, e p\u00ebr k\u00ebt\u00eb ne pam\u00eb t\u00eb gjith\u00eb se kishte indicie t\u00eb mjaftueshme p\u00ebr t\u00eb kuptuar q\u00eb databaza ka mar\u00eb t\u00eb th\u00ebna t\u00eb fiksuar n\u00eb servera shtet\u00ebrore q\u00eb vet\u00ebm shteti i disponon.&nbsp; Gjithashtu ne pam\u00eb q\u00eb&nbsp; ata q\u00eb&nbsp; em\u00ebrtoheshin si patronazhist\u00eb ishin&nbsp; v\u00ebrtet\u00eb an\u00ebtar\u00eb t\u00eb Partis\u00eb Socialiste dhe ka dyshime serioze se v\u00ebrtet\u00eb ata jan\u00eb ngarkuar m\u00eb k\u00ebt\u00eb&nbsp; detyr\u00eb dhe&nbsp; kan\u00eb p\u00ebrdorur k\u00ebt\u00eb databaz\u00eb.<\/p>\n\n\n\n<p>K\u00ebshtu q\u00eb hetimi detyrimisht&nbsp; duhet t\u00eb filloj atje ku \u00ebsht\u00eb probabiliteti m\u00eb i madhe ku mund t\u00eb gjendet e v\u00ebrteta.<\/p>\n\n\n\n<p>Ky vendim i Gjykat\u00ebs s\u00eb Strasburgut \u00ebsht\u00eb dhe nj\u00eb mund\u00ebsi&nbsp; p\u00ebr SPAK q\u00eb&nbsp; t\u00eb tregoj\u00eb nj\u00eb integritet dhe profesionaliz\u00ebm p\u00ebr hetimin e zbardhjen&nbsp; e skandalit, ndoshta m\u00eb t\u00eb madh i k\u00ebtij viti, p\u00ebr t&#8217;i ardhur p\u00ebr shtat edhe pritshm\u00ebris\u00eb s\u00eb gjith\u00eb nd\u00ebrkomb\u00ebtar\u00ebve q\u00eb i kan\u00eb b\u00ebr\u00eb shqiptar\u00ebt&nbsp; t\u00eb besojn\u00eb tek ky bast i madh i vendosur p\u00ebr drejt\u00ebsin\u00eb q\u00eb quhet ndryshe, Reforma&nbsp; Drejt\u00ebsi.<\/p>\n","protected":false},"excerpt":{"rendered":"<p>Avokati Matlija:\u00a0 SPAK t\u00eb shkoj\u00eb n\u00eb PS dhe institucionet e tjera p\u00ebr marrjen e t\u00eb dh\u00ebnave\u00a0 n\u00ebse do t\u00eb hetoj\u00eb [&hellip;]<\/p>\n","protected":false},"author":2,"featured_media":1841,"comment_status":"open","ping_status":"open","sticky":false,"template":"","format":"standard","meta":{"site-sidebar-layout":"default","site-content-layout":"","ast-site-content-layout":"","site-content-style":"default","site-sidebar-style":"default","ast-global-header-display":"","ast-banner-title-visibility":"","ast-main-header-display":"","ast-hfb-above-header-display":"","ast-hfb-below-header-display":"","ast-hfb-mobile-header-display":"","site-post-title":"","ast-breadcrumbs-content":"","ast-featured-img":"","footer-sml-layout":"","theme-transparent-header-meta":"","adv-header-id-meta":"","stick-header-meta":"","header-above-stick-meta":"","header-main-stick-meta":"","header-below-stick-meta":"","astra-migrate-meta-layouts":"default","ast-page-background-enabled":"default","ast-page-background-meta":{"desktop":{"background-color":"var(--ast-global-color-4)","background-image":"","background-repeat":"repeat","background-position":"center center","background-size":"auto","background-attachment":"scroll","background-type":"","background-media":"","overlay-type":"","overlay-color":"","overlay-gradient":""},"tablet":{"background-color":"","background-image":"","background-repeat":"repeat","background-position":"center center","background-size":"auto","background-attachment":"scroll","background-type":"","background-media":"","overlay-type":"","overlay-color":"","overlay-gradient":""},"mobile":{"background-color":"","background-image":"","background-repeat":"repeat","background-position":"center center","background-size":"auto","background-attachment":"scroll","background-type":"","background-media":"","overlay-type":"","overlay-color":"","overlay-gradient":""}},"ast-content-background-meta":{"desktop":{"background-color":"var(--ast-global-color-5)","background-image":"","background-repeat":"repeat","background-position":"center center","background-size":"auto","background-attachment":"scroll","background-type":"","background-media":"","overlay-type":"","overlay-color":"","overlay-gradient":""},"tablet":{"background-color":"var(--ast-global-color-5)","background-image":"","background-repeat":"repeat","background-position":"center center","background-size":"auto","background-attachment":"scroll","background-type":"","background-media":"","overlay-type":"","overlay-color":"","overlay-gradient":""},"mobile":{"background-color":"var(--ast-global-color-5)","background-image":"","background-repeat":"repeat","background-position":"center center","background-size":"auto","background-attachment":"scroll","background-type":"","background-media":"","overlay-type":"","overlay-color":"","overlay-gradient":""}},"footnotes":""},"categories":[6,3],"tags":[],"_links":{"self":[{"href":"https:\/\/www.respublica.org.al\/web\/index.php?rest_route=\/wp\/v2\/posts\/1840"}],"collection":[{"href":"https:\/\/www.respublica.org.al\/web\/index.php?rest_route=\/wp\/v2\/posts"}],"about":[{"href":"https:\/\/www.respublica.org.al\/web\/index.php?rest_route=\/wp\/v2\/types\/post"}],"author":[{"embeddable":true,"href":"https:\/\/www.respublica.org.al\/web\/index.php?rest_route=\/wp\/v2\/users\/2"}],"replies":[{"embeddable":true,"href":"https:\/\/www.respublica.org.al\/web\/index.php?rest_route=%2Fwp%2Fv2%2Fcomments&post=1840"}],"version-history":[{"count":1,"href":"https:\/\/www.respublica.org.al\/web\/index.php?rest_route=\/wp\/v2\/posts\/1840\/revisions"}],"predecessor-version":[{"id":1842,"href":"https:\/\/www.respublica.org.al\/web\/index.php?rest_route=\/wp\/v2\/posts\/1840\/revisions\/1842"}],"wp:featuredmedia":[{"embeddable":true,"href":"https:\/\/www.respublica.org.al\/web\/index.php?rest_route=\/wp\/v2\/media\/1841"}],"wp:attachment":[{"href":"https:\/\/www.respublica.org.al\/web\/index.php?rest_route=%2Fwp%2Fv2%2Fmedia&parent=1840"}],"wp:term":[{"taxonomy":"category","embeddable":true,"href":"https:\/\/www.respublica.org.al\/web\/index.php?rest_route=%2Fwp%2Fv2%2Fcategories&post=1840"},{"taxonomy":"post_tag","embeddable":true,"href":"https:\/\/www.respublica.org.al\/web\/index.php?rest_route=%2Fwp%2Fv2%2Ftags&post=1840"}],"curies":[{"name":"wp","href":"https:\/\/api.w.org\/{rel}","templated":true}]}}