{"id":1843,"date":"2021-04-23T17:41:13","date_gmt":"2021-04-23T15:41:13","guid":{"rendered":"http:\/\/www.respublica.org.al\/?p=1843"},"modified":"2021-04-23T17:41:13","modified_gmt":"2021-04-23T15:41:13","slug":"organizatat-e-medias-mbeshtesin-vendimin-e-gjykates-se-strasburgut-per-moslejimin-e-sekuestrimit-te-kompjutereve-te-lapsit-al","status":"publish","type":"post","link":"https:\/\/www.respublica.org.al\/web\/?p=1843","title":{"rendered":"Organizatat e medias mb\u00ebshtesin vendimin e Gjykat\u00ebs s\u00eb Strasburgut p\u00ebr moslejimin e sekuestrimit t\u00eb kompjuter\u00ebve t\u00eb Lapsit.al"},"content":{"rendered":"\n<figure class=\"wp-block-image size-large\"><a href=\"http:\/\/www.respublica.org.al\/wp-content\/uploads\/2021\/04\/1_T8EzKw7z0u5Rw2fWcXvWvw.jpeg\"><img fetchpriority=\"high\" decoding=\"async\" width=\"1024\" height=\"752\" src=\"http:\/\/www.respublica.org.al\/wp-content\/uploads\/2021\/04\/1_T8EzKw7z0u5Rw2fWcXvWvw-1024x752.jpeg\" alt=\"\" class=\"wp-image-1844\" srcset=\"https:\/\/www.respublica.org.al\/web\/wp-content\/uploads\/2021\/04\/1_T8EzKw7z0u5Rw2fWcXvWvw-1024x752.jpeg 1024w, https:\/\/www.respublica.org.al\/web\/wp-content\/uploads\/2021\/04\/1_T8EzKw7z0u5Rw2fWcXvWvw-300x220.jpeg 300w, https:\/\/www.respublica.org.al\/web\/wp-content\/uploads\/2021\/04\/1_T8EzKw7z0u5Rw2fWcXvWvw-768x564.jpeg 768w, https:\/\/www.respublica.org.al\/web\/wp-content\/uploads\/2021\/04\/1_T8EzKw7z0u5Rw2fWcXvWvw-1536x1128.jpeg 1536w, https:\/\/www.respublica.org.al\/web\/wp-content\/uploads\/2021\/04\/1_T8EzKw7z0u5Rw2fWcXvWvw-800x588.jpeg 800w, https:\/\/www.respublica.org.al\/web\/wp-content\/uploads\/2021\/04\/1_T8EzKw7z0u5Rw2fWcXvWvw.jpeg 1600w\" sizes=\"(max-width: 1024px) 100vw, 1024px\" \/><\/a><\/figure>\n\n\n\n<p>P\u00ebrfaq\u00ebsues t\u00eb medias, por edhe t\u00eb organizatave n\u00eb mbrojte t\u00eb gazetar\u00ebve, kan\u00eb mb\u00ebshtetur vendimin e Gjykat\u00ebs s\u00eb Strasburgut p\u00ebr t\u00eb mos lejuar sekuestrimin e serverave dhe t\u00eb dh\u00ebnave kompjuterike t\u00eb medias online Lapsi.al.<\/p>\n\n\n\n<p>Ekspert\u00ebt e medias i than\u00eb qendr\u00ebs &#8220;Res Publika&#8221;, se vendimi i Gjykat\u00ebs s\u00eb Strasburgut, i cili u mor pas nj\u00eb k\u00ebrkes\u00eb p\u00ebr pezullim t\u00eb d\u00ebrguar n\u00eb k\u00ebt\u00eb gjykat\u00eb nga aplikant\u00ebt Armand Shkullaku, Andi Bushati dhe Lapsi.al, t\u00eb p\u00ebrfaq\u00ebsuar nga avokati Dorian Matlija, \u00ebsht\u00eb konsideruar si nj\u00eb fitore e jasht\u00ebzakonshme e gazetar\u00ebve n\u00eb Shqip\u00ebri.<\/p>\n\n\n\n<p>&#8220;Vendimi i GJEDNj-s\u00eb p\u00ebr t\u00eb pezulluar zbatimin e urdhrit t\u00eb gjykat\u00ebs \u00ebsht\u00eb fitore e jasht\u00ebzakonshme e gazetar\u00ebve n\u00eb Shqip\u00ebri n\u00eb p\u00ebrgjith\u00ebsi dhe e Lapsi.al n\u00eb ve\u00e7anti. Gjykata konfirmoi q\u00eb burimet e gazetar\u00ebve g\u00ebzojn\u00eb mbrojtje t\u00eb jasht\u00ebzakonshme p\u00ebr shkak t\u00eb r\u00ebnd\u00ebsis\u00eb s\u00eb tyre n\u00eb gazetari dhe n\u00eb nj\u00eb shoq\u00ebri demokratike.&#8221; &#8211; Flutura Kusari, K\u00ebshilltare ligjore pran\u00eb Qendr\u00ebs Evropiane p\u00ebr Liri t\u00eb Shtypit dhe Mediave.<\/p>\n\n\n\n<p>Sipas Kusarit, vendimi i Gjykat\u00ebs s\u00eb Strasburgut \u00ebsht\u00eb tregues i nj\u00eb njolle t\u00eb zez\u00eb p\u00ebr Shqip\u00ebrin\u00eb sa i p\u00ebrket respektimit t\u00eb liris\u00eb s\u00eb medias.<\/p>\n\n\n\n<p>&#8220;Por ky vendim \u00ebsht\u00eb nj\u00eb njoll\u00eb e zez\u00eb p\u00ebr Shqip\u00ebrin\u00eb, e cila si an\u00ebtare e K\u00ebshillit t\u00eb Evrop\u00ebs dhe n\u00ebnshkruese e Konvent\u00ebs Evropiane p\u00ebr t\u00eb Drejtat e Njeriut, obligohet q\u00eb t\u00eb mbroj\u00eb burimet e gazetar\u00ebve e jo t&#8217;i rrezikoj\u00eb ato si n\u00eb k\u00ebt\u00eb rast. Shpresojm\u00eb q\u00eb Shqip\u00ebria do t\u00eb m\u00ebsoj\u00eb nga ky rast dhe n\u00eb t\u00eb ardhmen do t\u00eb respektoj\u00eb t\u00eb drejt\u00ebn e liris\u00eb s\u00eb shprehjes s\u00eb gazetar\u00ebve&#8221; &#8211; shtoi Kusari.<\/p>\n\n\n\n<p>Nd\u00ebrsa p\u00ebr avokatin Matlija, i cili n\u00eb bashk\u00ebpunim me kolegun e tij Theodors Alexandritis vuri n\u00eb l\u00ebvizje Gjykat\u00ebn e Strasburgut pas vendimit t\u00eb marr\u00eb nga Gjykata e Posa\u00e7me p\u00ebr t\u00eb miratuar nj\u00eb k\u00ebrkes\u00eb t\u00eb SPAK p\u00ebr sekuestrim t\u00eb kompjuter\u00ebve, celular\u00ebve dhe \u00e7do pajisje elektronike t\u00eb redaksis\u00eb s\u00eb Lapsi.al, fitorja n\u00eb Strasburg konsiderohet nj\u00eb leksion p\u00ebr organet e reja t\u00eb drejt\u00ebsis\u00eb.<\/p>\n\n\n\n<p>&#8220;Mbi t\u00eb gjitha \u00ebsht\u00eb fitore e standardeve t\u00eb cil\u00ebt sot i vijn\u00eb n\u00eb form\u00ebn e nj\u00eb leksioni edhe organeve t\u00eb reja t\u00eb drejt\u00ebsis\u00eb. Nj\u00ebsoj si n\u00eb \u00e7\u00ebshtjen \u201cSedletska kund\u00ebr Ukrain\u00ebs\u201d, patjet\u00ebr q\u00eb Gjykata e Strasburgut arriti ta kuptoj\u00eb q\u00eb hetimi p\u00ebr nj\u00eb nga skandalet m\u00eb t\u00eb m\u00ebdha, sic ishte ai i p\u00ebrdorimit t\u00eb t\u00eb dh\u00ebnave t\u00eb qytetar\u00ebve, kishte mund\u00ebsi t\u00eb tjera dhe q\u00eb cenimi i burimit t\u00eb gazetar\u00ebve nuk ishte aspak i justifikuar. K\u00ebshtu q\u00eb pas k\u00ebtij leksioni SPAK duhet t\u00eb reflektoj\u00eb dhe t\u00eb vijoj\u00eb hetimet duket k\u00ebrkuar provat gjetk\u00eb, pran\u00eb PS, AKSHI, etj.&#8221;- deklaroi Matlija.<\/p>\n\n\n\n<p>Hetimet e nisura nga SPAK p\u00ebr databaz\u00ebn q\u00eb tregoi nj\u00eb rrjedhje masive t\u00eb t\u00eb dh\u00ebnave personale t\u00eb qytetar\u00ebve nga institucionet shtet\u00ebrore jan\u00eb kritikuar edhe nga drejtuesi i K\u00ebshilli i Medias, Koloreto Cukali.<\/p>\n\n\n\n<p>M\u00eb shum\u00eb se sa nj\u00eb hetim, i cili duhet t\u2019i tregonte shqiptar\u00ebve se kush dhe si kan\u00eb abuzuar me t\u00eb dh\u00ebnat personale, prokuroria sipas Cukalit \u00ebsht\u00eb fokusuar tek zbulimi i burimit t\u00eb gazetar\u00ebve.<\/p>\n\n\n\n<p>&#8220;Skandali i ekspozuar nga Lapsi.al \u00ebsht\u00eb shum\u00eb shqet\u00ebsues q\u00eb meriton nj\u00eb hetim deri n\u00eb fund por jo kundrejt Lapsit dhe kundrejt burimit, por n\u00eb gjetjen e abuzuesve. M\u00eb duket se aty ka material t\u00eb mjaftuesh\u00ebm p\u00ebr t\u00eb hetuar sa i thell\u00eb \u00ebsht\u00eb ky shp\u00ebrdorim i t\u00eb dh\u00ebnave konfidenciale t\u00eb t\u00eb gjih\u00eb qytetar\u00ebve t\u00eb Tiran\u00ebs dhe deri ku shkon kjo vrim\u00eb e zez\u00eb&#8221; &#8211; thot\u00eb Cukali.<\/p>\n\n\n\n<p>Drejtuesi i K\u00ebshillit t\u00eb Medias, n\u00eb funksion t\u00eb hetimeve t\u00eb asaj q\u00eb ai e quan skandal i p\u00ebrdorimit t\u00eb t\u00eb dh\u00ebnave personale, i kujton prokuror\u00ebve dhe mbrojtjen q\u00eb g\u00ebzojn\u00eb me ligj sinjalizuesit, ose t\u00eb whistleblower-ve.<\/p>\n\n\n\n<p>&#8220;Un\u00eb mendoj se \u00e7do qytetar i Shqip\u00ebris\u00eb do t\u00eb donte t\u00eb dinte se kush abuzoi me t\u00eb dh\u00ebnat dhe jo kush ishte sinjalizuesi i Lapsit, apo ai q\u00eb dha informacionit. K\u00ebtu duhet sqaruar di\u00e7ka q\u00eb termi whistleblower ose sinjalizuesit, p\u00ebrkufizon nj\u00eb person i cili kur \u00ebsht\u00eb n\u00eb dijeni se tek institucioni ku ai punon po ndodh nj\u00eb gj\u00eb e d\u00ebmshme p\u00ebr publikun ai vendos t&#8217;ia tregoj\u00eb mediave. Ky person \u00ebsht\u00eb i mbrojtur me ligji. Po i kujtoj prokuror\u00ebve se ky person nuk mund t\u00eb hiqet nga puna e as nuk mund t\u00eb p\u00ebrndiqet apo dhe t\u00eb identifikohet. Pra jan\u00eb njer\u00ebz q\u00eb jan\u00eb brenda institucionit, t\u00eb cil\u00ebt nuk bien dakord me shp\u00ebrdorimet q\u00eb ndodhin dhe k\u00ebt\u00eb gj\u00eb ia tregojn\u00eb medias. N\u00ebse drejt\u00ebsia e re nuk e ka kuptuar at\u00ebher\u00eb un\u00eb mendoj se ne duhet t\u00eb rifillojm\u00eb reform\u00ebn n\u00eb drejt\u00ebsi nga e para me standardet e tjera&#8221; &#8211; thot\u00eb Cukali.<\/p>\n\n\n\n<p>Por p\u00ebr avokatin Matlia prokuroria ka shum\u00eb hapsira dhe mekanizma ligjor\u00eb p\u00ebr t\u00eb vijuar hetimet mbi k\u00ebt\u00eb skandal.<\/p>\n\n\n\n<p>&#8220;\u00cbsht\u00eb e qart\u00eb p\u00ebr t\u00eb gjith\u00eb ata q\u00eb jan\u00eb profesionist\u00eb t\u00eb ligjit q\u00eb SPAK ka shum\u00eb mund\u00ebsi, rrug\u00eb ligjore, p\u00ebr t\u00eb hetuar k\u00ebt\u00eb \u00e7\u00ebshtje. Madje m\u00ebnyra q\u00eb ajo nisi k\u00ebt\u00eb procedim penal ishte shum\u00eb e mbrapsht\u00eb sepse nuk nis hetimi nga sekuestrimi i materiale t\u00eb denoncuesit publik t\u00eb skandalit t\u00eb p\u00ebrdorimit t\u00eb t\u00eb dh\u00ebnave personale por nga at\u00eb q\u00eb jan\u00eb denoncuar, e p\u00ebr k\u00ebt\u00eb ne pam\u00eb t\u00eb gjith\u00eb se kishte indicie t\u00eb mjaftueshme p\u00ebr t\u00eb kuptuar q\u00eb databaza p\u00ebrmban t\u00eb th\u00ebna t\u00eb fiksuara n\u00eb servera shtet\u00ebrore q\u00eb vet\u00ebm shteti i disponon. Gjithashtu ne pam\u00eb q\u00eb ata q\u00eb em\u00ebrtoheshin si \u201cpatronazhist\u00eb\u201d ishin v\u00ebrtet\u00eb an\u00ebtar\u00eb t\u00eb Partis\u00eb Socialiste dhe ka dyshime serioze se v\u00ebrtet\u00eb ata jan\u00eb ngarkuar me k\u00ebt\u00eb detyr\u00eb dhe kan\u00eb p\u00ebrdorur k\u00ebt\u00eb databaz\u00eb. Kjo do shihet n\u00eb vijim, gjithmon\u00eb n\u00ebse organi \u201ckampion\u201d i reform\u00ebs n\u00eb drejt\u00ebsi nuk d\u00ebshton nj\u00eblloj si ato organet e vjetra, q\u00eb vuanin presionet e &nbsp;t\u00eb nj\u00ebjtit fshat politik si ky q\u00eb kemi edhe sot&#8221; &#8211; p\u00ebrfundon Matlia.<\/p>\n","protected":false},"excerpt":{"rendered":"<p>P\u00ebrfaq\u00ebsues t\u00eb medias, por edhe t\u00eb organizatave n\u00eb mbrojte t\u00eb gazetar\u00ebve, kan\u00eb mb\u00ebshtetur vendimin e Gjykat\u00ebs s\u00eb Strasburgut p\u00ebr t\u00eb [&hellip;]<\/p>\n","protected":false},"author":2,"featured_media":1844,"comment_status":"open","ping_status":"open","sticky":false,"template":"","format":"standard","meta":{"site-sidebar-layout":"default","site-content-layout":"","ast-site-content-layout":"","site-content-style":"default","site-sidebar-style":"default","ast-global-header-display":"","ast-banner-title-visibility":"","ast-main-header-display":"","ast-hfb-above-header-display":"","ast-hfb-below-header-display":"","ast-hfb-mobile-header-display":"","site-post-title":"","ast-breadcrumbs-content":"","ast-featured-img":"","footer-sml-layout":"","theme-transparent-header-meta":"","adv-header-id-meta":"","stick-header-meta":"","header-above-stick-meta":"","header-main-stick-meta":"","header-below-stick-meta":"","astra-migrate-meta-layouts":"default","ast-page-background-enabled":"default","ast-page-background-meta":{"desktop":{"background-color":"var(--ast-global-color-4)","background-image":"","background-repeat":"repeat","background-position":"center center","background-size":"auto","background-attachment":"scroll","background-type":"","background-media":"","overlay-type":"","overlay-color":"","overlay-gradient":""},"tablet":{"background-color":"","background-image":"","background-repeat":"repeat","background-position":"center center","background-size":"auto","background-attachment":"scroll","background-type":"","background-media":"","overlay-type":"","overlay-color":"","overlay-gradient":""},"mobile":{"background-color":"","background-image":"","background-repeat":"repeat","background-position":"center center","background-size":"auto","background-attachment":"scroll","background-type":"","background-media":"","overlay-type":"","overlay-color":"","overlay-gradient":""}},"ast-content-background-meta":{"desktop":{"background-color":"var(--ast-global-color-5)","background-image":"","background-repeat":"repeat","background-position":"center center","background-size":"auto","background-attachment":"scroll","background-type":"","background-media":"","overlay-type":"","overlay-color":"","overlay-gradient":""},"tablet":{"background-color":"var(--ast-global-color-5)","background-image":"","background-repeat":"repeat","background-position":"center center","background-size":"auto","background-attachment":"scroll","background-type":"","background-media":"","overlay-type":"","overlay-color":"","overlay-gradient":""},"mobile":{"background-color":"var(--ast-global-color-5)","background-image":"","background-repeat":"repeat","background-position":"center center","background-size":"auto","background-attachment":"scroll","background-type":"","background-media":"","overlay-type":"","overlay-color":"","overlay-gradient":""}},"footnotes":""},"categories":[6,5],"tags":[],"_links":{"self":[{"href":"https:\/\/www.respublica.org.al\/web\/index.php?rest_route=\/wp\/v2\/posts\/1843"}],"collection":[{"href":"https:\/\/www.respublica.org.al\/web\/index.php?rest_route=\/wp\/v2\/posts"}],"about":[{"href":"https:\/\/www.respublica.org.al\/web\/index.php?rest_route=\/wp\/v2\/types\/post"}],"author":[{"embeddable":true,"href":"https:\/\/www.respublica.org.al\/web\/index.php?rest_route=\/wp\/v2\/users\/2"}],"replies":[{"embeddable":true,"href":"https:\/\/www.respublica.org.al\/web\/index.php?rest_route=%2Fwp%2Fv2%2Fcomments&post=1843"}],"version-history":[{"count":1,"href":"https:\/\/www.respublica.org.al\/web\/index.php?rest_route=\/wp\/v2\/posts\/1843\/revisions"}],"predecessor-version":[{"id":1845,"href":"https:\/\/www.respublica.org.al\/web\/index.php?rest_route=\/wp\/v2\/posts\/1843\/revisions\/1845"}],"wp:featuredmedia":[{"embeddable":true,"href":"https:\/\/www.respublica.org.al\/web\/index.php?rest_route=\/wp\/v2\/media\/1844"}],"wp:attachment":[{"href":"https:\/\/www.respublica.org.al\/web\/index.php?rest_route=%2Fwp%2Fv2%2Fmedia&parent=1843"}],"wp:term":[{"taxonomy":"category","embeddable":true,"href":"https:\/\/www.respublica.org.al\/web\/index.php?rest_route=%2Fwp%2Fv2%2Fcategories&post=1843"},{"taxonomy":"post_tag","embeddable":true,"href":"https:\/\/www.respublica.org.al\/web\/index.php?rest_route=%2Fwp%2Fv2%2Ftags&post=1843"}],"curies":[{"name":"wp","href":"https:\/\/api.w.org\/{rel}","templated":true}]}}