{"id":1847,"date":"2021-05-07T13:44:48","date_gmt":"2021-05-07T11:44:48","guid":{"rendered":"http:\/\/www.respublica.org.al\/?p=1847"},"modified":"2021-05-07T13:44:48","modified_gmt":"2021-05-07T11:44:48","slug":"shfuqizimi-i-vendimi-per-sekuestrimin-e-serverit-te-portalit-lapsi-al-ngre-pikepyetje-mbi-hetimin-e-spak","status":"publish","type":"post","link":"https:\/\/www.respublica.org.al\/web\/?p=1847","title":{"rendered":"Shfuqizimi i vendimi p\u00ebr sekuestrimin e serverit t\u00eb portalit \u201cLapsi.al\u201d ngre pik\u00ebpyetje mbi hetimin e SPAK"},"content":{"rendered":"\n<figure class=\"wp-block-gallery columns-1 is-cropped wp-block-gallery-1 is-layout-flex wp-block-gallery-is-layout-flex\"><ul class=\"blocks-gallery-grid\"><li class=\"blocks-gallery-item\"><figure><a href=\"http:\/\/www.respublica.org.al\/wp-content\/uploads\/2021\/04\/Slovacchia-Lubomir-Kotrha-pencilfree03.5ee245dd77c824.72392144.jpg\"><img fetchpriority=\"high\" decoding=\"async\" width=\"800\" height=\"560\" src=\"http:\/\/www.respublica.org.al\/wp-content\/uploads\/2021\/04\/Slovacchia-Lubomir-Kotrha-pencilfree03.5ee245dd77c824.72392144.jpg\" alt=\"\" data-id=\"1841\" data-full-url=\"http:\/\/www.respublica.org.al\/wp-content\/uploads\/2021\/04\/Slovacchia-Lubomir-Kotrha-pencilfree03.5ee245dd77c824.72392144.jpg\" data-link=\"http:\/\/www.respublica.org.al\/gjykata-evropiane-vendim-i-paprecedente-mbi-ceshtjen-e-sekuestrimit-te-kompiuterave-te-lapsi-al\/slovacchia-lubomir-kotrha-pencilfree03-5ee245dd77c824-72392144\/\" class=\"wp-image-1841\" srcset=\"https:\/\/www.respublica.org.al\/web\/wp-content\/uploads\/2021\/04\/Slovacchia-Lubomir-Kotrha-pencilfree03.5ee245dd77c824.72392144.jpg 800w, https:\/\/www.respublica.org.al\/web\/wp-content\/uploads\/2021\/04\/Slovacchia-Lubomir-Kotrha-pencilfree03.5ee245dd77c824.72392144-300x210.jpg 300w, https:\/\/www.respublica.org.al\/web\/wp-content\/uploads\/2021\/04\/Slovacchia-Lubomir-Kotrha-pencilfree03.5ee245dd77c824.72392144-768x538.jpg 768w\" sizes=\"(max-width: 800px) 100vw, 800px\" \/><\/a><\/figure><\/li><\/ul><\/figure>\n\n\n\n<blockquote class=\"wp-block-quote is-layout-flow wp-block-quote-is-layout-flow\"><p>Kraja hesht mbi fatin e hetimit p\u00ebr nj\u00eb nga skandalet m\u00eb t\u00eb m\u00ebdha t\u00eb p\u00ebrdorimit t\u00eb t\u00eb dh\u00ebnave personale n\u00eb vend<\/p><\/blockquote>\n\n\n\n<p><\/p>\n\n\n\n<p>Gjykata e Posa\u00e7me e Apelit ka shfuqizuar t\u00eb enjten, 6 maj 2021, vendimin e Shkall\u00ebs s\u00eb Par\u00eb q\u00eb lejonte sekuestrimin e serverit, kompjuter\u00ebve dhe telefonave t\u00eb gazetar\u00ebve t\u00eb portalit \u201cLapsi.al\u201d.<\/p>\n\n\n\n<p>Vendimi erdhi pasi Gjykata Evropiane e t\u00eb Drejtave t\u00eb Njeriut n\u00eb Strasburg, vendosi m\u00eb 22 Prill 2021, si mas\u00eb sigurie mos sekuestrimin deri n\u00eb momentin kur \u00e7\u00ebshtja t\u00eb gjykohet n\u00eb themel nga GJEDN.Pas vendimit t\u00eb Gjykat\u00ebs s\u00eb Strasburgut, drejtuesit e Lapsi.al Andi Bushati dhe Armand Shkullaku t\u00eb p\u00ebrfaq\u00ebsuar nga avokati Dorian Matlija, apeluan vendimin e sekuestrimit p\u00ebr efekt hetimit, p\u00ebr at\u00eb q\u00eb mund t\u00eb quhet nj\u00eb prej skandaleve m\u00eb t\u00eb m\u00ebdha t\u00eb p\u00ebrdorimit t\u00eb t\u00eb dh\u00ebnave personale n\u00eb vend.<\/p>\n\n\n\n<p>Pas vendimit t\u00eb SPAK, p\u00ebr t\u00eb hequr mas\u00ebn e sekuestros p\u00ebr Lapsi.al, media e cila nxori databaz\u00ebn e t\u00eb dh\u00ebnave personale p\u00ebr 910 mij\u00eb qytetar\u00eb t\u00eb Qarkut t\u00eb Tiran\u00ebs, ka reaguar avokati i k\u00ebtij portali, Dorian Matlija, i cili ka ngritur pik\u00ebpyetje mbi hetimet e b\u00ebra deri m\u00eb tani nga prokuroria.<\/p>\n\n\n\n<p>Para zgjedhjeve t\u00eb 25 Prillit \u201cLapsi.al\u201d, publikoi nj\u00eb databaz\u00eb me t\u00eb dh\u00ebna personale t\u00eb mbi 900 mij\u00eb qytetar\u00eb n\u00eb Tiran\u00eb q\u00eb m\u00eb pas mori emrin si \u2018skem\u00eb patronazhist\u00ebsh\u2019 dhe hapi nj\u00eb debat kryesisht n\u00eb politik\u00eb.<\/p>\n\n\n\n<p>Dokumenti p\u00ebrmbante t\u00eb dh\u00ebnat personale t\u00eb secilit prej nesh, si numrat e telefonit, numrin e kart\u00ebs s\u00eb identitetit, numrin e qendr\u00ebs s\u00eb votimit, vendin e pun\u00ebs, dhe p\u00ebrmes nj\u00eb sistemi \u201cpatronazhi\u201d krijohen ide paraprake mbi vot\u00ebn.<\/p>\n\n\n\n<p>SPAK nisi verifikimet pas pretendimeve p\u00ebr nxjerrjen e t\u00eb dh\u00ebnave personale t\u00eb qytetar\u00ebve nga portali e-Albania p\u00ebr q\u00ebllime personale t\u00eb PS.<\/p>\n\n\n\n<p>Por i vetmi akt i prodhuar nga hetimi ishte vendimi i sekuestrimit t\u00eb serverit, kompjuter\u00ebve dhe telefonave t\u00eb gazetar\u00ebve t\u00eb portalit \u201cLapsi.al\u201d<\/p>\n\n\n\n<p>M\u00eb shum\u00eb se sa nj\u00eb hetim, i cili duhet t\u2019i tregonte shqiptar\u00ebve se kush dhe si kan\u00eb abuzuar me t\u00eb dh\u00ebnat personale, prokuroria sipas sipas ekspert\u00ebve u fokusuar tek zbulimi i burimit t\u00eb gazetar\u00ebve.<\/p>\n\n\n\n<p>P\u00ebrfaq\u00ebsues t\u00eb medias, por edhe t\u00eb organizatave n\u00eb mbrojte t\u00eb gazetar\u00ebve kan\u00eb reaguar mbi hetimet p\u00ebrqendruara tek mjetet e pun\u00ebs s\u00eb gazetar\u00ebve, nd\u00ebrkoh\u00eb q\u00eb SPAK ka refuzuar t\u00eb p\u00ebrgjigjet p\u00ebr qendr\u00ebn &#8220;Res Publika&#8221; mbi fatin e hetimit p\u00ebr e zbardhjen e skandalit, ndoshta m\u00eb t\u00eb madh t\u00eb k\u00ebtij viti.<\/p>\n\n\n\n<p>Drejtuesi i Prokuroris\u00eb s\u00eb Posa\u00e7me Kund\u00ebr Korrupsionit dhe Krimit t\u00eb Organizuar, Arben Kraja u pyet nga &#8220;Res Publika&#8221; mbi hapat procedural q\u00eb do t\u00eb nd\u00ebrmarr\u00eb organi i akuz\u00ebs, n\u00eb lidhje me vijimin e hetimit p\u00ebr procedimin me nr 93 dat\u00eb 2021 p\u00ebr vepr\u00ebn penale &#8220;P\u00ebrhapja e sekreteve vetjake&#8221; dhe &#8220;korrupsion aktiv n\u00eb zgjedhje&#8221; parashikuar nga nenet 122 dhe 328 te Kodit te Procedur\u00ebs Penale.<\/p>\n\n\n\n<p>Deri n\u00eb momentin e publikimit t\u00eb k\u00ebtij shkrimi Kraja ka refuzuar t\u00eb p\u00ebrgjigjet nd\u00ebrkoh\u00eb q\u00eb avokati i medias Lapsi.al, Dorian Matlija deklaroi se nuk ka asnj\u00eb prov\u00eb ligjore q\u00eb t\u00eb tregoj\u00eb hetimet e kryera nga prokuroria pq\u00eb zbardhjen skandalit.<\/p>\n\n\n\n<p>&#8220;Nuk ka asnj\u00eb informacioni dhe asnj\u00eb pretendimi nga ana e SPAK sa i p\u00ebrket hetimit t\u00eb \u00e7\u00ebshtjes. Prokurori duhet ti demonstronte gjykat\u00ebs se po b\u00ebnte nj\u00eb p\u00ebrpjekje t\u00eb k\u00ebsaj natyre, por SPAK d\u00ebshtoi s\u00eb provuari se kishte b\u00ebr\u00eb ndonj\u00eb veprim tjet\u00ebr p\u00ebrvec sekuestrimit t\u00eb pajisjeve t\u00eb Lapsit, dhe, le t\u00eb themi ky ishte dhe argumenti m\u00eb kryesor pse Gjykata e Apelit e rr\u00ebzoi vendimin. Nuk rezulton asgj\u00ebkund q\u00eb SPAK t\u00eb kishte b\u00ebr\u00eb qoft\u00eb di\u00e7ka m\u00eb minimale n\u00eb lidhje me hetimin. Nuk rezulton t\u00eb kishte thirrur ndonj\u00eb nga patronazhist\u00ebt q\u00eb listoheshin n\u00eb databaz\u00eb, t\u00eb shkonte tek institucionet shtet\u00ebrore apo edhe tek subjekti politik, q\u00eb dyshohet se mund ta kishte k\u00ebt\u00eb databaz\u00eb. Pra asnj\u00eb nga k\u00ebto, as nuk u pretendua q\u00eb ishte kryer nga SPAK dhe as nuk u soll\u00ebn prova n\u00eb gjykat\u00eb p\u00ebr k\u00ebt\u00eb hetim&#8221;- deklaroi Matlia.<\/p>\n","protected":false},"excerpt":{"rendered":"<p>Kraja hesht mbi fatin e hetimit p\u00ebr nj\u00eb nga skandalet m\u00eb t\u00eb m\u00ebdha t\u00eb p\u00ebrdorimit t\u00eb t\u00eb dh\u00ebnave personale n\u00eb [&hellip;]<\/p>\n","protected":false},"author":2,"featured_media":1841,"comment_status":"open","ping_status":"open","sticky":false,"template":"","format":"standard","meta":{"site-sidebar-layout":"default","site-content-layout":"","ast-site-content-layout":"","site-content-style":"default","site-sidebar-style":"default","ast-global-header-display":"","ast-banner-title-visibility":"","ast-main-header-display":"","ast-hfb-above-header-display":"","ast-hfb-below-header-display":"","ast-hfb-mobile-header-display":"","site-post-title":"","ast-breadcrumbs-content":"","ast-featured-img":"","footer-sml-layout":"","theme-transparent-header-meta":"","adv-header-id-meta":"","stick-header-meta":"","header-above-stick-meta":"","header-main-stick-meta":"","header-below-stick-meta":"","astra-migrate-meta-layouts":"default","ast-page-background-enabled":"default","ast-page-background-meta":{"desktop":{"background-color":"var(--ast-global-color-4)","background-image":"","background-repeat":"repeat","background-position":"center center","background-size":"auto","background-attachment":"scroll","background-type":"","background-media":"","overlay-type":"","overlay-color":"","overlay-gradient":""},"tablet":{"background-color":"","background-image":"","background-repeat":"repeat","background-position":"center center","background-size":"auto","background-attachment":"scroll","background-type":"","background-media":"","overlay-type":"","overlay-color":"","overlay-gradient":""},"mobile":{"background-color":"","background-image":"","background-repeat":"repeat","background-position":"center center","background-size":"auto","background-attachment":"scroll","background-type":"","background-media":"","overlay-type":"","overlay-color":"","overlay-gradient":""}},"ast-content-background-meta":{"desktop":{"background-color":"var(--ast-global-color-5)","background-image":"","background-repeat":"repeat","background-position":"center center","background-size":"auto","background-attachment":"scroll","background-type":"","background-media":"","overlay-type":"","overlay-color":"","overlay-gradient":""},"tablet":{"background-color":"var(--ast-global-color-5)","background-image":"","background-repeat":"repeat","background-position":"center center","background-size":"auto","background-attachment":"scroll","background-type":"","background-media":"","overlay-type":"","overlay-color":"","overlay-gradient":""},"mobile":{"background-color":"var(--ast-global-color-5)","background-image":"","background-repeat":"repeat","background-position":"center center","background-size":"auto","background-attachment":"scroll","background-type":"","background-media":"","overlay-type":"","overlay-color":"","overlay-gradient":""}},"footnotes":""},"categories":[6],"tags":[],"_links":{"self":[{"href":"https:\/\/www.respublica.org.al\/web\/index.php?rest_route=\/wp\/v2\/posts\/1847"}],"collection":[{"href":"https:\/\/www.respublica.org.al\/web\/index.php?rest_route=\/wp\/v2\/posts"}],"about":[{"href":"https:\/\/www.respublica.org.al\/web\/index.php?rest_route=\/wp\/v2\/types\/post"}],"author":[{"embeddable":true,"href":"https:\/\/www.respublica.org.al\/web\/index.php?rest_route=\/wp\/v2\/users\/2"}],"replies":[{"embeddable":true,"href":"https:\/\/www.respublica.org.al\/web\/index.php?rest_route=%2Fwp%2Fv2%2Fcomments&post=1847"}],"version-history":[{"count":1,"href":"https:\/\/www.respublica.org.al\/web\/index.php?rest_route=\/wp\/v2\/posts\/1847\/revisions"}],"predecessor-version":[{"id":1848,"href":"https:\/\/www.respublica.org.al\/web\/index.php?rest_route=\/wp\/v2\/posts\/1847\/revisions\/1848"}],"wp:featuredmedia":[{"embeddable":true,"href":"https:\/\/www.respublica.org.al\/web\/index.php?rest_route=\/wp\/v2\/media\/1841"}],"wp:attachment":[{"href":"https:\/\/www.respublica.org.al\/web\/index.php?rest_route=%2Fwp%2Fv2%2Fmedia&parent=1847"}],"wp:term":[{"taxonomy":"category","embeddable":true,"href":"https:\/\/www.respublica.org.al\/web\/index.php?rest_route=%2Fwp%2Fv2%2Fcategories&post=1847"},{"taxonomy":"post_tag","embeddable":true,"href":"https:\/\/www.respublica.org.al\/web\/index.php?rest_route=%2Fwp%2Fv2%2Ftags&post=1847"}],"curies":[{"name":"wp","href":"https:\/\/api.w.org\/{rel}","templated":true}]}}