{"id":1849,"date":"2021-05-06T11:40:00","date_gmt":"2021-05-06T09:40:00","guid":{"rendered":"http:\/\/www.respublica.org.al\/?p=1849"},"modified":"2021-05-11T11:49:44","modified_gmt":"2021-05-11T09:49:44","slug":"pas-13-vitesh-spak-i-kerkon-gjykates-se-larte-gjykimin-e-fatmir-mediut","status":"publish","type":"post","link":"https:\/\/www.respublica.org.al\/web\/?p=1849","title":{"rendered":"Pas 13 vitesh, SPAK i k\u00ebrkon Gjykat\u00ebs s\u00eb Lart\u00eb  gjykimin e Fatmir Mediut"},"content":{"rendered":"\n<p><\/p>\n\n\n\n<figure class=\"wp-block-image size-large\"><a href=\"http:\/\/www.respublica.org.al\/wp-content\/uploads\/2021\/05\/Fatmir-Mediu.png\"><img fetchpriority=\"high\" decoding=\"async\" width=\"308\" height=\"270\" src=\"http:\/\/www.respublica.org.al\/wp-content\/uploads\/2021\/05\/Fatmir-Mediu.png\" alt=\"\" class=\"wp-image-1850\" srcset=\"https:\/\/www.respublica.org.al\/web\/wp-content\/uploads\/2021\/05\/Fatmir-Mediu.png 308w, https:\/\/www.respublica.org.al\/web\/wp-content\/uploads\/2021\/05\/Fatmir-Mediu-300x263.png 300w\" sizes=\"(max-width: 308px) 100vw, 308px\" \/><\/a><\/figure>\n\n\n\n<blockquote class=\"wp-block-quote is-layout-flow wp-block-quote-is-layout-flow\"><p>&#8220;\u00cbsht\u00eb i vetmi person i akuzuar q\u00eb nuk u gjykua kurr\u00eb p\u00ebr tragjedin\u00eb e G\u00ebrdecit&#8221;<\/p><\/blockquote>\n\n\n\n<p><\/p>\n\n\n\n<p>Prokurorin\u00eb e Posa\u00e7me kund\u00ebr Korrupsionit dhe Krimit t\u00eb Organizuar Tiran\u00eb i k\u00ebrkon rihapjen e procesit gjyq\u00ebsor ndaj ish Ministrit Fatmir Mediu, i cili \u00ebsht\u00eb personi i vet\u00ebm q\u00eb u akuzua dhe nuk \u00ebsht\u00eb gjykuar p\u00ebr rolin e tij n\u00eb nd\u00ebrtimin e fabrik\u00ebs s\u00eb arm\u00ebve n\u00eb G\u00ebrdec, nga shp\u00ebrthimi i s\u00eb cil\u00ebs humb\u00ebn jet\u00ebn e 26 shtetas, u plagos\u00eb qindra t\u00eb tjer\u00eb.<\/p>\n\n\n\n<p>SPAK u vu n\u00eb l\u00ebvizje nga k\u00ebrkesa e familjes Durdaj t\u00eb cil\u00ebt humb\u00ebn djali i tyre 7 vje\u00e7ar, dhe prej vitesh k\u00ebrkojn\u00eb q\u00eb drejt\u00ebsia t\u00eb gjykoj\u00eb t\u00eb gjith\u00eb t\u00eb akuzuarit e k\u00ebsaj ngjarjeje.<\/p>\n\n\n\n<p>K\u00ebrkesa e familjar\u00ebve, bazohej n\u00eb ndryshimet e Kodit t\u00eb Procedur\u00ebs Penale n\u00eb vitin 2017, t\u00eb cilat i jep t\u00eb drejt\u00ebn viktimes se nj\u00eb krimi t\u00eb k\u00ebrkoj\u00eb procedimin e fajtorit.<\/p>\n\n\n\n<p>&#8220;Nj\u00eb nga personat e pandehur q\u00eb nuk \u00ebsht\u00eb gjykuar deri n\u00eb fund, madje nuk \u00ebsht\u00eb gjykuar asnj\u00ebher\u00eb, \u00ebsht\u00eb edhe shtetasi Fatmir Mediu. Dispozita n\u00eb fjal\u00eb i jep t\u00eb drejt\u00ebn viktim\u00ebs dhe trash\u00ebgimtar\u00ebve t\u00eb tij, q\u00eb t\u00eb k\u00ebrkojn\u00eb nga organet p\u00ebrkat\u00ebse, q\u00eb t\u00eb kryejn\u00eb t\u00eb gjitha veprimet e duhura p\u00ebr t\u00eb d\u00ebrguar p\u00ebrpara drejt\u00ebsis\u00eb personat ndaj t\u00eb cil\u00ebve ka prova t\u00eb mjaftueshme p\u00ebr t\u00eb k\u00ebrkuar d\u00ebnimin e tyre. Deri m\u00eb sot nuk ka gjetur zgjidhje \u00e7\u00ebshtja m\u00eb sip\u00ebr, por me ndryshimin e legjislacionit p\u00ebrkat\u00ebs, besojm\u00eb se jemi n\u00eb kushtet e duhura q\u00eb kjo k\u00ebrkes\u00eb t\u00eb marr\u00eb p\u00ebrgjigje pozitive dhe \u00e7\u00ebshtja n\u00eb fjal\u00eb t\u00eb d\u00ebrgohet n\u00eb gjykat\u00eb. &#8220;- argumentohet kall\u00ebzimin penal drejtuar SPAK-ut.<\/p>\n\n\n\n<p>N\u00eb vitin 2009, n\u00eb cil\u00ebsin\u00eb e Ministrit t\u00eb Mbrojtjes, Fatmir Mediu u mor n\u00ebn hetim p\u00ebr vepr\u00ebn penale t\u00eb shp\u00ebrdorimit t\u00eb detyr\u00ebs, por m\u00eb 14 shtator 2009, Gjykata e Lart\u00eb vendosi pushimin e \u00e7\u00ebshtjes penale ndaj tij, me arsyetimin se ky i fundit ka ri fituar imunitet sepse u rizgjodh deputet n\u00eb Kuvendin e Shqip\u00ebris\u00eb.<\/p>\n\n\n\n<p>Pas k\u00ebtij momenti, organi i akuz\u00ebs nuk ka kryer asnj\u00eb veprim t\u00eb m\u00ebtejsh\u00ebm p\u00ebr t\u00eb rid\u00ebrguar n\u00eb gjykat\u00eb \u00e7\u00ebshtjen ndaj k\u00ebtij personi, dhe pse familja Durda ka b\u00ebr\u00eb b\u00ebr\u00eb disa kall\u00ebzime n\u00eb ish Prokurorin\u00eb e P\u00ebrgjithshme dhe ka hapur dhjet\u00ebra procese gjyq\u00ebsore.<\/p>\n\n\n\n<p>Pas afro 2 muajsh nga k\u00ebrkesa e familjar\u00ebve, SPAK thot\u00eb se ekzistojn\u00eb t\u00eb gjitha shkaqet ligjore p\u00ebr revokimin e vendimit t\u00eb pushimit t\u00eb \u00e7\u00ebshtjes penale ndaj shtetasit Fatmir Mediu, e pushuar me vendimin nr.6, dat\u00eb 14.09.2009 t\u00eb Kolegjit Penal t\u00eb Gjykat\u00ebs s\u00eb Lart\u00eb.<\/p>\n\n\n\n<p>Prokuroria e Posa\u00e7me vler\u00ebson se ndjekja penale p\u00ebr \u00e7\u00ebshtjen penale ndaj shtetasit Fatmir Mediu nuk ka asnj\u00eb penges\u00eb q\u00eb t\u00eb vazhdoj\u00eb, pengesa e autorizimit p\u00ebr procedim ka qen\u00eb e p\u00ebrkohshme n\u00eb momentin kur \u00ebsht\u00eb vendosur pushimi i \u00e7\u00ebshtjes, nd\u00ebrsa tani kjo penges\u00eb nuk ekziston.<\/p>\n\n\n\n<p>&#8220;P\u00ebr shkaqet e m\u00ebsip\u00ebrme, n\u00eb dat\u00ebn 05.05.2021 Prokuroria e Posa\u00e7me ka paraqitur n\u00eb Gjykat\u00ebn e Lart\u00eb k\u00ebrkes\u00eb p\u00ebr revokimin e vendimit t\u00eb pushimit t\u00eb \u00e7\u00ebshtjes penale ndaj shtetasit Fatmir Mediu, e pushuar me vendimin nr.6, dat\u00eb 14.09.2009 t\u00eb Kolegjit Penal t\u00eb Gjykat\u00ebs s\u00eb Lart\u00eb dhe vijimin e pro\u00e7esit gjyq\u00ebsor ndaj shtetasit Fatmir Mediu, i akuzuar p\u00ebr veprat penale t\u00eb parashikuara nga nenet 248 e 25 t\u00eb Kodit Penal dhe nenet 70\/2 e 2 t\u00eb Kodit Penal Ushtarak&#8221;-thuhet n\u00eb njoftimin zyrtar.<\/p>\n\n\n\n<p>K\u00ebrkesa e SPAK p\u00ebr rigjykimin e Mediut \u00ebsht\u00eb konsideruar si nj\u00eb hap drejt\u00eb drejt\u00ebsis\u00eb p\u00ebr viktimat e G\u00ebrdecit, nga Avokati i familjes Durda, Dorian Matlija.<\/p>\n\n\n\n<p>Matlija thot\u00eb se \u00ebsht\u00eb \u00e7\u00ebshtje shum\u00eb e r\u00ebnd\u00ebsishme pasi familjar\u00ebt prej vitesh jan\u00eb n\u00eb k\u00ebrkim t\u00eb s\u00eb v\u00ebrtet\u00ebs. Sipas tij, n\u00ebse nuk shkon \u00e7\u00ebshtja deri n\u00eb fund, do t\u2019i drejtohen Gjykat\u00ebs s\u00eb Strasburgut.<\/p>\n\n\n\n<p>\u201cG\u00ebrdeci \u00ebsht\u00eb \u00e7\u00ebshtje shum\u00eb e r\u00ebnd\u00ebsishme p\u00ebr t\u2019u zbardhur. Jan\u00eb mbi 26 mij\u00eb faqe p\u00ebr \u00e7\u00ebshtjen e G\u00ebrdecit. Familjar\u00ebt jan\u00eb n\u00eb k\u00ebrkim t\u00eb s\u00eb v\u00ebrtet\u00ebs dhe k\u00ebrkesat p\u00ebr rihapjen e hetimeve kan\u00eb nisur q\u00eb prej vitit 2009&#8243;- shpjegoi avokati.<\/p>\n\n\n\n<p>Por n\u00ebse k\u00ebrkesa p\u00ebr rigjykimin e ish ministrit Mediu \u00ebsht\u00eb nj\u00eb tregues p\u00ebr zbardhjen e tragjedis\u00eb s\u00eb Gerdecit, Matlija deklaron se \u00ebsht\u00eb shum\u00eb her\u00ebt p\u00ebr t\u00eb gjykuar.<\/p>\n\n\n\n<p>&#8220;\u00cbsht\u00eb ende her\u00ebt kjo varet se si do t\u00eb shkoj\u00eb hetimi me Fatmir Mediun dhe \u00e7far\u00eb mund t\u00eb deklaroj\u00eb ai n\u00ebse do t\u00eb merret i pandehur&#8221;.<\/p>\n","protected":false},"excerpt":{"rendered":"<p>&#8220;\u00cbsht\u00eb i vetmi person i akuzuar q\u00eb nuk u gjykua kurr\u00eb p\u00ebr tragjedin\u00eb e G\u00ebrdecit&#8221; Prokurorin\u00eb e Posa\u00e7me kund\u00ebr Korrupsionit [&hellip;]<\/p>\n","protected":false},"author":2,"featured_media":1850,"comment_status":"open","ping_status":"open","sticky":false,"template":"","format":"standard","meta":{"site-sidebar-layout":"default","site-content-layout":"","ast-site-content-layout":"","site-content-style":"default","site-sidebar-style":"default","ast-global-header-display":"","ast-banner-title-visibility":"","ast-main-header-display":"","ast-hfb-above-header-display":"","ast-hfb-below-header-display":"","ast-hfb-mobile-header-display":"","site-post-title":"","ast-breadcrumbs-content":"","ast-featured-img":"","footer-sml-layout":"","theme-transparent-header-meta":"","adv-header-id-meta":"","stick-header-meta":"","header-above-stick-meta":"","header-main-stick-meta":"","header-below-stick-meta":"","astra-migrate-meta-layouts":"default","ast-page-background-enabled":"default","ast-page-background-meta":{"desktop":{"background-color":"var(--ast-global-color-4)","background-image":"","background-repeat":"repeat","background-position":"center center","background-size":"auto","background-attachment":"scroll","background-type":"","background-media":"","overlay-type":"","overlay-color":"","overlay-gradient":""},"tablet":{"background-color":"","background-image":"","background-repeat":"repeat","background-position":"center center","background-size":"auto","background-attachment":"scroll","background-type":"","background-media":"","overlay-type":"","overlay-color":"","overlay-gradient":""},"mobile":{"background-color":"","background-image":"","background-repeat":"repeat","background-position":"center center","background-size":"auto","background-attachment":"scroll","background-type":"","background-media":"","overlay-type":"","overlay-color":"","overlay-gradient":""}},"ast-content-background-meta":{"desktop":{"background-color":"var(--ast-global-color-5)","background-image":"","background-repeat":"repeat","background-position":"center center","background-size":"auto","background-attachment":"scroll","background-type":"","background-media":"","overlay-type":"","overlay-color":"","overlay-gradient":""},"tablet":{"background-color":"var(--ast-global-color-5)","background-image":"","background-repeat":"repeat","background-position":"center center","background-size":"auto","background-attachment":"scroll","background-type":"","background-media":"","overlay-type":"","overlay-color":"","overlay-gradient":""},"mobile":{"background-color":"var(--ast-global-color-5)","background-image":"","background-repeat":"repeat","background-position":"center center","background-size":"auto","background-attachment":"scroll","background-type":"","background-media":"","overlay-type":"","overlay-color":"","overlay-gradient":""}},"footnotes":""},"categories":[6],"tags":[],"_links":{"self":[{"href":"https:\/\/www.respublica.org.al\/web\/index.php?rest_route=\/wp\/v2\/posts\/1849"}],"collection":[{"href":"https:\/\/www.respublica.org.al\/web\/index.php?rest_route=\/wp\/v2\/posts"}],"about":[{"href":"https:\/\/www.respublica.org.al\/web\/index.php?rest_route=\/wp\/v2\/types\/post"}],"author":[{"embeddable":true,"href":"https:\/\/www.respublica.org.al\/web\/index.php?rest_route=\/wp\/v2\/users\/2"}],"replies":[{"embeddable":true,"href":"https:\/\/www.respublica.org.al\/web\/index.php?rest_route=%2Fwp%2Fv2%2Fcomments&post=1849"}],"version-history":[{"count":1,"href":"https:\/\/www.respublica.org.al\/web\/index.php?rest_route=\/wp\/v2\/posts\/1849\/revisions"}],"predecessor-version":[{"id":1851,"href":"https:\/\/www.respublica.org.al\/web\/index.php?rest_route=\/wp\/v2\/posts\/1849\/revisions\/1851"}],"wp:featuredmedia":[{"embeddable":true,"href":"https:\/\/www.respublica.org.al\/web\/index.php?rest_route=\/wp\/v2\/media\/1850"}],"wp:attachment":[{"href":"https:\/\/www.respublica.org.al\/web\/index.php?rest_route=%2Fwp%2Fv2%2Fmedia&parent=1849"}],"wp:term":[{"taxonomy":"category","embeddable":true,"href":"https:\/\/www.respublica.org.al\/web\/index.php?rest_route=%2Fwp%2Fv2%2Fcategories&post=1849"},{"taxonomy":"post_tag","embeddable":true,"href":"https:\/\/www.respublica.org.al\/web\/index.php?rest_route=%2Fwp%2Fv2%2Ftags&post=1849"}],"curies":[{"name":"wp","href":"https:\/\/api.w.org\/{rel}","templated":true}]}}