{"id":1852,"date":"2021-05-11T16:52:42","date_gmt":"2021-05-11T14:52:42","guid":{"rendered":"http:\/\/www.respublica.org.al\/?p=1852"},"modified":"2021-05-11T21:57:21","modified_gmt":"2021-05-11T19:57:21","slug":"gjykata-administrative-e-apelit-vendos-te-legjitimoje-cdo-person-ne-ngritjen-e-padive-per-ceshtjet-mjedisore","status":"publish","type":"post","link":"https:\/\/www.respublica.org.al\/web\/?p=1852","title":{"rendered":"Gjykata Administrative e Apelit vendos t\u00eb legjitimoj\u00eb \u00e7do person n\u00eb ngritjen e padive  p\u00ebr \u00e7\u00ebshtjet mjedisore"},"content":{"rendered":"\n<figure class=\"wp-block-gallery columns-1 is-cropped wp-block-gallery-1 is-layout-flex wp-block-gallery-is-layout-flex\"><ul class=\"blocks-gallery-grid\"><li class=\"blocks-gallery-item\"><figure><a href=\"http:\/\/www.respublica.org.al\/wp-content\/uploads\/2021\/05\/Gjykata-Administrative-e-Apelit-1024x538.jpg\"><img fetchpriority=\"high\" decoding=\"async\" width=\"1024\" height=\"538\" src=\"http:\/\/www.respublica.org.al\/wp-content\/uploads\/2021\/05\/Gjykata-Administrative-e-Apelit-1024x538.jpg\" alt=\"\" data-id=\"1853\" class=\"wp-image-1853\" srcset=\"https:\/\/www.respublica.org.al\/web\/wp-content\/uploads\/2021\/05\/Gjykata-Administrative-e-Apelit-1024x538.jpg 1024w, https:\/\/www.respublica.org.al\/web\/wp-content\/uploads\/2021\/05\/Gjykata-Administrative-e-Apelit-300x158.jpg 300w, https:\/\/www.respublica.org.al\/web\/wp-content\/uploads\/2021\/05\/Gjykata-Administrative-e-Apelit-768x403.jpg 768w, https:\/\/www.respublica.org.al\/web\/wp-content\/uploads\/2021\/05\/Gjykata-Administrative-e-Apelit-800x420.jpg 800w, https:\/\/www.respublica.org.al\/web\/wp-content\/uploads\/2021\/05\/Gjykata-Administrative-e-Apelit.jpg 1200w\" sizes=\"(max-width: 1024px) 100vw, 1024px\" \/><\/a><\/figure><\/li><\/ul><\/figure>\n\n\n\n<div class=\"wp-block-columns is-layout-flex wp-container-core-columns-is-layout-1 wp-block-columns-is-layout-flex\">\n<div class=\"wp-block-column is-layout-flow wp-block-column-is-layout-flow\" style=\"flex-basis:100%\">\n<blockquote class=\"wp-block-quote is-layout-flow wp-block-quote-is-layout-flow\"><p>Aktivist\u00ebt e shoq\u00ebris\u00eb civil\u00eb mb\u00ebshtetin vendimin i cili i hap rrug\u00eb proceseve gjyq\u00ebsore p\u00ebr t\u00eb kund\u00ebrshtuar aktet administrative apo dhe vendimet p\u00ebr nd\u00ebrtime q\u00eb rrezikojn\u00eb apo d\u00ebmtojn\u00eb mjedisin<\/p><\/blockquote>\n<\/div>\n<\/div>\n\n\n\n<p>Nj\u00eb grupi aktivist\u00ebsh t\u00eb shoq\u00ebris\u00eb civile iu desh\u00ebn 5 vjet p\u00ebr t&#8217;u legjitimuar nga gjykata n\u00eb ngritjen e nj\u00eb padie gjyq\u00ebsore p\u00ebr \u00e7\u00ebshtje mjedisore.<\/p>\n\n\n\n<p>B\u00ebhet fjal\u00eb p\u00ebr betej\u00ebn ligjore t\u00eb 5 aktivist\u00ebve t\u00eb cil\u00ebt i k\u00ebrkuan gjykat\u00ebs shpalljen e pavlefshme t\u00eb aktet administrative t\u00eb zbatimit t\u00eb projektit t\u00eb Bashkis\u00eb s\u00eb Tiran\u00ebs p\u00ebr nd\u00ebrtimin e nj\u00eb parku loj\u00ebrash tek Liqeni Artificial.<\/p>\n\n\n\n<p>Padia e aktivist\u00ebve u rr\u00ebzua nga gjykata me argumentin se ata duke mos qen\u00eb pronar\u00eb t\u00eb liqenit nuk ishin d\u00ebmtuar drejtp\u00ebrs\u00ebdrejti.<\/p>\n\n\n\n<p>N\u00eb Dhjetor t\u00eb 2020 Gjykata Administrative e Apelit Tiran\u00eb, i njohu t\u00eb drejt\u00ebn aktivist\u00ebve n\u00eb ngritjen e padis\u00eb, duke legjitimuar n\u00eb k\u00ebt\u00eb m\u00ebnyr\u00eb t\u00eb drejt\u00ebn e \u00e7do qytetari p\u00ebr t\u00eb ngritur padi p\u00ebr \u00e7\u00ebshtje mjedisore.<\/p>\n\n\n\n<p>Vendimi \u00ebsht\u00eb p\u00ebrsh\u00ebndetur nga aktivist\u00ebt e shoq\u00ebris\u00eb civile p\u00ebr t\u00eb cil\u00ebt aksesi n\u00eb gjykat\u00eb thuajse ishte nj\u00eb mision i pamundur.<\/p>\n\n\n\n<p>N\u00eb nj\u00eb studim t\u00eb kryer nga avokat\u00ebt Irene Dule dhe Dorian Matlija p\u00ebr &#8220;Padit\u00eb Kolektive&#8221;, thuhet se se organizata dhe individ\u00eb q\u00eb kan\u00eb t\u00eb gjith\u00eb d\u00ebshir\u00ebn p\u00ebr t\u00eb marr\u00eb p\u00ebrsip\u00ebr nj\u00eb betej\u00eb ligjore p\u00ebr mbrojtjen e mjedisit, nuk lejohet t\u00eb nisin nj\u00eb gjyq t\u00eb k\u00ebsaj natyre, pasi nuk legjitimohen si pal\u00eb padit\u00ebse.<\/p>\n\n\n\n<p>N\u00eb t\u00eb shumt\u00ebn e rasteve padia e tyre \u00ebsht\u00eb e destinuar t\u00eb rr\u00ebzohet. Legjislacioni i paqart\u00eb dhe interpretimi i ngusht\u00eb t\u00eb gjyqtar\u00ebve, shihet n\u00eb studim si nj\u00eb nga arsyet kryesore t\u00eb rr\u00ebzimit t\u00eb padive mjedisore.<\/p>\n\n\n\n<p><strong>Beteja p\u00ebr tu legjitimuar<\/strong><\/p>\n\n\n\n<p>Andi Tepelena, Ervin Goci dhe Rezarta Caushaj n\u00eb shkurt t\u00eb vitit 2016 iu drejtuan gjykat\u00ebs Administrative t\u00eb Tiran\u00ebs duke paditur Bashkin\u00eb p\u00ebr nd\u00ebrtimin e nj\u00eb parku loj\u00ebrash tek Liqeni Artificial<\/p>\n\n\n\n<figure class=\"wp-block-image size-large\"><a href=\"http:\/\/www.respublica.org.al\/wp-content\/uploads\/2021\/05\/1.jpg\"><img decoding=\"async\" width=\"515\" height=\"347\" src=\"http:\/\/www.respublica.org.al\/wp-content\/uploads\/2021\/05\/1.jpg\" alt=\"\" class=\"wp-image-1855\" srcset=\"https:\/\/www.respublica.org.al\/web\/wp-content\/uploads\/2021\/05\/1.jpg 515w, https:\/\/www.respublica.org.al\/web\/wp-content\/uploads\/2021\/05\/1-300x202.jpg 300w\" sizes=\"(max-width: 515px) 100vw, 515px\" \/><\/a><\/figure>\n\n\n\n<p>Gjykata Administrative vendosi rr\u00ebzimin e k\u00ebrkes\u00ebs s\u00eb padis\u00eb me argumentin se ata duke mos qen\u00eb pronar\u00eb t\u00eb prekur t\u00eb liqenit nuk ishin d\u00ebmtuar drejtp\u00ebrs\u00ebdrejti. E th\u00ebn\u00eb n\u00eb gjuh\u00eb juridike , vendosi mos legjitimim e padit\u00ebsve<\/p>\n\n\n\n<p>Vendimi u apelua nga avokati Matlija dhe n\u00eb Dhjetor t\u00eb vitit 2020 Gjykata Administrative e Apelit Tiran\u00eb, vendosi t\u00eb legjitimoj\u00eb aktivist\u00ebve n\u00eb betej\u00ebn e tyre ligjore n\u00eb mbrojte t\u00eb Parkut Komb\u00ebtar<\/p>\n\n\n\n<p>&#8220;Vler\u00ebsohet se padit\u00ebsit duke qen\u00eb t\u00eb p\u00ebrfshir\u00eb n\u00eb kuptimin e &#8220;publikut&#8221; kan\u00eb legjitimet n\u00eb ngritjen e padis\u00eb, objekt t\u00eb k\u00ebtij gjykimi, me an\u00eb t\u00eb t\u00eb cilit ata kund\u00ebrshtojn\u00eb aktet administrative t\u00eb pal\u00ebve t\u00eb paditura p\u00ebr \u00e7\u00ebshtje q\u00eb ata pretendojn\u00eb q\u00eb lidhen apo rrezikojn\u00eb t\u00eb d\u00ebmtojn\u00eb r\u00ebnd\u00eb mjedisin. \u00ebsht\u00eb gjykata e cila n\u00eb p\u00ebrfundim t\u00eb shqyrtimit gjyq\u00ebsor t\u00eb \u00e7\u00ebshtjes disponon n\u00ebse k\u00ebto pretendime dhe k\u00ebrkime t\u00eb padis\u00eb jan\u00eb ose jo t\u00eb bazuara n\u00eb ligj dhe prova&#8221;-thuhet n\u00eb vendim.<\/p>\n\n\n\n<p>Kjo ishte hera e par\u00eb q\u00eb nj\u00eb gjykat\u00eb e k\u00ebtij niveli njeh legjitimimin e \u00e7do qytetari p\u00ebr t\u00eb ngritur padi p\u00ebr \u00e7\u00ebshtje mjedisore, pavar\u00ebsisht se preket apo jo n\u00eb m\u00ebnyr\u00eb direkt dhe \u00ebsht\u00eb apo jo i organizuar n\u00eb form\u00ebn e nj\u00eb shoqate.<\/p>\n\n\n\n<p>&#8220;Asnj\u00ebher\u00eb nuk e kam kuptuar \u00e7\u00ebshtjen e legjitimimit sidomos n\u00eb \u00e7\u00ebshtjet mjedisore sepse i gjith\u00eb legjislacioni gjyq\u00ebsor \u00ebsht\u00eb i ngritur mbi baz\u00ebn e parimit t\u00eb Konvent\u00ebs s\u00eb Aarhusit,&#8221;- thot\u00eb Ermelinda Mahmutaj, drejtore e qendr\u00ebs EDEN e cila e konsideron vendimin e gjykat\u00ebs s\u00eb Administrative t\u00eb Apelit si nj\u00eb lajm shum\u00eb t\u00eb mir\u00eb.<\/p>\n\n\n\n<p>&#8220;Legjitimi i pal\u00ebve do t\u00eb thot\u00eb m\u00eb shum\u00eb praktik\u00eb pun\u00eb q\u00eb do t&#8217;u jepet avokat\u00ebve dhe gjyqtar\u00ebve dhe n\u00eb k\u00ebt\u00eb m\u00ebnyr\u00eb ata do t\u00eb arrijn\u00eb t\u00eb kuptojn\u00eb baz\u00ebn ligjore p\u00ebr \u00e7\u00ebshtjet mjedisore&#8221;- shtroi Mahmutaj.<\/p>\n\n\n\n<p>Nd\u00ebrsa p\u00ebr Olsin Nik\u00ebn, drejtues i organizat\u00ebs EcoAlbania, jo vet\u00ebm mos-legjitimiteti si pal\u00eb nd\u00ebrgjyq\u00ebsore por edhe korrupsioni n\u00eb sistemin gjyq\u00ebsor ka ndikuar q\u00eb shum\u00eb aktivist t\u00eb mos i drejtohen gjykat\u00ebs n\u00eb \u00e7\u00ebshtje q\u00eb kan\u00eb t\u00eb b\u00ebjn\u00eb me mjedisin.<\/p>\n\n\n\n<p>&#8220;Mos-legjitimiteti \u00ebsht\u00eb handikapi m\u00eb i madh q\u00eb interpreton gjykata. N\u00ebse nj\u00eb person nga Tepelena ngre nj\u00eb padi p\u00ebr x \u00e7\u00ebshtje n\u00eb nj\u00eb vend tjet\u00ebr, gjykata e interpreton k\u00ebt\u00eb si fakt q\u00eb personi n\u00eb fjal\u00eb nuk i preket interesi apo nuk \u00ebsht\u00eb i d\u00ebmtuar&#8221;- thot\u00eb Nika.<\/p>\n\n\n\n<p>P\u00ebr drejtuesin e organizat\u00ebs EcoAlbania, frika nga sistemi i drejt\u00ebsis\u00eb mban larg aktivist\u00ebt p\u00ebr tu p\u00ebrballur n\u00eb gjykat\u00eb me institucionet shtet\u00ebrore.<\/p>\n\n\n\n<p>&#8221; Ajo q\u00eb i step jo vet\u00ebm aktivist\u00ebt por shpesh her\u00eb edhe organizatat p\u00ebr mendimin tim \u00ebsht\u00eb gjyq\u00ebsori i varur, sepse n\u00eb thelb ti ngre padi kund\u00ebr institucioneve shtet\u00ebrore. Kur ne si organizat\u00eb iu drejtuam gjykat\u00ebs p\u00ebr \u00e7\u00ebshtjen e nd\u00ebrtimit t\u00eb HEC-ve mbi lumin Vjos\u00eb, as nuk e menduam fare n\u00ebse do t\u00eb legjitimoheshim apo jo. Ne kishim frik\u00eb n\u00eb vendimin q\u00eb do t\u00eb merrte gjykata sepse e dim\u00eb \u00e7far\u00eb ndikimin q\u00eb kan\u00eb institucionet mbi gjykatat. Por ama, n\u00eb momentin q\u00eb ne fituam \u00e7\u00ebshtjen u hap nj\u00eb dritare e madhe p\u00ebr ne p\u00ebr t\u00eb ndjekur \u00e7\u00ebshtje t\u00eb tjera n\u00eb gjykat\u00eb&#8221;- vijoi Nika.<\/p>\n\n\n\n<p>Deri m\u00eb tani shum\u00eb organizata dhe aktivist\u00eb t\u00eb shoq\u00ebris\u00eb civile jan\u00eb penalizuar nga gjykata p\u00ebr vijimin e proceseve gjyq\u00ebsore q\u00eb kan\u00eb t\u00eb b\u00ebjn\u00eb me \u00e7\u00ebshtjet mjedisore.<\/p>\n\n\n\n<blockquote class=\"wp-block-quote is-layout-flow wp-block-quote-is-layout-flow\"><p>Nd\u00ebrsa p\u00ebr Olsin Nik\u00ebn, drejtues i organizat\u00ebs EcoAlbania, jo vet\u00ebm mos-legjitimiteti si pal\u00eb nd\u00ebrgjyq\u00ebsore por edhe korrupsioni n\u00eb sistemin gjyq\u00ebsor ka ndikuar q\u00eb shum\u00eb aktivist t\u00eb mos i drejtohen gjykat\u00ebs n\u00eb \u00e7\u00ebshtje q\u00eb kan\u00eb t\u00eb b\u00ebjn\u00eb me mjedisin.<\/p><\/blockquote>\n\n\n\n<p>Rasti i i padis\u00eb s\u00eb 27 banor\u00ebve t\u00eb nj\u00ebsis\u00eb administrative Margegaj dhe shoqat\u00ebs \u201cToka\u201d q\u00eb humb\u00ebn betej\u00ebn ligjore p\u00ebr t\u00eb penguar nd\u00ebrtimit e dy HEC-eve nga kompania Gener 2 n\u00eb Parku Komb\u00ebtar t\u00eb Lugin\u00ebs s\u00eb Valbon\u00ebs, \u00ebsht\u00eb m\u00eb flagranti.<\/p>\n\n\n\n<p>N\u00eb qershor t\u00eb vitit 2017,Gjykata Administrative e Tiran\u00ebs rr\u00ebzoi padin\u00eb e banor\u00ebve dhe organizat\u00ebs ambjentaliste kund\u00ebr Ministris\u00eb s\u00eb Infrastruktur\u00ebs dhe Energjis\u00eb, Ministris\u00eb s\u00eb Turizmit dhe Mjedisit q\u00eb kishin miratuar nd\u00ebrtimin e HEC-eve<strong>.<\/strong><\/p>\n\n\n\n<p>Gjykata nuk nuk i legjitimoi padit\u00ebsit n\u00eb ngritjen padit\u00ebs me argumentin q\u00eb padit\u00ebsit t\u2019i drejtohen gjykat\u00ebs me padi duhet t\u00eb ken\u00eb interes. Pal\u00ebt i mb\u00ebshtet\u00ebn pretendimet e tyre mbi t\u00eb drejta q\u00eb sanksionon konventa e Aarhusit, e cila \u00ebsht\u00eb pjes\u00eb e legjislacionit vendas. Gjykata pranoi se padit\u00ebsit kishin t\u00eb drejt\u00eb t\u2019i drejtoheshin gjykat\u00ebs p\u00ebr \u00e7\u00ebshtje q\u00eb kan\u00eb t\u00eb b\u00ebjn\u00eb me informimin dhe p\u00ebr \u00e7\u00ebshtje ku ata pretendojn\u00eb se duhet t\u00eb jen\u00eb pjes\u00eb e vendimmarrjes, kur k\u00ebto \u00e7\u00ebshtje kan\u00eb t\u00eb b\u00ebjn\u00eb me nd\u00ebrhyrje ne mjedis nga ato t\u00eb listuara n\u00eb Aneksin 1 t\u00eb Konvent\u00ebs. Sipas gjykat\u00ebs nd\u00ebrtimi i hidrocentraleve nuk b\u00ebn pjes\u00eb n\u00eb Aneksin 1 dhe padit\u00ebsit nuk provojn\u00eb interes t\u00eb ligjsh\u00ebm.<\/p>\n\n\n\n<p>&#8220;Elementi m\u00eb negativ n\u00eb k\u00ebt\u00eb vendim \u00ebsht\u00eb anashkalimi i Konvent\u00ebs s\u00eb Aarhusit, e cila k\u00ebrkon mbrojtje gjyq\u00ebsore t\u00eb s\u00eb drejt\u00ebs p\u00ebr t\u2019u informuar dhe p\u00ebr t\u00eb marr\u00eb pjes\u00eb n\u00eb konsultimin publik, p\u00ebrpara nxjerrjes s\u00eb akteve. E vetmja m\u00ebnyr\u00eb p\u00ebr t\u00eb realizuar k\u00ebt\u00eb t\u00eb drejt\u00eb \u00ebsht\u00eb p\u00ebrmes anulimit t\u00eb akteve t\u00eb nxjerra n\u00eb kushtet kur banor\u00ebt dhe organizatat e interesuar nuk jan\u00eb b\u00ebr\u00eb pjes\u00eb e konsultimit publik. Vet\u00ebm n\u00eb k\u00ebt\u00eb m\u00ebnyr\u00eb, organet shtet\u00ebrore dhe subjektet private q\u00eb interesohen p\u00ebr t\u00eb nd\u00ebrtuar hidrocentralin do t\u00eb mund t\u00eb detyroheshin t\u00eb vepronin nga fillimi p\u00ebr t\u00eb nisur ashtu si\u00e7 e k\u00ebrkon ligji procedur\u00ebn e njoftimit dhe konsultimit publik. Duke e kufizuar t\u00eb drejt\u00ebn e banor\u00ebve vet\u00ebm n\u00eb rastet kur ata provojn\u00eb q\u00eb mjedisit i ka ardhur nj\u00eb d\u00ebm konkret, delegjitimon banor\u00ebt p\u00ebr t\u00eb drejt\u00ebn e tyre t\u00eb njoftimit dhe konsultimit, e cila n\u00eb thelb \u00ebsht\u00eb nj\u00eb e drejt\u00eb p\u00ebr t\u2019i p\u00ebrfshir\u00eb ata n\u00eb vendimmarrje p\u00ebrpara se ajo t\u00eb b\u00ebhet fakt i kryer&#8221;- thuhet n\u00eb nj\u00eb studim t\u00eb kryer nga avokat\u00ebt Irene Dule dhe Dorian Matlia, p\u00ebr Padit\u00eb Kolektive.<\/p>\n\n\n\n<p>Megjith\u00ebse banor\u00ebt e lugin\u00ebs s\u00eb Valbon\u00ebs p\u00ebrdor\u00ebn \u00e7do form\u00eb t\u00eb mundshme ligjore, p\u00ebrfundimi i punimeve t\u00eb dy hidrocentraleve tashm\u00eb \u00ebsht\u00eb \u00e7\u00ebshtje dit\u00ebsh n\u00eb nj\u00eb zon\u00eb ku jan\u00eb parashikuar t\u00eb nd\u00ebrtuar 14 hidrocentrale, lejet e t\u00eb cilave u dhan\u00eb nga qeveria nga viti 2009 e n\u00eb vazhdim.<\/p>\n\n\n\n<p>T\u00eb nj\u00ebjt\u00ebn fat kan\u00eb pasur dhe \u00e7\u00ebshtjet t\u00eb tjera sensitive t\u00eb ngritura nga organizatat apo dhe aktivist\u00eb t\u00eb mbrojtjes s\u00eb mjedisit, t\u00eb cil\u00ebt jo vet\u00ebm protestuan por edhe iu drejtuan gjykat\u00ebs p\u00ebr t\u00eb penguar aktet administrative t\u00eb institucioneve shtet\u00ebror\u00eb p\u00ebr nd\u00ebrtimin e objekteve q\u00eb cenojn\u00eb dhe d\u00ebmtojn\u00eb r\u00ebnd\u00eb mjedisin.<\/p>\n\n\n\n<p>K\u00ebndi i loj\u00ebrave n\u00eb Parkun Komb\u00ebtar t\u00eb Tiran\u00ebs \u00ebsht\u00eb nd\u00ebrtuar. Po ashtu edhe e xhamia se Namazgjas\u00eb, Tiran\u00eb, \u00e7\u00ebshtje k\u00ebto q\u00eb kan\u00eb qen\u00eb objekt t\u00eb padive gjyq\u00ebsore n\u00eb gjykat\u00ebn Administrative t\u00eb Tiran\u00ebs n\u00eb koh\u00ebn kur u vendos zbatimi i projekteve, por q\u00eb padit\u00eb u rr\u00ebzuan p\u00ebr shkak t\u00eb mos legjitimitet.<\/p>\n","protected":false},"excerpt":{"rendered":"<p>Aktivist\u00ebt e shoq\u00ebris\u00eb civil\u00eb mb\u00ebshtetin vendimin i cili i hap rrug\u00eb proceseve gjyq\u00ebsore p\u00ebr t\u00eb kund\u00ebrshtuar aktet administrative apo dhe [&hellip;]<\/p>\n","protected":false},"author":2,"featured_media":1862,"comment_status":"open","ping_status":"open","sticky":false,"template":"","format":"standard","meta":{"site-sidebar-layout":"default","site-content-layout":"","ast-site-content-layout":"","site-content-style":"default","site-sidebar-style":"default","ast-global-header-display":"","ast-banner-title-visibility":"","ast-main-header-display":"","ast-hfb-above-header-display":"","ast-hfb-below-header-display":"","ast-hfb-mobile-header-display":"","site-post-title":"","ast-breadcrumbs-content":"","ast-featured-img":"","footer-sml-layout":"","theme-transparent-header-meta":"","adv-header-id-meta":"","stick-header-meta":"","header-above-stick-meta":"","header-main-stick-meta":"","header-below-stick-meta":"","astra-migrate-meta-layouts":"default","ast-page-background-enabled":"default","ast-page-background-meta":{"desktop":{"background-color":"var(--ast-global-color-4)","background-image":"","background-repeat":"repeat","background-position":"center center","background-size":"auto","background-attachment":"scroll","background-type":"","background-media":"","overlay-type":"","overlay-color":"","overlay-gradient":""},"tablet":{"background-color":"","background-image":"","background-repeat":"repeat","background-position":"center center","background-size":"auto","background-attachment":"scroll","background-type":"","background-media":"","overlay-type":"","overlay-color":"","overlay-gradient":""},"mobile":{"background-color":"","background-image":"","background-repeat":"repeat","background-position":"center center","background-size":"auto","background-attachment":"scroll","background-type":"","background-media":"","overlay-type":"","overlay-color":"","overlay-gradient":""}},"ast-content-background-meta":{"desktop":{"background-color":"var(--ast-global-color-5)","background-image":"","background-repeat":"repeat","background-position":"center center","background-size":"auto","background-attachment":"scroll","background-type":"","background-media":"","overlay-type":"","overlay-color":"","overlay-gradient":""},"tablet":{"background-color":"var(--ast-global-color-5)","background-image":"","background-repeat":"repeat","background-position":"center center","background-size":"auto","background-attachment":"scroll","background-type":"","background-media":"","overlay-type":"","overlay-color":"","overlay-gradient":""},"mobile":{"background-color":"var(--ast-global-color-5)","background-image":"","background-repeat":"repeat","background-position":"center center","background-size":"auto","background-attachment":"scroll","background-type":"","background-media":"","overlay-type":"","overlay-color":"","overlay-gradient":""}},"footnotes":""},"categories":[6],"tags":[],"_links":{"self":[{"href":"https:\/\/www.respublica.org.al\/web\/index.php?rest_route=\/wp\/v2\/posts\/1852"}],"collection":[{"href":"https:\/\/www.respublica.org.al\/web\/index.php?rest_route=\/wp\/v2\/posts"}],"about":[{"href":"https:\/\/www.respublica.org.al\/web\/index.php?rest_route=\/wp\/v2\/types\/post"}],"author":[{"embeddable":true,"href":"https:\/\/www.respublica.org.al\/web\/index.php?rest_route=\/wp\/v2\/users\/2"}],"replies":[{"embeddable":true,"href":"https:\/\/www.respublica.org.al\/web\/index.php?rest_route=%2Fwp%2Fv2%2Fcomments&post=1852"}],"version-history":[{"count":4,"href":"https:\/\/www.respublica.org.al\/web\/index.php?rest_route=\/wp\/v2\/posts\/1852\/revisions"}],"predecessor-version":[{"id":1865,"href":"https:\/\/www.respublica.org.al\/web\/index.php?rest_route=\/wp\/v2\/posts\/1852\/revisions\/1865"}],"wp:featuredmedia":[{"embeddable":true,"href":"https:\/\/www.respublica.org.al\/web\/index.php?rest_route=\/wp\/v2\/media\/1862"}],"wp:attachment":[{"href":"https:\/\/www.respublica.org.al\/web\/index.php?rest_route=%2Fwp%2Fv2%2Fmedia&parent=1852"}],"wp:term":[{"taxonomy":"category","embeddable":true,"href":"https:\/\/www.respublica.org.al\/web\/index.php?rest_route=%2Fwp%2Fv2%2Fcategories&post=1852"},{"taxonomy":"post_tag","embeddable":true,"href":"https:\/\/www.respublica.org.al\/web\/index.php?rest_route=%2Fwp%2Fv2%2Ftags&post=1852"}],"curies":[{"name":"wp","href":"https:\/\/api.w.org\/{rel}","templated":true}]}}