{"id":1867,"date":"2021-05-24T16:09:33","date_gmt":"2021-05-24T14:09:33","guid":{"rendered":"http:\/\/www.respublica.org.al\/?p=1867"},"modified":"2021-05-24T18:06:31","modified_gmt":"2021-05-24T16:06:31","slug":"me-vendim-gjykate-uji-eshte-i-papijshem-ne-tirane","status":"publish","type":"post","link":"https:\/\/www.respublica.org.al\/web\/?p=1867","title":{"rendered":"Me vendim gjykate, uji m\u00eb 2017 ishte i papijsh\u00ebm n\u00eb Tiran\u00eb."},"content":{"rendered":"\n<figure class=\"wp-block-image size-large\"><a href=\"http:\/\/www.respublica.org.al\/wp-content\/uploads\/2021\/05\/uji-750x500-2.jpg\"><img fetchpriority=\"high\" decoding=\"async\" width=\"750\" height=\"500\" src=\"http:\/\/www.respublica.org.al\/wp-content\/uploads\/2021\/05\/uji-750x500-2.jpg\" alt=\"\" class=\"wp-image-1872\" srcset=\"https:\/\/www.respublica.org.al\/web\/wp-content\/uploads\/2021\/05\/uji-750x500-2.jpg 750w, https:\/\/www.respublica.org.al\/web\/wp-content\/uploads\/2021\/05\/uji-750x500-2-300x200.jpg 300w\" sizes=\"(max-width: 750px) 100vw, 750px\" \/><\/a><\/figure>\n\n\n\n<blockquote class=\"wp-block-quote is-layout-flow wp-block-quote-is-layout-flow\"><p>Ngarkohet shoq\u00ebria civile t\u00eb &#8220;mbik\u00ebqyr\u00eb&#8221; nd\u00ebrmarrjen e Uj\u00ebsjell\u00ebs Kanalizimeve Tiran\u00eb, duke e detyruar k\u00ebt\u00eb t\u00eb fundit t\u00eb njoftoj\u00eb qendr\u00ebn Res Publica dhe shoqat\u00ebn Impetus p\u00ebr analizat e t\u00eb gjith\u00eb treguesve dhe masat q\u00eb do t\u00eb merren p\u00ebr p\u00ebrmir\u00ebsimin t\u00eb cil\u00ebsis\u00eb s\u00eb ujit<\/p><\/blockquote>\n\n\n\n<p><\/p>\n\n\n\n<p>Me vendim Gjykate, uj\u00eb me t\u00eb cilin furnizohej Tirana n\u00eb vitet 2016-2017 ishte p\u00ebrgjith\u00ebsisht jasht\u00eb parametrave p\u00ebr t&#8217;u konsideruar &#8220;i pijsh\u00ebm&#8221;, me pasoja t\u00eb d\u00ebmshme p\u00ebr sh\u00ebndetin.<\/p>\n\n\n\n<p>Gjykata Administrative e Shkall\u00ebs s\u00eb Par\u00eb Tiran\u00eb ka pranuar t\u00eb H\u00ebn\u00ebn, se cil\u00ebsia e ujit q\u00eb furnizohej kryeqyteti n\u00eb vitet 2016-2017 (koh\u00eb kur u ngrit padia) ishte jasht\u00eb parametrave q\u00eb garantojn\u00eb cil\u00ebsin\u00eb e konsumimit.<\/p>\n\n\n\n<p>Me nj\u00eb vendim t\u00eb paprecedent\u00eb Gjykata ka detyruar shoq\u00ebrin\u00eb shtet\u00ebrore Uj\u00ebsjell\u00ebs Kanalizime Tiran\u00eb sh.a p\u00ebr t\u00eb njoftuar  dy organizatat e shoq\u00ebris\u00eb civile p\u00ebr masat q\u00eb do t\u00eb ndarmarr\u00eb n\u00eb p\u00ebrmir\u00ebsimin e cil\u00ebsis\u00eb s\u00eb ujit. N\u00eb k\u00eb m\u00ebnyr\u00eb, shoq\u00ebria civile po merr rolin e nj\u00eb &#8220;mbikqyr\u00ebsi&#8221; me vendim gjykate.<\/p>\n\n\n\n<p>N\u00eb vitin 2017, &#8220;Qendra Res Publika&#8221; dhe shoqata &#8220;Impetus&#8221; iu drejtuan gjykat\u00ebs s\u00eb Tiran\u00ebs p\u00ebr t\u00eb detyruar nd\u00ebrmarrjen e Uj\u00ebsjell\u00ebs Kanalizime Tiran\u00eb q\u00eb t\u00eb kryerj\u00eb t\u00eb gjitha analizat p\u00ebr t\u00eb garantuar cil\u00ebsin\u00eb e ujit t\u00eb pijsh\u00ebm n\u00eb qytetin e Tiran\u00ebs sipas standardeve t\u00eb vendosura me Vendim t\u00eb K\u00ebshillit t\u00eb Ministrave.<\/p>\n\n\n\n<p>Sipas padis\u00eb, n\u00eb zona t\u00eb ndryshme t\u00eb Tiran\u00ebs, niveli i escherichia coli (bakter i d\u00ebmsh\u00ebm p\u00ebr sh\u00ebndetin) \u00ebsht\u00eb m\u00eb shum\u00eb se norma e lejuar sipas rregullores p\u00ebr ujin e pijsh\u00ebm.<\/p>\n\n\n\n<p>E nj\u00ebjta gj\u00eb ndodh dhe me nivelin e streptococci faecal, bakter i d\u00ebmsh\u00ebm p\u00ebr sh\u00ebndetin, nd\u00ebrsa niveli i Klorit (kimikat) rezulton shpesh her\u00eb t\u00eb jet\u00eb mbi 0.5 (norma maksimale e lejuar nga VKM nr. 379, dt. 25.05.2016).<\/p>\n\n\n\n<p>&#8220;Ka rezultuar se analizat mikrobiologjik\u00eb apo kimik\u00eb q\u00eb garantojn\u00eb cil\u00ebsis\u00eb s\u00eb ujit t\u00eb pijsh\u00ebm. jan\u00eb b\u00ebr\u00eb nga nj\u00eb laborator i pa akredituar, duke mos dh\u00ebn\u00eb asnj\u00eb garanci p\u00ebr asnj\u00eb paramet\u00ebr&#8221; &#8211; thuhej gjithashtu n\u00eb padi.<\/p>\n\n\n\n<p>Pas kat\u00ebr vjet\u00ebsh betej\u00eb ligjore, Qendra Res Publika dhe shoqata Impetus ia kan\u00eb dal\u00eb t\u00eb sigurojn\u00eb nga gjykata nj\u00eb vendim t\u00eb paprecedent, i cili do t\u00eb ndikoj\u00eb n\u00eb p\u00ebrmir\u00ebsimin e cil\u00ebsis\u00eb s\u00eb ujit n\u00eb kryeqytet.<\/p>\n\n\n\n<p>Gjykata urdh\u00ebroi UKT sh.a. t\u00eb monitoroj\u00eb dhe t\u00eb analizoj\u00eb t\u00eb gjitha parametrat e ujit t\u00eb pijsh\u00ebm n\u00eb Tiran\u00eb. Sipas vendimit, UKT \u00ebsht\u00eb e detyruar q\u00eb k\u00ebto rezultate t\u00eb analizave ti d\u00ebrgoj\u00eb n\u00eb Institutin e Sh\u00ebndetit Publik, p\u00ebr t\u00eb p\u00ebrcaktuar masat q\u00eb duhet t\u00eb merren p\u00ebr t\u00eb p\u00ebrmir\u00ebsimin cil\u00ebsis\u00eb s\u00eb ujit.<\/p>\n\n\n\n<p>Po k\u00ebshtu, gjykata urdh\u00ebroi UKT t\u00eb raportoj\u00eb tek &#8220;Qendra Res Publika&#8221; dhe shoqata &#8220;Impetus&#8221; rezultatet periodike t\u00eb analizave si dhe masat q\u00eb do t\u00eb nd\u00ebrmarr\u00eb kjo nd\u00ebrmarrje q\u00eb do t\u00eb \u00e7ojn\u00eb n\u00eb garantimin e cil\u00ebsis\u00eb s\u00eb ujit t\u00eb pijsh\u00ebm.<\/p>\n\n\n\n<p>Avokati Dorian Matlija e konsideroi vendimin si nj\u00eb hap t\u00eb r\u00ebnd\u00ebsish\u00ebm q\u00eb do t\u00eb ndikoj\u00eb n\u00eb p\u00ebrmir\u00ebsimin e gjendjes s\u00eb furnizimit me uj\u00eb t\u00eb pijsh\u00ebm t\u00eb kryeqytetit, si dhe me efekt tek p\u00ebrdoruesit e shtresave t\u00eb varf\u00ebra, t\u00eb cil\u00ebt nuk kan\u00eb asnj\u00eb mund\u00ebsi tjet\u00ebr p\u00ebr t\u00eb siguruar ujin e pijsh\u00ebm p\u00ebrve\u00e7 rubinetit. P\u00ebr k\u00ebto shtresa, OKB ka p\u00ebrcaktuar standarde t\u00eb furnizimit me uj\u00eb, si nj\u00eb e drejt\u00eb social ekonomike q\u00eb qendron m\u00eb vete.<\/p>\n\n\n\n<p>&#8220;Tashm\u00eb kemi dhe nj\u00eb vendim gjykate e cila pranon dhe zyrtarizon se uji i pish\u00ebn nuk ka qen\u00eb n\u00eb parametrat e duhura n\u00eb Tiran\u00eb dhe me shum\u00eb gjasa nuk \u00ebsht\u00eb as sot. Ajo q\u00eb kemi fituar \u00ebsht\u00eb, si t\u00eb thuash, ne jemi b\u00ebr\u00eb mbikqyr\u00ebs t\u00eb shoq\u00ebris\u00eb shtet\u00ebrore, Uj\u00ebsjell\u00ebs Kanalizime Tiran\u00eb, t\u00eb cil\u00ebt gjykata i urdh\u00ebron, jo vet\u00ebm b\u00ebj\u00eb t\u00eb gjitha analizat periodike t\u00eb ujit t\u00eb pijsh\u00ebm, por edhe t\u00eb na v\u00ebr\u00eb n\u00eb dijeni dhe ne si padit\u00ebs, qendr\u00ebn Res Publika dhe shoqat\u00ebn Impetus p\u00ebr rezultatet dhe hapat q\u00eb ajo do t\u00eb nd\u00ebrmarr\u00eb n\u00eb p\u00ebrmir\u00ebsimin e cil\u00ebsis\u00eb s\u00eb ujit. Kujtojm\u00eb k\u00ebtu q\u00eb kontrata tip e furnizimit me uj\u00eb detyron UKT t\u00eb nd\u00ebrpres\u00eb furnizimin me uj\u00eb n\u00ebse ai \u00ebsht\u00eb jasht\u00eb standardeve, si dhe t\u00eb b\u00ebj\u00eb publike n\u00eb koh\u00eb reale k\u00ebt\u00eb fakt p\u00ebr konsumator\u00ebt, q\u00eb ata mos t\u00eb rrezikohen. Shkurt, UKT do duhet ta marr\u00eb seriozisht k\u00ebt\u00eb problem tani e tutje sepse ndryshe do t\u00eb p\u00ebrballen me forc\u00ebn e ligjit. I b\u00ebj thirrje UKT q\u00eb t\u00eb mos rreket t\u00eb p\u00ebrdor\u00eb taktika ankimesh p\u00ebr t\u00eb vonuar q\u00eb vendimi t\u00eb marr\u00eb form\u00eb t\u00eb prer\u00eb, duke shtyr\u00eb p\u00ebr m\u00eb von\u00eb k\u00ebt\u00eb ndryshim t\u00eb r\u00ebnd\u00ebsish\u00ebm n\u00eb qasjen ndaj konsumator\u00ebve&#8221; &#8211; deklaroi pas vendimit t\u00eb Gjykat\u00ebs Administrative t\u00eb Shkall\u00ebs s\u00eb Par\u00eb Tiran\u00eb, avokati Dorian Matlija.<\/p>\n","protected":false},"excerpt":{"rendered":"<p>Ngarkohet shoq\u00ebria civile t\u00eb &#8220;mbik\u00ebqyr\u00eb&#8221; nd\u00ebrmarrjen e Uj\u00ebsjell\u00ebs Kanalizimeve Tiran\u00eb, duke e detyruar k\u00ebt\u00eb t\u00eb fundit t\u00eb njoftoj\u00eb qendr\u00ebn Res [&hellip;]<\/p>\n","protected":false},"author":2,"featured_media":1870,"comment_status":"open","ping_status":"open","sticky":false,"template":"","format":"standard","meta":{"site-sidebar-layout":"default","site-content-layout":"","ast-site-content-layout":"","site-content-style":"default","site-sidebar-style":"default","ast-global-header-display":"","ast-banner-title-visibility":"","ast-main-header-display":"","ast-hfb-above-header-display":"","ast-hfb-below-header-display":"","ast-hfb-mobile-header-display":"","site-post-title":"","ast-breadcrumbs-content":"","ast-featured-img":"","footer-sml-layout":"","theme-transparent-header-meta":"","adv-header-id-meta":"","stick-header-meta":"","header-above-stick-meta":"","header-main-stick-meta":"","header-below-stick-meta":"","astra-migrate-meta-layouts":"default","ast-page-background-enabled":"default","ast-page-background-meta":{"desktop":{"background-color":"var(--ast-global-color-4)","background-image":"","background-repeat":"repeat","background-position":"center center","background-size":"auto","background-attachment":"scroll","background-type":"","background-media":"","overlay-type":"","overlay-color":"","overlay-gradient":""},"tablet":{"background-color":"","background-image":"","background-repeat":"repeat","background-position":"center center","background-size":"auto","background-attachment":"scroll","background-type":"","background-media":"","overlay-type":"","overlay-color":"","overlay-gradient":""},"mobile":{"background-color":"","background-image":"","background-repeat":"repeat","background-position":"center center","background-size":"auto","background-attachment":"scroll","background-type":"","background-media":"","overlay-type":"","overlay-color":"","overlay-gradient":""}},"ast-content-background-meta":{"desktop":{"background-color":"var(--ast-global-color-5)","background-image":"","background-repeat":"repeat","background-position":"center center","background-size":"auto","background-attachment":"scroll","background-type":"","background-media":"","overlay-type":"","overlay-color":"","overlay-gradient":""},"tablet":{"background-color":"var(--ast-global-color-5)","background-image":"","background-repeat":"repeat","background-position":"center center","background-size":"auto","background-attachment":"scroll","background-type":"","background-media":"","overlay-type":"","overlay-color":"","overlay-gradient":""},"mobile":{"background-color":"var(--ast-global-color-5)","background-image":"","background-repeat":"repeat","background-position":"center center","background-size":"auto","background-attachment":"scroll","background-type":"","background-media":"","overlay-type":"","overlay-color":"","overlay-gradient":""}},"footnotes":""},"categories":[6],"tags":[],"_links":{"self":[{"href":"https:\/\/www.respublica.org.al\/web\/index.php?rest_route=\/wp\/v2\/posts\/1867"}],"collection":[{"href":"https:\/\/www.respublica.org.al\/web\/index.php?rest_route=\/wp\/v2\/posts"}],"about":[{"href":"https:\/\/www.respublica.org.al\/web\/index.php?rest_route=\/wp\/v2\/types\/post"}],"author":[{"embeddable":true,"href":"https:\/\/www.respublica.org.al\/web\/index.php?rest_route=\/wp\/v2\/users\/2"}],"replies":[{"embeddable":true,"href":"https:\/\/www.respublica.org.al\/web\/index.php?rest_route=%2Fwp%2Fv2%2Fcomments&post=1867"}],"version-history":[{"count":7,"href":"https:\/\/www.respublica.org.al\/web\/index.php?rest_route=\/wp\/v2\/posts\/1867\/revisions"}],"predecessor-version":[{"id":1960,"href":"https:\/\/www.respublica.org.al\/web\/index.php?rest_route=\/wp\/v2\/posts\/1867\/revisions\/1960"}],"wp:featuredmedia":[{"embeddable":true,"href":"https:\/\/www.respublica.org.al\/web\/index.php?rest_route=\/wp\/v2\/media\/1870"}],"wp:attachment":[{"href":"https:\/\/www.respublica.org.al\/web\/index.php?rest_route=%2Fwp%2Fv2%2Fmedia&parent=1867"}],"wp:term":[{"taxonomy":"category","embeddable":true,"href":"https:\/\/www.respublica.org.al\/web\/index.php?rest_route=%2Fwp%2Fv2%2Fcategories&post=1867"},{"taxonomy":"post_tag","embeddable":true,"href":"https:\/\/www.respublica.org.al\/web\/index.php?rest_route=%2Fwp%2Fv2%2Ftags&post=1867"}],"curies":[{"name":"wp","href":"https:\/\/api.w.org\/{rel}","templated":true}]}}