{"id":1880,"date":"2021-05-25T17:03:04","date_gmt":"2021-05-25T15:03:04","guid":{"rendered":"http:\/\/www.respublica.org.al\/?p=1880"},"modified":"2021-05-26T08:39:25","modified_gmt":"2021-05-26T06:39:25","slug":"tre-pallate-te-pademtuara-nga-termeti-ne-kombinat-ndalohen-te-shemben-me-vendim-gjykate","status":"publish","type":"post","link":"https:\/\/www.respublica.org.al\/web\/?p=1880","title":{"rendered":"Tre pallate t\u00eb (pa)d\u00ebmtuara nga t\u00ebrmeti n\u00eb Kombinat, ndalohen t\u00eb shemben me vendim gjykate"},"content":{"rendered":"\n<figure class=\"wp-block-image size-large\"><a href=\"http:\/\/www.respublica.org.al\/wp-content\/uploads\/2021\/05\/Fadroma-1-1.png\"><img fetchpriority=\"high\" decoding=\"async\" width=\"638\" height=\"342\" src=\"http:\/\/www.respublica.org.al\/wp-content\/uploads\/2021\/05\/Fadroma-1-1.png\" alt=\"\" class=\"wp-image-1882\" srcset=\"https:\/\/www.respublica.org.al\/web\/wp-content\/uploads\/2021\/05\/Fadroma-1-1.png 638w, https:\/\/www.respublica.org.al\/web\/wp-content\/uploads\/2021\/05\/Fadroma-1-1-300x161.png 300w\" sizes=\"(max-width: 638px) 100vw, 638px\" \/><\/a><\/figure>\n\n\n\n<blockquote class=\"wp-block-quote is-layout-flow wp-block-quote-is-layout-flow\"><p>Dule: I b\u00ebj thirrje Institutit t\u00eb Nd\u00ebrtimit dhe Bashkis\u00eb q\u00eb t\u00eb rishikojn\u00eb aktet e ekspertimit ose ftoj banor\u00ebt, q\u00eb t\u00eb pakt\u00ebn t\u00eb jen\u00eb skeptik mbi ligjshm\u00ebrin\u00eb e akteve t\u00eb prodhuara nga institucionet shtet\u00ebrore<\/p><\/blockquote>\n\n\n\n<p>Gjykata Administrative e Tiran\u00ebs vendosi t\u00eb mart\u00ebn pezullimin e \u00e7do veprimi p\u00ebr prishjen e nj\u00eb pallati t\u00eb d\u00ebmtuar nga t\u00ebrmeti i 26 N\u00ebntorit 2019 n\u00eb Kombinat.<\/p>\n\n\n\n<p>Ky \u00ebsht\u00eb vendimi i tret\u00eb dh\u00ebn\u00eb nga gjykata Administrative q\u00eb pengon prishjen e nd\u00ebrtimeve n\u00eb k\u00ebt\u00eb zon\u00eb, nd\u00ebrkoh\u00eb q\u00eb sipas planeve t\u00eb rind\u00ebrtimit t\u00eb qeveris\u00eb jan\u00eb parashikuar t\u00eb shemben 23 nd\u00ebrtesa t\u00eb tilla.<\/p>\n\n\n\n<p>Banor\u00ebt e pallatin nr. 145, n\u00eb rrug\u00ebn \u201cSokrat Mosko\u201d, Kombinat, iu drejtuan gjykat\u00ebs pasi K\u00ebshilli Bashkiak i Tiran\u00ebs vendosi prishjen e nd\u00ebrtes\u00ebs, me argumentin se objekti ka d\u00ebmtime t\u00eb konsiderueshme.<\/p>\n\n\n\n<p>Vendimi \u00ebsht\u00eb marr\u00eb n\u00eb shtator t\u00eb vitit 2020, por n\u00eb gjykat\u00eb banor\u00ebt prezantuan prova dhe ekspertiza se vendimmarrja \u00ebsht\u00eb marr\u00eb mbi fakte t\u00eb pav\u00ebrteta. D\u00ebmtimet reale jan\u00eb vet\u00ebm t\u00eb dor\u00ebs s\u00eb dyt\u00eb, m\u00eb s\u00eb shumti d\u00ebmtime t\u00eb suvas\u00eb, nd\u00ebrsa n\u00eb aktin e ekspertimit t\u00eb Institutit t\u00eb Nd\u00ebrtimit thuhet se d\u00ebmtimet jan\u00eb t\u00eb r\u00ebnda, duke paraqitur se vlera e riparimit t\u00eb pallatit \u00ebsht\u00eb sa 72 % e kostos s\u00eb rind\u00ebrtimit.<\/p>\n\n\n\n<p>Aktet e ekspertimit t\u00eb Institutit t\u00eb Nd\u00ebrtimit jan\u00eb kontestuar nga banor\u00ebt e prekur dhe ky \u00ebsht\u00eb rasti i tret\u00eb ku gjykata vendos pezullimin e vendimeve administrative p\u00ebr prishjen e nd\u00ebrtes\u00ebs, deri n\u00eb gjykimin e plot\u00eb t\u00eb \u00e7\u00ebshtjes.<\/p>\n\n\n\n<p><strong>Manipulimi i akteve t\u00eb ekspertimit<\/strong><\/p>\n\n\n\n<p>Ka mjaftuar nj\u00eb akt i p\u00ebrcipt\u00eb ekspertimi nga Instituti i Nd\u00ebrtimit, q\u00eb nj\u00eb vit m\u00eb von\u00eb Bashkia e Tiran\u00ebs ta vendos\u00eb nd\u00ebrtes\u00ebn n\u00eb list\u00ebn e atyre objekteve q\u00eb duhet t\u00eb shkat\u00ebrrohen.<\/p>\n\n\n\n<p>Banor\u00ebt jan\u00eb njohur me k\u00ebt\u00eb Vendim vet\u00ebm kur nis\u00ebn t\u00eb shfaqen fadromat n\u00eb n\u00eb zon\u00ebn e Kombinatit.<\/p>\n\n\n\n<figure class=\"wp-block-image size-large\"><a href=\"http:\/\/www.respublica.org.al\/wp-content\/uploads\/2021\/04\/Rama-ne-protesten-e-banoreve-te-Kombinatit-1.png\"><img decoding=\"async\" width=\"1024\" height=\"576\" src=\"http:\/\/www.respublica.org.al\/wp-content\/uploads\/2021\/04\/Rama-ne-protesten-e-banoreve-te-Kombinatit-1-1024x576.png\" alt=\"\" class=\"wp-image-1825\" srcset=\"https:\/\/www.respublica.org.al\/web\/wp-content\/uploads\/2021\/04\/Rama-ne-protesten-e-banoreve-te-Kombinatit-1-1024x576.png 1024w, https:\/\/www.respublica.org.al\/web\/wp-content\/uploads\/2021\/04\/Rama-ne-protesten-e-banoreve-te-Kombinatit-1-300x169.png 300w, https:\/\/www.respublica.org.al\/web\/wp-content\/uploads\/2021\/04\/Rama-ne-protesten-e-banoreve-te-Kombinatit-1-768x432.png 768w, https:\/\/www.respublica.org.al\/web\/wp-content\/uploads\/2021\/04\/Rama-ne-protesten-e-banoreve-te-Kombinatit-1-800x450.png 800w, https:\/\/www.respublica.org.al\/web\/wp-content\/uploads\/2021\/04\/Rama-ne-protesten-e-banoreve-te-Kombinatit-1.png 1366w\" sizes=\"(max-width: 1024px) 100vw, 1024px\" \/><\/a><figcaption>Banor\u00ebt e Kombinatit n\u00eb takim me Kryeministrin Edi Rama<\/figcaption><\/figure>\n\n\n\n<p>Banor\u00ebt e zon\u00ebs iu drejtua avokat\u00ebve Dorian Matlija dhe Irena Dule p\u00ebr t\u00eb m\u00ebsuar ligjshm\u00ebrin\u00eb e vendimeve, por ajo q\u00eb u zbulua ndoshta p\u00ebrb\u00ebn skandalin m\u00eb t\u00eb madh t\u00eb rind\u00ebrtimit t\u00eb objekteve t\u00eb d\u00ebmtuara nga t\u00ebrmeti n\u00eb Shqip\u00ebri. Akti i ekspertimit t\u00eb Institutit t\u00eb Nd\u00ebrtimit, mbi t\u00eb cilin jan\u00eb marr\u00eb vendimet e Bashkis\u00eb s\u00eb Tiran\u00ebs, ishte i pasakt\u00eb n\u00eb fakte dhe n\u00eb shifra.<\/p>\n\n\n\n<p>N\u00eb k\u00ebrkes\u00ebn p\u00ebr sigurimin e padis\u00eb, familjet e d\u00ebmtuara pretendojn\u00eb paligjshm\u00ebrin\u00eb e vendimit t\u00eb K\u00ebshillit Bashkiak.<\/p>\n\n\n\n<p>&#8221; Masa e siguris\u00eb s\u00eb dh\u00ebn\u00eb sot nga gjykata i jep mund\u00ebsi gjykimit t\u00eb vazhdoj\u00eb n\u00eb diskutimin e paligjshm\u00ebris\u00eb s\u00eb vendimit t\u00eb K\u00ebshillit Bashkiak, para se ky Vendim t\u00eb ekzekutohet dhe t\u00eb sjell\u00eb pasoja t\u00eb pariparueshme p\u00ebr ta,-thot\u00eb avokatja e \u00e7\u00ebshtjes Irena Dule.<\/p>\n\n\n\n<p>Por m\u00eb shum\u00eb se sa nj\u00eb beteje ligjore n\u00eb gjykat\u00eb, avokat\u00ebt kan\u00eb konstatuar probleme mbi aktet e Institutit t\u00eb Nd\u00ebrtimit, mi baz\u00ebn e t\u00eb cilave jan\u00eb vendosur jo vet\u00ebm planet e qeveris\u00eb p\u00ebr rind\u00ebrtimin por edhe vendimet e shembjes s\u00eb godinave.<\/p>\n\n\n\n<p>&#8220;Ajo q\u00eb po v\u00ebm\u00eb re, si rast t\u00eb p\u00ebrs\u00ebritur n\u00eb zon\u00ebn e Kombinatit, \u00ebsht\u00eb se aktet e ekspertimit, bashk\u00eb me oponenc\u00ebn teknike t\u00eb Institutit t\u00eb Nd\u00ebrtimit, ku jan\u00eb bazuar vendimet e K\u00ebshillit Bashkiak nuk pasqyrojn\u00eb realitetin. Kjo e konstatuar nga aktet e ekspertizave private t\u00eb paraqitura nga banor\u00ebt dhe t\u00eb prezantuara para gjykat\u00ebs, sipas t\u00eb cilave vlerat e riparimit jan\u00eb shum\u00eb m\u00eb t\u00eb ul\u00ebta n\u00eb realitet. Po ju p\u00ebrmend si shembull nj\u00eb rast. Akti i ekspertimit i paraqitur nga Instituti i Nd\u00ebrtimit nxjerr si vler\u00eb p\u00ebr riparimin 72% t\u00eb vler\u00ebs s\u00eb rind\u00ebrtimit, nd\u00ebrkoh\u00eb ekspertiza private e llogarit k\u00ebt\u00eb vler\u00eb n\u00eb mas\u00ebn 9%. Duhet t\u00eb kemi parasysh se akti Normativ nr 9\/2019 p\u00ebrcakton, se n\u00ebse vlera e riparimit kalon vler\u00ebn 70% t\u00eb rind\u00ebrtimit at\u00ebher\u00eb pallati duhet t\u00eb shembet. Mbi k\u00ebt\u00eb logjik\u00eb \u00ebsht\u00eb vendosur shkat\u00ebrrimi i nd\u00ebrtesave dhe pallateve n\u00eb Kombinat&#8221;- shpjegon avokatja Dule.<\/p>\n\n\n\n<p>Nisur nga rastet q\u00eb kjo studio ligjore ka marr\u00eb p\u00ebrsip\u00ebr t\u00eb p\u00ebrfaq\u00ebsoj n\u00eb gjykat\u00eb, Dule thot\u00eb se \u00ebsht\u00eb rasti t\u00eb b\u00ebhet nj\u00eb auditim i t\u00eb gjitha akteve t\u00eb dor\u00ebzuara nga instituti i nd\u00ebrtimit.<\/p>\n\n\n\n<p>&#8221; Nisur nga fakti q\u00eb tre \u00e7\u00ebshtje q\u00eb kan\u00eb ndodhur n\u00eb zyr\u00ebn ton\u00eb kan\u00eb pasur t\u00eb nj\u00ebjt\u00ebn problematik\u00eb na b\u00ebn t\u00eb dyshojm\u00eb se ky rast mund t\u00eb jet\u00eb i p\u00ebrs\u00ebritur n\u00eb \u00e7\u00ebshtje t\u00eb ngjashme. N\u00eb k\u00ebt\u00eb konteksti i b\u00ebj thirrje Institutit t\u00eb Nd\u00ebrtimit dhe Bashkis\u00eb q\u00eb t\u00eb rishikojn\u00eb aktet e ngjashme p\u00ebr pallatet e tjera, ose ftoj banor\u00ebt q\u00eb t\u00eb pakt\u00ebn t\u00eb jen\u00eb skeptik mbi ligjshm\u00ebrin\u00eb e akteve t\u00eb prodhuara nga institucionet shtet\u00ebrore, dhe n\u00eb raste t\u00eb konstatimit t\u00eb s\u00eb nj\u00ebjt\u00ebs problematik\u00eb t\u00eb nd\u00ebrmarrin hapa ligjore n\u00eb k\u00ebrkim t\u00eb s\u00eb drejt\u00ebs s\u00eb tyre&#8221;- deklaroi Dule.<\/p>\n\n\n\n<p>Procesi i rind\u00ebrtimit t\u00eb objekteve t\u00eb shkat\u00ebrruara nga t\u00ebrmeti n\u00eb Shqip\u00ebri po ec\u00ebn, jo vet\u00ebm me ritme t\u00eb ngadalta por vendimet p\u00ebr prishjen e nd\u00ebrtesave kan\u00eb ngjallur pak\u00ebnaq\u00ebsi tek familjet e prekura. Deri m\u00eb tani kan\u00eb ndodhur dhjet\u00ebra protesta t\u00eb banor\u00ebve q\u00eb kontestojn\u00eb procesin si n\u00eb Shkoz\u00eb, Kombinat, Vor\u00eb dhe Durr\u00ebs.<\/p>\n\n\n\n<p>Pothuajse nj\u00eb vit m\u00eb par\u00eb, Shqip\u00ebria siguroi n\u00eb konferenc\u00ebn e donator\u00ebve n\u00eb Bruksel, mbi 1 miliard\u00eb euro. Nga k\u00ebto fonde t\u00eb premtuara, 295 milion\u00eb prej tyre ishin grante dhe 853 milion\u00eb premtime p\u00ebr kredi t\u00eb buta. <\/p>\n","protected":false},"excerpt":{"rendered":"<p>Dule: I b\u00ebj thirrje Institutit t\u00eb Nd\u00ebrtimit dhe Bashkis\u00eb q\u00eb t\u00eb rishikojn\u00eb aktet e ekspertimit ose ftoj banor\u00ebt, q\u00eb t\u00eb [&hellip;]<\/p>\n","protected":false},"author":2,"featured_media":1882,"comment_status":"open","ping_status":"open","sticky":false,"template":"","format":"standard","meta":{"site-sidebar-layout":"default","site-content-layout":"","ast-site-content-layout":"","site-content-style":"default","site-sidebar-style":"default","ast-global-header-display":"","ast-banner-title-visibility":"","ast-main-header-display":"","ast-hfb-above-header-display":"","ast-hfb-below-header-display":"","ast-hfb-mobile-header-display":"","site-post-title":"","ast-breadcrumbs-content":"","ast-featured-img":"","footer-sml-layout":"","theme-transparent-header-meta":"","adv-header-id-meta":"","stick-header-meta":"","header-above-stick-meta":"","header-main-stick-meta":"","header-below-stick-meta":"","astra-migrate-meta-layouts":"default","ast-page-background-enabled":"default","ast-page-background-meta":{"desktop":{"background-color":"var(--ast-global-color-4)","background-image":"","background-repeat":"repeat","background-position":"center center","background-size":"auto","background-attachment":"scroll","background-type":"","background-media":"","overlay-type":"","overlay-color":"","overlay-gradient":""},"tablet":{"background-color":"","background-image":"","background-repeat":"repeat","background-position":"center center","background-size":"auto","background-attachment":"scroll","background-type":"","background-media":"","overlay-type":"","overlay-color":"","overlay-gradient":""},"mobile":{"background-color":"","background-image":"","background-repeat":"repeat","background-position":"center center","background-size":"auto","background-attachment":"scroll","background-type":"","background-media":"","overlay-type":"","overlay-color":"","overlay-gradient":""}},"ast-content-background-meta":{"desktop":{"background-color":"var(--ast-global-color-5)","background-image":"","background-repeat":"repeat","background-position":"center center","background-size":"auto","background-attachment":"scroll","background-type":"","background-media":"","overlay-type":"","overlay-color":"","overlay-gradient":""},"tablet":{"background-color":"var(--ast-global-color-5)","background-image":"","background-repeat":"repeat","background-position":"center center","background-size":"auto","background-attachment":"scroll","background-type":"","background-media":"","overlay-type":"","overlay-color":"","overlay-gradient":""},"mobile":{"background-color":"var(--ast-global-color-5)","background-image":"","background-repeat":"repeat","background-position":"center center","background-size":"auto","background-attachment":"scroll","background-type":"","background-media":"","overlay-type":"","overlay-color":"","overlay-gradient":""}},"footnotes":""},"categories":[6],"tags":[],"_links":{"self":[{"href":"https:\/\/www.respublica.org.al\/web\/index.php?rest_route=\/wp\/v2\/posts\/1880"}],"collection":[{"href":"https:\/\/www.respublica.org.al\/web\/index.php?rest_route=\/wp\/v2\/posts"}],"about":[{"href":"https:\/\/www.respublica.org.al\/web\/index.php?rest_route=\/wp\/v2\/types\/post"}],"author":[{"embeddable":true,"href":"https:\/\/www.respublica.org.al\/web\/index.php?rest_route=\/wp\/v2\/users\/2"}],"replies":[{"embeddable":true,"href":"https:\/\/www.respublica.org.al\/web\/index.php?rest_route=%2Fwp%2Fv2%2Fcomments&post=1880"}],"version-history":[{"count":7,"href":"https:\/\/www.respublica.org.al\/web\/index.php?rest_route=\/wp\/v2\/posts\/1880\/revisions"}],"predecessor-version":[{"id":1889,"href":"https:\/\/www.respublica.org.al\/web\/index.php?rest_route=\/wp\/v2\/posts\/1880\/revisions\/1889"}],"wp:featuredmedia":[{"embeddable":true,"href":"https:\/\/www.respublica.org.al\/web\/index.php?rest_route=\/wp\/v2\/media\/1882"}],"wp:attachment":[{"href":"https:\/\/www.respublica.org.al\/web\/index.php?rest_route=%2Fwp%2Fv2%2Fmedia&parent=1880"}],"wp:term":[{"taxonomy":"category","embeddable":true,"href":"https:\/\/www.respublica.org.al\/web\/index.php?rest_route=%2Fwp%2Fv2%2Fcategories&post=1880"},{"taxonomy":"post_tag","embeddable":true,"href":"https:\/\/www.respublica.org.al\/web\/index.php?rest_route=%2Fwp%2Fv2%2Ftags&post=1880"}],"curies":[{"name":"wp","href":"https:\/\/api.w.org\/{rel}","templated":true}]}}