{"id":1891,"date":"2021-06-17T20:20:21","date_gmt":"2021-06-17T18:20:21","guid":{"rendered":"http:\/\/www.respublica.org.al\/?p=1891"},"modified":"2021-06-17T20:20:21","modified_gmt":"2021-06-17T18:20:21","slug":"bashkia-tirane-nuk-ka-fituar-asnje-gjyq-per-pallatet-e-kombinatit-aty-ku-jane-parashikuar-te-shemben-23-ndertesa","status":"publish","type":"post","link":"https:\/\/www.respublica.org.al\/web\/?p=1891","title":{"rendered":"Bashkia Tiran\u00eb nuk ka fituar asnj\u00eb gjyq p\u00ebr pallatet e Kombinatit, aty ku jan\u00eb parashikuar t\u00eb shemben 23 nd\u00ebrtesa."},"content":{"rendered":"\n<figure class=\"wp-block-image size-large is-style-default\"><a href=\"http:\/\/www.respublica.org.al\/wp-content\/uploads\/2021\/05\/Fadroma-1-1.png\"><img fetchpriority=\"high\" decoding=\"async\" width=\"638\" height=\"342\" src=\"http:\/\/www.respublica.org.al\/wp-content\/uploads\/2021\/05\/Fadroma-1-1.png\" alt=\"\" class=\"wp-image-1882\" srcset=\"https:\/\/www.respublica.org.al\/web\/wp-content\/uploads\/2021\/05\/Fadroma-1-1.png 638w, https:\/\/www.respublica.org.al\/web\/wp-content\/uploads\/2021\/05\/Fadroma-1-1-300x161.png 300w\" sizes=\"(max-width: 638px) 100vw, 638px\" \/><\/a><\/figure>\n\n\n\n<blockquote class=\"wp-block-quote is-layout-flow wp-block-quote-is-layout-flow\"><p>Avokat\u00ebt Dule dhe Matlija: Ajo q\u00eb ka \u201cfituar\u201d Bashkia Tiran\u00eb \u00ebsht\u00eb vet\u00ebm rr\u00ebzimi i nj\u00eb mase sigurie , nd\u00ebrkoh\u00eb q\u00eb gjykata, ka dh\u00ebn\u00eb k\u00ebto dit\u00eb disa masa sigurie p\u00ebr familje t\u00eb tjera dhe pallate t\u00eb tjer\u00eb, q\u00eb detyron Bashkin\u00eb t\u00eb mos i prek\u00eb k\u00ebto pallate.<\/p><\/blockquote>\n\n\n\n<p>Me cil\u00ebsin\u00eb e avokat\u00ebve t\u00eb disa banor\u00ebve t\u00eb zon\u00ebs s\u00eb Kombinatit, t\u00eb prekur nga tentativa p\u00ebr shembjen e godinave t\u00eb prekura nga t\u00ebrmeti i 26 N\u00ebntorit 2019, nisur nga qarkullimi i nj\u00eb lajmi t\u00eb rrem\u00eb dhe dashakeq t\u00eb publikuar n\u00eb disa media p\u00ebr \u201cgjyqin e fituar\u201d nga Bashkia Tiran\u00eb p\u00ebr shembjen e pallateve t\u00eb Kombinatit, k\u00ebrkojm\u00eb t\u00eb sqarojm\u00eb opinionin publik si m\u00eb posht\u00eb:<\/p>\n\n\n\n<p>S\u00eb pari, Bashkia Tiran\u00eb nuk ka fituar asnj\u00eb gjyq p\u00ebr pallatet e Kombinatit. T\u00eb gjith\u00eb proceset gjyq\u00ebsore jan\u00eb duke vijuar dhe jan\u00eb n\u00eb fazat e hershme t\u00eb procesit.<\/p>\n\n\n\n<p>S\u00eb dyti, ajo q\u00eb ka \u201cfituar\u201d Bashkia Tiran\u00eb \u00ebsht\u00eb vet\u00ebm rr\u00ebzimi i nj\u00eb mase sigurie p\u00ebr nj\u00ebr\u00ebn nga familjen e nj\u00ebrit pallat, nd\u00ebrkoh\u00eb q\u00eb gjykata, me k\u00ebrkes\u00ebn ton\u00eb, ka dh\u00ebn\u00eb k\u00ebto dit\u00eb disa masa sigurie p\u00ebr familje t\u00eb tjera dhe pallate t\u00eb tjer\u00eb, q\u00eb detyron Bashkin\u00eb t\u00eb mos i prek\u00eb k\u00ebto pallate. N\u00eb gjykat\u00eb jan\u00eb duke u shqyrtuar edhe disa masa t\u00eb tjera sigurie dhe nj\u00eb rast negativ nuk ka pesh\u00eb n\u00eb krahasim me shum\u00eb raste kur gjykata ka marr\u00eb nj\u00eb vendim pozitiv. Edhe n\u00eb rastin e rr\u00ebzimit t\u00eb mas\u00ebs s\u00eb siguris\u00eb q\u00eb ka ndodhur sot, gjyqi vazhdon, duke gjykuar \u00e7\u00ebshtjen pa mas\u00eb sigurie.<\/p>\n\n\n\n<p>S\u00eb treti, gjykata nuk ka publikuar arsyet pse e rr\u00ebzoi k\u00ebt\u00eb mas\u00eb sigurie, pra n\u00eb k\u00ebt\u00eb moment nuk p\u00ebrmendet askund n\u00eb ndonj\u00eb vendim gjykate n\u00ebse ishte rreziku i jet\u00ebs s\u00eb banor\u00ebve apo n\u00ebse pallatet jan\u00eb d\u00ebmtuar n\u00eb mas\u00ebn mbi 70%. Ky \u00ebsht\u00eb nj\u00eb spekulim q\u00eb mb\u00ebshtetet thjesht mbi pretendimet q\u00eb vet\u00eb Bashkia nga ngritur, por q\u00eb \u00ebsht\u00eb kund\u00ebrshtuar nga mendimi i specializuar i ekspert\u00ebve q\u00eb kan\u00eb d\u00ebshmuar n\u00eb process deri tani.<\/p>\n\n\n\n<p>S\u00eb kat\u00ebrti, duke qen\u00eb se Bashkia Tiran\u00eb nuk ka fituar ndonj\u00eb gjyq, gjykata nuk i ka dh\u00ebn\u00eb asaj t\u00eb drejt\u00ebn p\u00ebr t\u00eb vazhduar projektin n\u00eb Kombinat. Projekti prek me dhjet\u00ebra pallate dhe asnj\u00ebher\u00eb gjykata nuk \u00ebsht\u00eb shprehur p\u00ebr t\u00eb sepse jemi ende shum\u00eb larg p\u00ebrfundimit t\u00eb procesit n\u00eb shkall\u00eb t\u00eb par\u00eb, pa folur fare p\u00ebr shkall\u00ebt e tjera t\u00eb gjykimit.<\/p>\n\n\n\n<p>S\u00eb pesti, asnj\u00eb objekt nuk po ngrihet n\u00eb at\u00eb zon\u00eb p\u00ebr t\u00eb strehuar banor\u00ebt, nd\u00ebrkoh\u00eb q\u00eb k\u00ebtyre t\u00eb fundit u \u00ebsht\u00eb b\u00ebr\u00eb e qart\u00eb q\u00eb vendi i strehimit do jet\u00eb diku tjet\u00ebr dhe jo n\u00eb at\u00eb zon\u00eb.<\/p>\n\n\n\n<p>S\u00eb fundi, i b\u00ebjm\u00eb thirrje medieve q\u00eb t\u00eb publikojn\u00eb k\u00ebt\u00eb deklarat\u00eb krahas lajmit t\u00eb sip\u00ebrp\u00ebrmendur, me q\u00ebllim q\u00eb t\u00eb balancohet ky informacion i prodhuar me porosi. E v\u00ebrteta \u00ebsht\u00eb q\u00eb n\u00eb shumic\u00ebn d\u00ebrrmuese t\u00eb rasteve masat e siguris\u00eb jan\u00eb dh\u00ebn\u00eb dhe se t\u00eb gjith\u00eb gjyqet jan\u00eb n\u00eb vijim t\u00eb gjykimit t\u00eb themelit t\u00eb padis\u00eb dhe asnj\u00eb gjyq deri tani nuk \u00ebsht\u00eb fituar as nga banor\u00ebt dhe as nga Bashkia Tiran\u00eb. Ky proces do zgjas\u00eb p\u00ebrtej pushimeve verore dhe deri at\u00ebher\u00eb \u00e7do lajm p\u00ebr \u201cfitore\u201d gjyqi nga Bashkia duhet t\u00eb merret me rezerv\u00eb maksimale p\u00ebr t\u00eb mos fabrikuar frik\u00eb t\u00eb panevojshme t\u00eb banor\u00ebve q\u00eb jan\u00eb n\u00eb t\u00eb drejt\u00ebn e tyre dhe t\u00eb vazhdojn\u00eb t\u00eb ken\u00eb besim te drejt\u00ebsia dhe pse jo, edhe te media.<\/p>\n\n\n\n<p>Av. Dorian Matlija\/Av. Irena Dule<\/p>\n","protected":false},"excerpt":{"rendered":"<p>Avokat\u00ebt Dule dhe Matlija: Ajo q\u00eb ka \u201cfituar\u201d Bashkia Tiran\u00eb \u00ebsht\u00eb vet\u00ebm rr\u00ebzimi i nj\u00eb mase sigurie , nd\u00ebrkoh\u00eb q\u00eb [&hellip;]<\/p>\n","protected":false},"author":2,"featured_media":1881,"comment_status":"open","ping_status":"open","sticky":false,"template":"","format":"standard","meta":{"site-sidebar-layout":"default","site-content-layout":"","ast-site-content-layout":"","site-content-style":"default","site-sidebar-style":"default","ast-global-header-display":"","ast-banner-title-visibility":"","ast-main-header-display":"","ast-hfb-above-header-display":"","ast-hfb-below-header-display":"","ast-hfb-mobile-header-display":"","site-post-title":"","ast-breadcrumbs-content":"","ast-featured-img":"","footer-sml-layout":"","theme-transparent-header-meta":"","adv-header-id-meta":"","stick-header-meta":"","header-above-stick-meta":"","header-main-stick-meta":"","header-below-stick-meta":"","astra-migrate-meta-layouts":"default","ast-page-background-enabled":"default","ast-page-background-meta":{"desktop":{"background-color":"var(--ast-global-color-4)","background-image":"","background-repeat":"repeat","background-position":"center center","background-size":"auto","background-attachment":"scroll","background-type":"","background-media":"","overlay-type":"","overlay-color":"","overlay-gradient":""},"tablet":{"background-color":"","background-image":"","background-repeat":"repeat","background-position":"center center","background-size":"auto","background-attachment":"scroll","background-type":"","background-media":"","overlay-type":"","overlay-color":"","overlay-gradient":""},"mobile":{"background-color":"","background-image":"","background-repeat":"repeat","background-position":"center center","background-size":"auto","background-attachment":"scroll","background-type":"","background-media":"","overlay-type":"","overlay-color":"","overlay-gradient":""}},"ast-content-background-meta":{"desktop":{"background-color":"var(--ast-global-color-5)","background-image":"","background-repeat":"repeat","background-position":"center center","background-size":"auto","background-attachment":"scroll","background-type":"","background-media":"","overlay-type":"","overlay-color":"","overlay-gradient":""},"tablet":{"background-color":"var(--ast-global-color-5)","background-image":"","background-repeat":"repeat","background-position":"center center","background-size":"auto","background-attachment":"scroll","background-type":"","background-media":"","overlay-type":"","overlay-color":"","overlay-gradient":""},"mobile":{"background-color":"var(--ast-global-color-5)","background-image":"","background-repeat":"repeat","background-position":"center center","background-size":"auto","background-attachment":"scroll","background-type":"","background-media":"","overlay-type":"","overlay-color":"","overlay-gradient":""}},"footnotes":""},"categories":[6],"tags":[],"_links":{"self":[{"href":"https:\/\/www.respublica.org.al\/web\/index.php?rest_route=\/wp\/v2\/posts\/1891"}],"collection":[{"href":"https:\/\/www.respublica.org.al\/web\/index.php?rest_route=\/wp\/v2\/posts"}],"about":[{"href":"https:\/\/www.respublica.org.al\/web\/index.php?rest_route=\/wp\/v2\/types\/post"}],"author":[{"embeddable":true,"href":"https:\/\/www.respublica.org.al\/web\/index.php?rest_route=\/wp\/v2\/users\/2"}],"replies":[{"embeddable":true,"href":"https:\/\/www.respublica.org.al\/web\/index.php?rest_route=%2Fwp%2Fv2%2Fcomments&post=1891"}],"version-history":[{"count":4,"href":"https:\/\/www.respublica.org.al\/web\/index.php?rest_route=\/wp\/v2\/posts\/1891\/revisions"}],"predecessor-version":[{"id":1895,"href":"https:\/\/www.respublica.org.al\/web\/index.php?rest_route=\/wp\/v2\/posts\/1891\/revisions\/1895"}],"wp:featuredmedia":[{"embeddable":true,"href":"https:\/\/www.respublica.org.al\/web\/index.php?rest_route=\/wp\/v2\/media\/1881"}],"wp:attachment":[{"href":"https:\/\/www.respublica.org.al\/web\/index.php?rest_route=%2Fwp%2Fv2%2Fmedia&parent=1891"}],"wp:term":[{"taxonomy":"category","embeddable":true,"href":"https:\/\/www.respublica.org.al\/web\/index.php?rest_route=%2Fwp%2Fv2%2Fcategories&post=1891"},{"taxonomy":"post_tag","embeddable":true,"href":"https:\/\/www.respublica.org.al\/web\/index.php?rest_route=%2Fwp%2Fv2%2Ftags&post=1891"}],"curies":[{"name":"wp","href":"https:\/\/api.w.org\/{rel}","templated":true}]}}