{"id":1897,"date":"2021-07-26T18:02:00","date_gmt":"2021-07-26T16:02:00","guid":{"rendered":"http:\/\/www.respublica.org.al\/?p=1897"},"modified":"2021-07-28T18:02:44","modified_gmt":"2021-07-28T16:02:44","slug":"feruzan-dhe-zamira-durdaj-gjykates-se-posacme-lejoni-gjykimin-e-fatmir-mediut","status":"publish","type":"post","link":"https:\/\/www.respublica.org.al\/web\/?p=1897","title":{"rendered":"Feruzan dhe Zamira Durdaj, Gjykat\u00ebs s\u00eb Posa\u00e7me: Lejoni gjykimin e Fatmir Mediut"},"content":{"rendered":"\n<figure class=\"wp-block-image size-large is-resized\"><a href=\"http:\/\/www.respublica.org.al\/wp-content\/uploads\/2021\/05\/Fatmir-Mediu.png\"><img fetchpriority=\"high\" decoding=\"async\" src=\"http:\/\/www.respublica.org.al\/wp-content\/uploads\/2021\/05\/Fatmir-Mediu.png\" alt=\"\" class=\"wp-image-1850\" width=\"569\" height=\"499\" srcset=\"https:\/\/www.respublica.org.al\/web\/wp-content\/uploads\/2021\/05\/Fatmir-Mediu.png 308w, https:\/\/www.respublica.org.al\/web\/wp-content\/uploads\/2021\/05\/Fatmir-Mediu-300x263.png 300w\" sizes=\"(max-width: 569px) 100vw, 569px\" \/><\/a><\/figure>\n\n\n\n<p>M\u00eb 27 Korrik 2021, Gjykata e Posa\u00e7me p\u00ebr Korrupsionin dhe Krimin e Organizuar do t\u00eb shqyrtoje k\u00ebrkes\u00ebn e SPAK p\u00ebr t\u00eb rifilluar ndjekjen penale ndaj Fatmir Mediut p\u00ebr rolin e tij n\u00eb ngjarjen e G\u00ebrdecit, proces i bllokuar q\u00eb prej vitit 2009.<\/p>\n\n\n\n<p>N\u00eb muajin Shkurt 2021, Feruzan Durdaj dhe Zamira Durdaj, prind\u00ebrit e 7 vjecarit Erison Durdaj q\u00eb humbi jet\u00ebn tragjikisht nga shp\u00ebrthimi i G\u00ebrdecit n\u00eb pranver\u00ebn e 2008, iu drejtuan organeve t\u00eb drejt\u00ebsis\u00eb s\u00eb re p\u00ebr t\u00eb rifilluar ndjekjen penale ndaj Fatmir Mediut, ish Minist\u00ebr i Mbrojtjes. Tashm\u00eb, prej shum\u00eb vitesh, q\u00eb nga viti 2012, nuk ekziston asnj\u00eb pengese ligjore p\u00ebr t\u00eb gjykuar t\u00eb vetmin, person t\u00eb hetuar por t\u00eb pagjykuar p\u00ebr ngjarjen e G\u00ebrdecit.<\/p>\n\n\n\n<p>SPAK e trajtoi pozitivisht k\u00ebt\u00eb k\u00ebrkes\u00eb, duke e vler\u00ebsuar se ishte e drejt\u00eb t\u00eb rifillonte ndjekja penale ndaj k\u00ebtij personi dhe tashm\u00eb \u00ebsht\u00eb n\u00eb dor\u00ebn e Gjykat\u00ebs s\u00eb Posa\u00e7me p\u00ebr Korrupsionin dhe Krimin e Organizuar p\u00ebr t\u00eb dh\u00ebn\u00eb drit\u00ebn jeshile.<\/p>\n\n\n\n<p>Gjykimi do t\u00eb behet nga gjyqtari Erion \u00c7ela n\u00eb dhom\u00eb k\u00ebshillimi, pa pranin\u00eb e pal\u00ebve. Por, prind\u00ebrit e t\u00eb miturit Erison Durdaj, nuk kan\u00eb q\u00ebndruar pasive. Ata kan\u00eb parashtruar nj\u00eb memo para gjykat\u00ebs duke i kujtuar asaj q\u00eb:<\/p>\n\n\n\n<p>&#8211; ndjekja penale \u00ebsht\u00eb nj\u00eb detyrim i shtetit shqiptar q\u00eb buron nga konventat nd\u00ebrkomb\u00ebtare q\u00eb k\u00ebrkojn\u00eb hetimin dhe gjykimin e plot\u00eb p\u00ebr \u00e7do humbje jete<\/p>\n\n\n\n<p>&#8211; dosja p\u00ebrmban shum\u00eb fakte q\u00eb mund t\u00eb cil\u00ebsohen jo vet\u00ebm si shp\u00ebrdorim detyre dhe duke i hapur rrug\u00eb gjykimit do t\u00eb mund\u00ebsohet nj\u00eb vler\u00ebsim i drejt\u00eb i t\u00eb gjith\u00eb fakteve penale<\/p>\n\n\n\n<p>&#8211; gjykata t\u00eb zbatoj\u00eb drejtp\u00ebrdrejt nenin 2 t\u00eb Konvent\u00ebs Evropiane p\u00ebr t\u00eb Drejtat e Njeriut, dhe t\u00eb mos humbas\u00eb n\u00eb teknikalitete, n\u00eb d\u00ebm t\u00eb thelbit t\u00eb detyr\u00ebs s\u00eb prokuroris\u00eb dhe gjykatave t\u00eb nj\u00eb shtet t\u00eb s\u00eb drejt\u00ebs. Gjykata e Strasburgut ka k\u00ebrkuar shpesh here nga shtetet q\u00eb t\u00eb bazojn\u00eb vendimet direkt ne Konvente.<\/p>\n\n\n\n<p>&#8211; n\u00ebse gjykata ka dyshime se ndonj\u00eb dispozit\u00eb e ligjeve shqiptare b\u00ebhet penges\u00eb p\u00ebr k\u00ebt\u00eb gjykim, t\u00eb ushtroj\u00eb t\u00eb drejt\u00ebn p\u00ebr t&#8217;iu drejtuar Gjykat\u00ebs Kushtetuese p\u00ebr t&#8217;i hequr pengesat antikushtetuese.<\/p>\n\n\n\n<p>N\u00eb fund t\u00eb fundit, nj\u00eb shtet i s\u00eb drejt\u00ebs \u00ebsht\u00eb ai q\u00eb nuk pengon gjykimin e \u00e7do zyrtari, dhe ky \u00ebsht\u00eb funksioni kryesor pse u b\u00eb reforma n\u00eb drejt\u00ebsi.<\/p>\n\n\n\n<p>Gjith\u00e7ka q\u00eb Feruzan Durdaj dhe Zamira Durdaj k\u00ebrkojn\u00eb \u00ebsht\u00eb zbardhja e t\u00eb v\u00ebrtet\u00ebs dhe marrja e masave riparuese dhe nd\u00ebshkuese, q\u00eb asnj\u00eb prind tjet\u00ebr t\u00eb mos jetoj\u00eb dram\u00ebn e k\u00ebsaj familjeje dhe asnj\u00eb f\u00ebmij\u00eb t\u00eb mos l\u00ebr\u00eb k\u00ebt\u00eb bot\u00eb para kohe p\u00ebr shkak t\u00eb makut\u00ebris\u00eb p\u00ebr k\u00ebnaqjen e ca interesave m\u00eb shum\u00eb.<\/p>\n","protected":false},"excerpt":{"rendered":"<p>M\u00eb 27 Korrik 2021, Gjykata e Posa\u00e7me p\u00ebr Korrupsionin dhe Krimin e Organizuar do t\u00eb shqyrtoje k\u00ebrkes\u00ebn e SPAK p\u00ebr [&hellip;]<\/p>\n","protected":false},"author":2,"featured_media":1850,"comment_status":"open","ping_status":"open","sticky":false,"template":"","format":"standard","meta":{"site-sidebar-layout":"default","site-content-layout":"","ast-site-content-layout":"","site-content-style":"default","site-sidebar-style":"default","ast-global-header-display":"","ast-banner-title-visibility":"","ast-main-header-display":"","ast-hfb-above-header-display":"","ast-hfb-below-header-display":"","ast-hfb-mobile-header-display":"","site-post-title":"","ast-breadcrumbs-content":"","ast-featured-img":"","footer-sml-layout":"","theme-transparent-header-meta":"","adv-header-id-meta":"","stick-header-meta":"","header-above-stick-meta":"","header-main-stick-meta":"","header-below-stick-meta":"","astra-migrate-meta-layouts":"default","ast-page-background-enabled":"default","ast-page-background-meta":{"desktop":{"background-color":"var(--ast-global-color-4)","background-image":"","background-repeat":"repeat","background-position":"center center","background-size":"auto","background-attachment":"scroll","background-type":"","background-media":"","overlay-type":"","overlay-color":"","overlay-gradient":""},"tablet":{"background-color":"","background-image":"","background-repeat":"repeat","background-position":"center center","background-size":"auto","background-attachment":"scroll","background-type":"","background-media":"","overlay-type":"","overlay-color":"","overlay-gradient":""},"mobile":{"background-color":"","background-image":"","background-repeat":"repeat","background-position":"center center","background-size":"auto","background-attachment":"scroll","background-type":"","background-media":"","overlay-type":"","overlay-color":"","overlay-gradient":""}},"ast-content-background-meta":{"desktop":{"background-color":"var(--ast-global-color-5)","background-image":"","background-repeat":"repeat","background-position":"center center","background-size":"auto","background-attachment":"scroll","background-type":"","background-media":"","overlay-type":"","overlay-color":"","overlay-gradient":""},"tablet":{"background-color":"var(--ast-global-color-5)","background-image":"","background-repeat":"repeat","background-position":"center center","background-size":"auto","background-attachment":"scroll","background-type":"","background-media":"","overlay-type":"","overlay-color":"","overlay-gradient":""},"mobile":{"background-color":"var(--ast-global-color-5)","background-image":"","background-repeat":"repeat","background-position":"center center","background-size":"auto","background-attachment":"scroll","background-type":"","background-media":"","overlay-type":"","overlay-color":"","overlay-gradient":""}},"footnotes":""},"categories":[6],"tags":[],"_links":{"self":[{"href":"https:\/\/www.respublica.org.al\/web\/index.php?rest_route=\/wp\/v2\/posts\/1897"}],"collection":[{"href":"https:\/\/www.respublica.org.al\/web\/index.php?rest_route=\/wp\/v2\/posts"}],"about":[{"href":"https:\/\/www.respublica.org.al\/web\/index.php?rest_route=\/wp\/v2\/types\/post"}],"author":[{"embeddable":true,"href":"https:\/\/www.respublica.org.al\/web\/index.php?rest_route=\/wp\/v2\/users\/2"}],"replies":[{"embeddable":true,"href":"https:\/\/www.respublica.org.al\/web\/index.php?rest_route=%2Fwp%2Fv2%2Fcomments&post=1897"}],"version-history":[{"count":2,"href":"https:\/\/www.respublica.org.al\/web\/index.php?rest_route=\/wp\/v2\/posts\/1897\/revisions"}],"predecessor-version":[{"id":1899,"href":"https:\/\/www.respublica.org.al\/web\/index.php?rest_route=\/wp\/v2\/posts\/1897\/revisions\/1899"}],"wp:featuredmedia":[{"embeddable":true,"href":"https:\/\/www.respublica.org.al\/web\/index.php?rest_route=\/wp\/v2\/media\/1850"}],"wp:attachment":[{"href":"https:\/\/www.respublica.org.al\/web\/index.php?rest_route=%2Fwp%2Fv2%2Fmedia&parent=1897"}],"wp:term":[{"taxonomy":"category","embeddable":true,"href":"https:\/\/www.respublica.org.al\/web\/index.php?rest_route=%2Fwp%2Fv2%2Fcategories&post=1897"},{"taxonomy":"post_tag","embeddable":true,"href":"https:\/\/www.respublica.org.al\/web\/index.php?rest_route=%2Fwp%2Fv2%2Ftags&post=1897"}],"curies":[{"name":"wp","href":"https:\/\/api.w.org\/{rel}","templated":true}]}}