{"id":1900,"date":"2021-07-30T15:46:45","date_gmt":"2021-07-30T13:46:45","guid":{"rendered":"http:\/\/www.respublica.org.al\/?p=1900"},"modified":"2021-07-30T15:53:57","modified_gmt":"2021-07-30T13:53:57","slug":"44-organizata-te-shoqerise-civile-denoncojne-konsultimet-farse-te-qeverise-per-ndryshimin-e-hartes-se-zonave-te-mbrojtura","status":"publish","type":"post","link":"https:\/\/www.respublica.org.al\/web\/?p=1900","title":{"rendered":"44 organizata t\u00eb shoq\u00ebris\u00eb civile denoncojn\u00eb konsultimet farse t\u00eb qeveris\u00eb p\u00ebr ndryshimin e  hart\u00ebs s\u00eb zonave t\u00eb mbrojtura"},"content":{"rendered":"\n<figure class=\"wp-block-image size-large is-resized\"><img fetchpriority=\"high\" decoding=\"async\" src=\"http:\/\/www.respublica.org.al\/wp-content\/uploads\/2021\/07\/Takimi-i-organizatave.jpeg\" alt=\"Foto: Konsultimi publik me  organizatat  mjedisore p\u00ebr draft-vendimet e K\u00ebshillit t\u00eb Ministrave p\u00ebr Sistemin e rivler\u00ebsuar t\u00eb Zonave t\u00eb Mbrojtura\" class=\"wp-image-1901\" width=\"580\" height=\"326\" srcset=\"https:\/\/www.respublica.org.al\/web\/wp-content\/uploads\/2021\/07\/Takimi-i-organizatave.jpeg 1024w, https:\/\/www.respublica.org.al\/web\/wp-content\/uploads\/2021\/07\/Takimi-i-organizatave-300x169.jpeg 300w, https:\/\/www.respublica.org.al\/web\/wp-content\/uploads\/2021\/07\/Takimi-i-organizatave-768x432.jpeg 768w, https:\/\/www.respublica.org.al\/web\/wp-content\/uploads\/2021\/07\/Takimi-i-organizatave-800x450.jpeg 800w\" sizes=\"(max-width: 580px) 100vw, 580px\" \/><figcaption><em>Foto: Gjat\u00eb konsultimit publik me organizatat mjedisore p\u00ebr draft-vendimet e K\u00ebshillit t\u00eb Ministrave p\u00ebr Sistemin e rivler\u00ebsuar t\u00eb Zonave t\u00eb Mbrojtura<\/em><br><br><\/figcaption><\/figure>\n\n\n\n<blockquote class=\"wp-block-quote is-layout-flow wp-block-quote-is-layout-flow\"><p>&#8220;C\u00ebnimi i sistemit t\u00eb zonave t\u00eb mbrojtura n\u00eb Republik\u00ebn e Shqip\u00ebris\u00eb,  po b\u00ebhet n\u00eb interes t\u00eb p\u00ebrfitimeve ekonomike, private&#8221;.<\/p><\/blockquote>\n\n\n\n<p><\/p>\n\n\n\n<p>Dyzet e kat\u00ebr organizatat e shoq\u00ebris\u00eb civile kund\u00ebrshtojn\u00eb procedurat e konsultimit publik q\u00eb i paraprijn\u00eb vendimeve t\u00eb Qeveris\u00eb p\u00ebr t\u00eb ndryshuar kufijt\u00eb e hartave t\u00eb zonave t\u00eb mbrojtura duke hequr pjes\u00eb t\u00eb r\u00ebnd\u00ebsishme t\u00eb territorit nga zonat e mbrojtura, sidomos n\u00eb zonat af\u00ebr bregdetit. D\u00ebgjesa publike, lidhur me draft-vendimet e K\u00ebshillit t\u00eb Ministrave ishte parashikuar t\u00eb zhvillohej nga Agjencia e Zonave t\u00eb Mbrojtura dhe Ministria e Turizmit m\u00ebngjesin e 28 korrikut 2021.<\/p>\n\n\n\n<p>P\u00ebrfaq\u00ebsuesit e organizatave mjedisore e konsideruan organizimin e k\u00ebtij takimi nj\u00eb takim t\u00eb llojit \u201cqok\u00eb\u201d pasi ndryshimi i kufijve t\u00eb zonave t\u00eb mbrojtura ishte vendosur nga KKT n\u00eb dhjetor 2020 dhe vendimet e k\u00ebshillit t\u00eb Ministrave i jepnin form\u00ebn e duhur ligjore vendimit t\u00eb KKT. Kjo u konfirmua edhe nga q\u00ebndrimi i Z. Dedei, i cili u shpreh se procesi i ndryshimit t\u00eb kufijve edhe pse i kontestuar dhe me problemet q\u00eb u parashtruan, do t\u00eb p\u00ebrfundoj\u00eb n\u00ebp\u00ebrmjet miratimit t\u00eb VKM<\/p>\n\n\n\n<p>P\u00ebr m\u00eb shum\u00eb se 4 or\u00eb debate t\u00eb pand\u00ebrprera, jurist\u00eb, profesor\u00eb, biolog\u00eb, p\u00ebrfaq\u00ebsues s\u00eb institucione k\u00ebrkimore dhe m\u00ebsimor\u00eb argumentuan t\u00eb gjitha t\u00eb gjitha shkeljet ligjore t\u00eb b\u00ebra nga institucionet shtet\u00ebror\u00eb n\u00eb miratimin e ndryshimit t\u00eb hartave t\u00eb zonave t\u00eb mbrojtura.<\/p>\n\n\n\n<p><\/p>\n\n\n\n<figure class=\"wp-block-gallery columns-3 is-cropped wp-block-gallery-1 is-layout-flex wp-block-gallery-is-layout-flex\"><ul class=\"blocks-gallery-grid\"><li class=\"blocks-gallery-item\"><figure><a href=\"http:\/\/www.respublica.org.al\/wp-content\/uploads\/2021\/03\/163284092_1981748865312630_1808928337516044750_n.jpg\"><img decoding=\"async\" width=\"781\" height=\"600\" src=\"http:\/\/www.respublica.org.al\/wp-content\/uploads\/2021\/03\/163284092_1981748865312630_1808928337516044750_n.jpg\" alt=\"\" data-id=\"1800\" data-full-url=\"http:\/\/www.respublica.org.al\/wp-content\/uploads\/2021\/03\/163284092_1981748865312630_1808928337516044750_n.jpg\" data-link=\"http:\/\/www.respublica.org.al\/163284092_1981748865312630_1808928337516044750_n\/\" class=\"wp-image-1800\" srcset=\"https:\/\/www.respublica.org.al\/web\/wp-content\/uploads\/2021\/03\/163284092_1981748865312630_1808928337516044750_n.jpg 781w, https:\/\/www.respublica.org.al\/web\/wp-content\/uploads\/2021\/03\/163284092_1981748865312630_1808928337516044750_n-300x230.jpg 300w, https:\/\/www.respublica.org.al\/web\/wp-content\/uploads\/2021\/03\/163284092_1981748865312630_1808928337516044750_n-768x590.jpg 768w\" sizes=\"(max-width: 781px) 100vw, 781px\" \/><\/a><\/figure><\/li><li class=\"blocks-gallery-item\"><figure><a href=\"http:\/\/www.respublica.org.al\/wp-content\/uploads\/2021\/03\/162574476_1981748985312618_4427714595506391894_o.jpg\"><img decoding=\"async\" width=\"1024\" height=\"893\" src=\"http:\/\/www.respublica.org.al\/wp-content\/uploads\/2021\/03\/162574476_1981748985312618_4427714595506391894_o-1024x893.jpg\" alt=\"\" data-id=\"1798\" data-full-url=\"http:\/\/www.respublica.org.al\/wp-content\/uploads\/2021\/03\/162574476_1981748985312618_4427714595506391894_o.jpg\" data-link=\"http:\/\/www.respublica.org.al\/162574476_1981748985312618_4427714595506391894_o\/\" class=\"wp-image-1798\" srcset=\"https:\/\/www.respublica.org.al\/web\/wp-content\/uploads\/2021\/03\/162574476_1981748985312618_4427714595506391894_o-1024x893.jpg 1024w, https:\/\/www.respublica.org.al\/web\/wp-content\/uploads\/2021\/03\/162574476_1981748985312618_4427714595506391894_o-300x262.jpg 300w, https:\/\/www.respublica.org.al\/web\/wp-content\/uploads\/2021\/03\/162574476_1981748985312618_4427714595506391894_o-768x669.jpg 768w, https:\/\/www.respublica.org.al\/web\/wp-content\/uploads\/2021\/03\/162574476_1981748985312618_4427714595506391894_o-800x697.jpg 800w, https:\/\/www.respublica.org.al\/web\/wp-content\/uploads\/2021\/03\/162574476_1981748985312618_4427714595506391894_o.jpg 1052w\" sizes=\"(max-width: 1024px) 100vw, 1024px\" \/><\/a><\/figure><\/li><li class=\"blocks-gallery-item\"><figure><a href=\"http:\/\/www.respublica.org.al\/wp-content\/uploads\/2021\/03\/162616511_1981748945312622_5373585123711581922_o.jpg\"><img loading=\"lazy\" decoding=\"async\" width=\"1024\" height=\"696\" src=\"http:\/\/www.respublica.org.al\/wp-content\/uploads\/2021\/03\/162616511_1981748945312622_5373585123711581922_o-1024x696.jpg\" alt=\"\" data-id=\"1799\" data-full-url=\"http:\/\/www.respublica.org.al\/wp-content\/uploads\/2021\/03\/162616511_1981748945312622_5373585123711581922_o.jpg\" data-link=\"http:\/\/www.respublica.org.al\/162616511_1981748945312622_5373585123711581922_o\/\" class=\"wp-image-1799\" srcset=\"https:\/\/www.respublica.org.al\/web\/wp-content\/uploads\/2021\/03\/162616511_1981748945312622_5373585123711581922_o-1024x696.jpg 1024w, https:\/\/www.respublica.org.al\/web\/wp-content\/uploads\/2021\/03\/162616511_1981748945312622_5373585123711581922_o-300x204.jpg 300w, https:\/\/www.respublica.org.al\/web\/wp-content\/uploads\/2021\/03\/162616511_1981748945312622_5373585123711581922_o-768x522.jpg 768w, https:\/\/www.respublica.org.al\/web\/wp-content\/uploads\/2021\/03\/162616511_1981748945312622_5373585123711581922_o-800x544.jpg 800w, https:\/\/www.respublica.org.al\/web\/wp-content\/uploads\/2021\/03\/162616511_1981748945312622_5373585123711581922_o.jpg 1301w\" sizes=\"(max-width: 1024px) 100vw, 1024px\" \/><\/a><\/figure><\/li><\/ul><\/figure>\n\n\n\n<p>P\u00ebr avokaten Irena Dule kufijt\u00eb e zonave t\u00eb mbrojtura po ndryshojn\u00eb p\u00ebrmes nj\u00eb procesi t\u00eb paligjsh\u00ebm.<\/p>\n\n\n\n<p>\u201cMiratimi i VKM s\u00eb rishikimit t\u00eb kufijve t\u00eb Zonave t\u00eb Mbrojtura \u00ebsht\u00eb nj\u00eb lloj p\u00ebrpjekje p\u00ebr t\u00eb \u201clegalizuar\u201d nj\u00eb proces t\u00eb paligjsh\u00ebm, i cili mund t\u00eb korrigjohet vet\u00ebm duke e rib\u00ebr\u00eb procesin. Jan\u00eb injoruar n\u00eb m\u00ebnyr\u00eb t\u00eb hapur, k\u00ebrkesat ligjore, ku ndryshimi i kufijve nuk mund t\u00eb b\u00ebhet pa nj\u00eb plan territori, pa marr\u00eb mendimin e specializuar t\u00eb institucioneve shkencore, fakultetit t\u00eb shkencave, biolog\u00eb, pa informuar dhe pa marr\u00eb mendimin e Bashkive, etj. Procesi i konsultimi publik si segment m\u00eb vete \u00ebsht\u00eb s\u00ebrish jo n\u00eb p\u00ebrputhje me kriteret ligjore, por kjo \u00ebsht\u00eb pjesa difektoze m\u00eb e leht\u00eb e t\u00eb gjith\u00eb k\u00ebtij procesi, t\u00eb gjitha shkeljet e tjera e b\u00ebjn\u00eb k\u00ebt\u00eb proces t\u00eb pa legalizuesh\u00ebm\u201d-deklaroi Dule.<\/p>\n\n\n\n<p>Ekspert\u00ebt hodh\u00ebn dyshime se takimi nuk kishte aspak p\u00ebr q\u00ebllim p\u00ebr synim konsultim efektiv p\u00ebr t\u00eb b\u00ebr\u00eb ndryshime t\u00eb nevojshme n\u00eb Draft Vendimet e K\u00ebshillit t\u00eb Ministrave.<\/p>\n\n\n\n<p>Sipas tyre synimi i ndryshimit t\u00eb hartave t\u00eb zonave t\u00eb mbrojtura \u00ebsht\u00eb cenimi i sistemit t\u00eb zonave t\u00eb mbrojtura n\u00eb Republik\u00ebn e Shqip\u00ebris\u00eb, n\u00eb interes t\u00eb p\u00ebrfitimeve ekonomike, private.<\/p>\n\n\n\n<p>P\u00ebr Dorian Matlija, drejtor i Qendr\u00ebs &#8220;Res Publika&#8221;, n\u00eb kushtet kur KKT tashm\u00eb ka vendosur kufijt\u00eb dhe ministri po propozon VKM-te, nuk mbetet shum\u00eb p\u00ebr t\u00eb konsultuar me pal\u00ebt: <\/p>\n\n\n\n<p>&#8220;Ky konsultim nuk sjell asnj\u00eb ndryshim t\u00eb zonave t\u00eb mbrojtura dhe b\u00ebhet sa p\u00ebr t\u00eb kryer nj\u00eb procedur\u00eb formale. Nd\u00ebrkoh\u00eb procesi \u00ebsht\u00eb kompromentuar q\u00eb nga fillimi pasi mungon Plani Specifik p\u00ebr t\u00ebr\u00ebsin\u00eb e zonave t\u00eb mbrojtura, si\u00e7 parashikon ligji dhe ky plan k\u00ebrkon vler\u00ebsimin strategjik mjedisor, i cili nuk na rezulton t\u00eb jet\u00eb kryer. Pa k\u00ebt\u00eb themel, e gjith\u00eb ngrehina e procesit \u00ebsht\u00eb e kompromentuar, si dhe n\u00eb kushtet kur catia dhe vula i \u00ebsht\u00eb ven\u00eb tashm\u00eb nga KKT. Pjes\u00ebmarrja e shoq\u00ebris\u00eb civile n\u00eb k\u00ebto tryeza k\u00ebrkohet vet\u00ebm p\u00ebr t\u00eb legalizuar k\u00ebt\u00eb ngrehin\u00eb, duke l\u00ebn\u00eb n\u00eb diskutim vet\u00ebm bojatisjen e fasad\u00ebs. Ky \u00ebsht\u00eb thelbi i reagimit ton\u00eb, q\u00eb ne nuk e pranojm\u00eb k\u00ebt\u00eb proces, nuk e njohim legjitimitetin e tij. K\u00ebrkojm\u00eb transparenc\u00eb dhe qart\u00ebsi t\u00eb procesit, dhe si rrjedhoj\u00eb k\u00ebrkojm\u00eb nga institucionet t\u00eb rishikojn\u00eb t\u00ebr\u00ebsin\u00eb e procesit t\u00eb deri tanish\u00ebm.\u00a0 Zhvillimi ekonomik ka mund\u00ebsi t\u00eb shumta p\u00ebr t&#8217;u modifikuar, spostuar dhe p\u00ebrshtatur, mund\u00ebsi t\u00eb cilat nuk jan\u00eb konsideruar.\u00a0Zonat e Mbrojtura duhet t\u00eb shpallen sipas kritereve shkencore dhe procedurave ligjore q\u00eb t&#8217;i sh\u00ebrbejn\u00eb ruajtjes s\u00eb natyr\u00ebs dhe biodiversitetit dhe jo t\u00eb qepen me porosi sipas interesave ekonomike t\u00eb nj\u00eb zhvillimi t\u00eb paq\u00ebndruesh\u00ebm e t\u00eb pastudiuar sic duhet, ne kund\u00ebrshtim me ligjin dhe me k\u00ebrkesat e vazhdueshme t\u00eb Bashkimit Evropian e shum\u00eb partner\u00ebve t\u00eb tjer\u00eb t\u00eb Shqip\u00ebris\u00eb.\u201d- tha Matlija.<\/p>\n\n\n\n<p>Sipas mjedisor\u00ebve miratimi i ndryshimit t\u00eb hartave do t\u00eb shkaktoj\u00eb pasoja t\u00eb forta negative n\u00eb Sistemin e Zonave t\u00eb Mbrojtura, sidomos t\u00eb atyre ligatinore bregdetare, dhe n\u00eb larmin\u00eb biologjike t\u00eb vendit.<\/p>\n\n\n\n<p>M\u00eb 28 dhjetor 2020, K\u00ebshilli Komb\u00ebtar i Territorit ka miratuar hartat dhe zonimin e t\u00eb gjitha zonave t\u00eb mbrojtura n\u00eb Republik\u00ebn e Shqip\u00ebris\u00eb. N\u00eb ndryshimet e b\u00ebra jan\u00eb p\u00ebrfshir\u00eb 4 zonat e reja si dhe 6 zonat hiqen nga sistemi apo p\u00ebsojn\u00eb ndryshime n\u00eb kategori, apo sip\u00ebrfaqe t\u00eb zonave t\u00eb tjera. Ky vendim u mor n\u00eb fsheht\u00ebsi t\u00eb plot\u00eb dhe harta e miratuara u publikuara n\u00eb faqen zyrtare t\u00eb KKT-s\u00eb vet\u00ebm pas tre muajsh dhe jo pas 10 dit\u00ebsh sipas parashikimeve t\u00eb ligjit.<\/p>\n","protected":false},"excerpt":{"rendered":"<p>&#8220;C\u00ebnimi i sistemit t\u00eb zonave t\u00eb mbrojtura n\u00eb Republik\u00ebn e Shqip\u00ebris\u00eb, po b\u00ebhet n\u00eb interes t\u00eb p\u00ebrfitimeve ekonomike, private&#8221;. Dyzet [&hellip;]<\/p>\n","protected":false},"author":2,"featured_media":1901,"comment_status":"open","ping_status":"open","sticky":false,"template":"","format":"standard","meta":{"site-sidebar-layout":"default","site-content-layout":"","ast-site-content-layout":"","site-content-style":"default","site-sidebar-style":"default","ast-global-header-display":"","ast-banner-title-visibility":"","ast-main-header-display":"","ast-hfb-above-header-display":"","ast-hfb-below-header-display":"","ast-hfb-mobile-header-display":"","site-post-title":"","ast-breadcrumbs-content":"","ast-featured-img":"","footer-sml-layout":"","theme-transparent-header-meta":"","adv-header-id-meta":"","stick-header-meta":"","header-above-stick-meta":"","header-main-stick-meta":"","header-below-stick-meta":"","astra-migrate-meta-layouts":"default","ast-page-background-enabled":"default","ast-page-background-meta":{"desktop":{"background-color":"var(--ast-global-color-4)","background-image":"","background-repeat":"repeat","background-position":"center center","background-size":"auto","background-attachment":"scroll","background-type":"","background-media":"","overlay-type":"","overlay-color":"","overlay-gradient":""},"tablet":{"background-color":"","background-image":"","background-repeat":"repeat","background-position":"center center","background-size":"auto","background-attachment":"scroll","background-type":"","background-media":"","overlay-type":"","overlay-color":"","overlay-gradient":""},"mobile":{"background-color":"","background-image":"","background-repeat":"repeat","background-position":"center center","background-size":"auto","background-attachment":"scroll","background-type":"","background-media":"","overlay-type":"","overlay-color":"","overlay-gradient":""}},"ast-content-background-meta":{"desktop":{"background-color":"var(--ast-global-color-5)","background-image":"","background-repeat":"repeat","background-position":"center center","background-size":"auto","background-attachment":"scroll","background-type":"","background-media":"","overlay-type":"","overlay-color":"","overlay-gradient":""},"tablet":{"background-color":"var(--ast-global-color-5)","background-image":"","background-repeat":"repeat","background-position":"center center","background-size":"auto","background-attachment":"scroll","background-type":"","background-media":"","overlay-type":"","overlay-color":"","overlay-gradient":""},"mobile":{"background-color":"var(--ast-global-color-5)","background-image":"","background-repeat":"repeat","background-position":"center center","background-size":"auto","background-attachment":"scroll","background-type":"","background-media":"","overlay-type":"","overlay-color":"","overlay-gradient":""}},"footnotes":""},"categories":[6],"tags":[],"_links":{"self":[{"href":"https:\/\/www.respublica.org.al\/web\/index.php?rest_route=\/wp\/v2\/posts\/1900"}],"collection":[{"href":"https:\/\/www.respublica.org.al\/web\/index.php?rest_route=\/wp\/v2\/posts"}],"about":[{"href":"https:\/\/www.respublica.org.al\/web\/index.php?rest_route=\/wp\/v2\/types\/post"}],"author":[{"embeddable":true,"href":"https:\/\/www.respublica.org.al\/web\/index.php?rest_route=\/wp\/v2\/users\/2"}],"replies":[{"embeddable":true,"href":"https:\/\/www.respublica.org.al\/web\/index.php?rest_route=%2Fwp%2Fv2%2Fcomments&post=1900"}],"version-history":[{"count":8,"href":"https:\/\/www.respublica.org.al\/web\/index.php?rest_route=\/wp\/v2\/posts\/1900\/revisions"}],"predecessor-version":[{"id":1909,"href":"https:\/\/www.respublica.org.al\/web\/index.php?rest_route=\/wp\/v2\/posts\/1900\/revisions\/1909"}],"wp:featuredmedia":[{"embeddable":true,"href":"https:\/\/www.respublica.org.al\/web\/index.php?rest_route=\/wp\/v2\/media\/1901"}],"wp:attachment":[{"href":"https:\/\/www.respublica.org.al\/web\/index.php?rest_route=%2Fwp%2Fv2%2Fmedia&parent=1900"}],"wp:term":[{"taxonomy":"category","embeddable":true,"href":"https:\/\/www.respublica.org.al\/web\/index.php?rest_route=%2Fwp%2Fv2%2Fcategories&post=1900"},{"taxonomy":"post_tag","embeddable":true,"href":"https:\/\/www.respublica.org.al\/web\/index.php?rest_route=%2Fwp%2Fv2%2Ftags&post=1900"}],"curies":[{"name":"wp","href":"https:\/\/api.w.org\/{rel}","templated":true}]}}