{"id":1913,"date":"2021-09-13T19:04:40","date_gmt":"2021-09-13T17:04:40","guid":{"rendered":"http:\/\/www.respublica.org.al\/?p=1913"},"modified":"2021-10-28T10:57:53","modified_gmt":"2021-10-28T08:57:53","slug":"qendra-res-publika-vazhdon-betejen-ligjore-kunder-kompanise-albpetrol","status":"publish","type":"post","link":"https:\/\/www.respublica.org.al\/web\/?p=1913","title":{"rendered":"Qendra &#8220;Res Publica&#8221; vazhdon betej\u00ebn ligjore kund\u00ebr kompanis\u00eb Albpetrol"},"content":{"rendered":"\n<div class=\"wp-block-cover has-background-dim\"><img fetchpriority=\"high\" decoding=\"async\" width=\"700\" height=\"525\" class=\"wp-block-cover__image-background wp-image-1914\" alt=\"\" src=\"http:\/\/www.respublica.org.al\/wp-content\/uploads\/2021\/09\/Protesta-Fier-1.jpg\" data-object-fit=\"cover\" srcset=\"https:\/\/www.respublica.org.al\/web\/wp-content\/uploads\/2021\/09\/Protesta-Fier-1.jpg 700w, https:\/\/www.respublica.org.al\/web\/wp-content\/uploads\/2021\/09\/Protesta-Fier-1-300x225.jpg 300w\" sizes=\"(max-width: 700px) 100vw, 700px\" \/><div class=\"wp-block-cover__inner-container is-layout-flow wp-block-cover-is-layout-flow\">\n<p class=\"has-large-font-size\"><\/p>\n<\/div><\/div>\n\n\n\n<blockquote class=\"wp-block-quote is-layout-flow wp-block-quote-is-layout-flow\"><p>Pas 10 vitesh, punonj\u00ebsit e Albpetrolit fitojn\u00eb t\u00eb drejt\u00ebn p\u00ebr njohjen e d\u00ebmshp\u00ebrblimit t\u00eb vjet\u00ebrsis\u00eb n\u00eb pun\u00eb.<\/p><\/blockquote>\n\n\n\n<p>N\u00eb vitin 2010 ishte 54 vje\u00e7e kur u pushua nga puna. Ju ofrua asistenc\u00eb nj\u00eb vje\u00e7are, e m\u00eb pas duhet t\u00eb priste mosh\u00ebn e pensionit, por si e papun\u00eb. Ky ishte shp\u00ebrblimi i vet\u00ebm q\u00eb shtetasja L.L me profesion gjeologe morri p\u00ebr 36 vitet e pun\u00ebs s\u00eb saj n\u00eb nd\u00ebrmarrjen Albpetrol.<\/p>\n\n\n\n<p>Si gjeologia, u larguan nga puna me nj\u00eb t\u00eb r\u00ebn\u00eb t\u00eb lapsit edhe 1294 punonj\u00ebs t\u00eb Albpetrolit. N\u00eb kund\u00ebrshtim flagrant me kodin e pun\u00ebs, asnj\u00eb prej punonj\u00ebsve nuk u njihej vjet\u00ebrsia n\u00eb pun\u00eb. Shumica e t\u00eb pushuarve kishin mbi 30 vite q\u00eb jepnin kontributin e tyre n\u00eb nd\u00ebrmarrjen e p\u00ebrpunimit dhe tregtimit t\u00eb naft\u00ebs. Duke i mohuar vjet\u00ebrsin\u00eb e pun\u00ebs personelit t\u00eb larguar, kompania Albpetrol p\u00ebrfitonte nj\u00eb shum\u00eb q\u00eb p\u00ebrllogaritej n\u00eb vler\u00ebn e mbi 5 milion dollar\u00eb. Ve\u00e7 k\u00ebsaj, punonj\u00ebsit intimidoheshin p\u00ebr t\u00eb hapur procese gjyq\u00ebsore, me argumentin se ato nuk kishin asnj\u00eb mund\u00ebsi fitimi nga drejt\u00ebsia.<\/p>\n\n\n\n<p>Asokohe, p\u00ebr shkak t\u00eb gjendjes s\u00eb krijuar, qendra &#8220;Res Publica&#8221; tentoi t\u00eb kontaktoj\u00eb me p\u00ebrfaq\u00ebsues t\u00eb punonj\u00ebsve t\u00eb pushuar, n\u00eb kuad\u00ebr t\u00eb nj\u00eb projekti nga Fondacioni Shoq\u00ebria e Hapur p\u00ebr Shqip\u00ebrin\u00eb, p\u00ebr t&#8217;ju ofruar ndihm\u00eb juridike punonj\u00ebsve.<\/p>\n\n\n\n<p>N\u00eb takimet e zhvilluar nj\u00eb syresh ishin hezitues, p\u00ebr shkak t\u00eb informacionit t\u00eb siguruar n\u00eb rrug\u00eb in-formale se ata nuk kishin asnj\u00eb mund\u00ebsi q\u00eb t\u00eb fitonin proceset gjyq\u00ebsore.<\/p>\n\n\n\n<p>10 prej punonj\u00ebseve vendos\u00ebn t\u00eb sfidojn\u00eb k\u00ebt\u00eb mentalitet dhe i besuan qendr\u00ebs &#8220;Res Publica&#8221; p\u00ebr t\u00eb ndjekur k\u00ebt\u00eb \u00e7\u00ebshtje n\u00eb rrug\u00eb gjyq\u00ebsore, me objekt padie t\u00eb fokusuar n\u00eb shp\u00ebrblimin p\u00ebr vjet\u00ebrsin\u00eb n\u00eb pun\u00eb t\u00eb punonj\u00ebsve t\u00eb larguar nga nd\u00ebrmarrja Albpetrol.<\/p>\n\n\n\n<p>N\u00eb vitin 2012, gjykata e Shkall\u00ebs s\u00eb Par\u00eb n\u00eb Fier rr\u00ebzon t\u00eb gjitha k\u00ebrkesat e punonj\u00ebsve. duke argumentuar se shp\u00ebrblimi p\u00ebr vjet\u00ebrsi nuk u takon padit\u00ebsve.<\/p>\n\n\n\n<p>Pavar\u00ebsisht se mb\u00ebshtetja e projektit nga Fondacioni Soros p\u00ebrfundoi at\u00eb vit, (projekti ishte nj\u00eb vje\u00e7ar), Qendra &#8220;Res Publica&#8221; nuk hoqi dor\u00eb nga beteja e nisur juridike.<\/p>\n\n\n\n<p>Avokat\u00ebt e Qendr\u00ebs apeluan vendimet n\u00eb Gjykat\u00ebn e Vlor\u00ebs, e cila edhe ajo la n\u00eb fuqi vendimet e gjykat\u00ebs s\u00eb shkall\u00ebs s\u00eb par\u00eb me t\u00eb nj\u00ebjt\u00ebn logjik\u00eb, procese k\u00ebto q\u00eb jan\u00eb zhvilluar gjat\u00eb viteve 2012-2013.<\/p>\n\n\n\n<p>T\u00eb bindur q\u00eb kishin t\u00eb drejt\u00eb, avokat\u00ebt e zhvendos\u00ebn betej\u00ebn ligjore n\u00eb Gjykat\u00ebn e Lart\u00eb e cila do t\u00eb kishte edhe shansin t\u00eb krijonte nj\u00eb praktik\u00eb re gjyq\u00ebsore, jo vet\u00ebm n\u00eb interes t\u00eb personave t\u00eb p\u00ebrfshir\u00eb n\u00eb proces por edhe t\u00eb cdo punonj\u00ebsi t\u00eb pushuar nga puna q\u00eb i mohohej  e drejta e shp\u00ebrblimit t\u00eb viteve t\u00eb vjet\u00ebrsis\u00eb n\u00eb pun\u00eb.<\/p>\n\n\n\n<p>Gjat\u00eb viteve, 2015-2016, Gjykata e Lart\u00eb nisi t\u00eb pranonte p\u00ebr her\u00eb t\u00eb par\u00eb k\u00ebrkesa t\u00eb k\u00ebsaj natyre dhe punonj\u00ebsit t\u00eb merrnin shp\u00ebrblimin p\u00ebr vjet\u00ebrsi n\u00eb pun\u00eb, nj\u00eb e drejt\u00eb kjo legjitime e tyre.<\/p>\n\n\n\n<p>Pavar\u00ebsisht proceseve gjyq\u00ebsore t\u00eb tej zgjatura; humbjeve t\u00eb betej\u00ebs ligjore n\u00eb dy shkall\u00ebt e para t\u00eb gjyq\u00ebsorit, qendra &#8220;Res Pubulica&#8221; vazhdon edhe sot t\u00eb luftoj\u00eb p\u00ebr k\u00ebto \u00e7\u00ebshtje ligjore. Fituesja e radh\u00ebs ishte gjeologia q\u00eb nisi pun\u00eb n\u00eb nd\u00ebrmarrjen Alptrol n\u00eb mosh\u00ebn 18 vje\u00e7are.<\/p>\n\n\n\n<p>V\u00ebrtet\u00eb drejt\u00ebsia, kur je i bindur tek ajo, vonon por ama nuk harron, kur lufton deri n\u00eb fund. Ky \u00ebsht\u00eb nj\u00eb rast thirrje p\u00ebr reflektim edhe p\u00ebr mb\u00ebshtet\u00ebsit e shoq\u00ebris\u00eb civile q\u00eb t\u00eb marrin n\u00eb konsiderat\u00eb se luft\u00ebrat juridike mund t\u00eb marrin shum\u00eb koh\u00eb p\u00ebr t\u00eb arritur sukses. N\u00eb nj\u00eb vit mund t\u00eb ndodhin pak gj\u00ebra, por n\u00eb 10 vjet mund t\u00eb ndodhin ndryshime shum\u00eb t\u00eb m\u00ebdha t\u00eb praktik\u00ebs gjyq\u00ebsore, t\u00eb cila jan\u00eb edhe objekti kryesor q\u00eb duhet t\u00eb ket\u00eb shoq\u00ebria civile.<\/p>\n\n\n\n<p><\/p>\n\n\n\n<p><\/p>\n","protected":false},"excerpt":{"rendered":"<p>Pas 10 vitesh, punonj\u00ebsit e Albpetrolit fitojn\u00eb t\u00eb drejt\u00ebn p\u00ebr njohjen e d\u00ebmshp\u00ebrblimit t\u00eb vjet\u00ebrsis\u00eb n\u00eb pun\u00eb. N\u00eb vitin 2010 [&hellip;]<\/p>\n","protected":false},"author":2,"featured_media":1914,"comment_status":"open","ping_status":"open","sticky":false,"template":"","format":"standard","meta":{"site-sidebar-layout":"default","site-content-layout":"","ast-site-content-layout":"","site-content-style":"default","site-sidebar-style":"default","ast-global-header-display":"","ast-banner-title-visibility":"","ast-main-header-display":"","ast-hfb-above-header-display":"","ast-hfb-below-header-display":"","ast-hfb-mobile-header-display":"","site-post-title":"","ast-breadcrumbs-content":"","ast-featured-img":"","footer-sml-layout":"","theme-transparent-header-meta":"","adv-header-id-meta":"","stick-header-meta":"","header-above-stick-meta":"","header-main-stick-meta":"","header-below-stick-meta":"","astra-migrate-meta-layouts":"default","ast-page-background-enabled":"default","ast-page-background-meta":{"desktop":{"background-color":"var(--ast-global-color-4)","background-image":"","background-repeat":"repeat","background-position":"center center","background-size":"auto","background-attachment":"scroll","background-type":"","background-media":"","overlay-type":"","overlay-color":"","overlay-gradient":""},"tablet":{"background-color":"","background-image":"","background-repeat":"repeat","background-position":"center center","background-size":"auto","background-attachment":"scroll","background-type":"","background-media":"","overlay-type":"","overlay-color":"","overlay-gradient":""},"mobile":{"background-color":"","background-image":"","background-repeat":"repeat","background-position":"center center","background-size":"auto","background-attachment":"scroll","background-type":"","background-media":"","overlay-type":"","overlay-color":"","overlay-gradient":""}},"ast-content-background-meta":{"desktop":{"background-color":"var(--ast-global-color-5)","background-image":"","background-repeat":"repeat","background-position":"center center","background-size":"auto","background-attachment":"scroll","background-type":"","background-media":"","overlay-type":"","overlay-color":"","overlay-gradient":""},"tablet":{"background-color":"var(--ast-global-color-5)","background-image":"","background-repeat":"repeat","background-position":"center center","background-size":"auto","background-attachment":"scroll","background-type":"","background-media":"","overlay-type":"","overlay-color":"","overlay-gradient":""},"mobile":{"background-color":"var(--ast-global-color-5)","background-image":"","background-repeat":"repeat","background-position":"center center","background-size":"auto","background-attachment":"scroll","background-type":"","background-media":"","overlay-type":"","overlay-color":"","overlay-gradient":""}},"footnotes":""},"categories":[6],"tags":[],"_links":{"self":[{"href":"https:\/\/www.respublica.org.al\/web\/index.php?rest_route=\/wp\/v2\/posts\/1913"}],"collection":[{"href":"https:\/\/www.respublica.org.al\/web\/index.php?rest_route=\/wp\/v2\/posts"}],"about":[{"href":"https:\/\/www.respublica.org.al\/web\/index.php?rest_route=\/wp\/v2\/types\/post"}],"author":[{"embeddable":true,"href":"https:\/\/www.respublica.org.al\/web\/index.php?rest_route=\/wp\/v2\/users\/2"}],"replies":[{"embeddable":true,"href":"https:\/\/www.respublica.org.al\/web\/index.php?rest_route=%2Fwp%2Fv2%2Fcomments&post=1913"}],"version-history":[{"count":8,"href":"https:\/\/www.respublica.org.al\/web\/index.php?rest_route=\/wp\/v2\/posts\/1913\/revisions"}],"predecessor-version":[{"id":2019,"href":"https:\/\/www.respublica.org.al\/web\/index.php?rest_route=\/wp\/v2\/posts\/1913\/revisions\/2019"}],"wp:featuredmedia":[{"embeddable":true,"href":"https:\/\/www.respublica.org.al\/web\/index.php?rest_route=\/wp\/v2\/media\/1914"}],"wp:attachment":[{"href":"https:\/\/www.respublica.org.al\/web\/index.php?rest_route=%2Fwp%2Fv2%2Fmedia&parent=1913"}],"wp:term":[{"taxonomy":"category","embeddable":true,"href":"https:\/\/www.respublica.org.al\/web\/index.php?rest_route=%2Fwp%2Fv2%2Fcategories&post=1913"},{"taxonomy":"post_tag","embeddable":true,"href":"https:\/\/www.respublica.org.al\/web\/index.php?rest_route=%2Fwp%2Fv2%2Ftags&post=1913"}],"curies":[{"name":"wp","href":"https:\/\/api.w.org\/{rel}","templated":true}]}}