{"id":1924,"date":"2021-09-20T12:17:56","date_gmt":"2021-09-20T10:17:56","guid":{"rendered":"http:\/\/www.respublica.org.al\/?p=1924"},"modified":"2021-10-26T23:06:45","modified_gmt":"2021-10-26T21:06:45","slug":"agjencia-e-propagandes-rama-asgje-e-re-nga-fronti","status":"publish","type":"post","link":"https:\/\/www.respublica.org.al\/web\/?p=1924","title":{"rendered":"AGJENCIA E PROPAGAND\u00cbS RAMA \u2013 ASGJ\u00cb E RE NGA FRONTI"},"content":{"rendered":"\n<div class=\"wp-block-cover aligncenter has-background-dim\"><img fetchpriority=\"high\" decoding=\"async\" width=\"1000\" height=\"666\" class=\"wp-block-cover__image-background wp-image-1926\" alt=\"\" src=\"http:\/\/www.respublica.org.al\/wp-content\/uploads\/2021\/09\/ediramakryeministri-1.jpg\" data-object-fit=\"cover\" srcset=\"https:\/\/www.respublica.org.al\/web\/wp-content\/uploads\/2021\/09\/ediramakryeministri-1.jpg 1000w, https:\/\/www.respublica.org.al\/web\/wp-content\/uploads\/2021\/09\/ediramakryeministri-1-300x200.jpg 300w, https:\/\/www.respublica.org.al\/web\/wp-content\/uploads\/2021\/09\/ediramakryeministri-1-768x511.jpg 768w, https:\/\/www.respublica.org.al\/web\/wp-content\/uploads\/2021\/09\/ediramakryeministri-1-800x533.jpg 800w\" sizes=\"(max-width: 1000px) 100vw, 1000px\" \/><div class=\"wp-block-cover__inner-container is-layout-flow wp-block-cover-is-layout-flow\">\n<p class=\"has-large-font-size\"><\/p>\n<\/div><\/div>\n\n\n\n<blockquote class=\"wp-block-quote is-layout-flow wp-block-quote-is-layout-flow\"><p>P\u00ebr avokaten Dule krijimi i k\u00ebsaj agjencie nuk do t\u00eb ndihmoj\u00eb informimin m\u00eb t\u00eb mir\u00eb e m\u00eb t\u00eb shpejt\u00eb t\u00eb publikut por do t\u00eb siguroj\u00eb kontroll m\u00eb t\u00eb strukturuar mbi informacionin q\u00eb hyn dhe del n\u00eb zyrat e ekzekutivit, nga zyra pran\u00eb Kryeministrit.<\/p><\/blockquote>\n\n\n\n<p><strong>Nga Valmora Gogo<\/strong><\/p>\n\n\n\n<p><\/p>\n\n\n\n<p>M\u00eb 18 shtator 2021 qeveria vendosi krijimin e Agjencis\u00eb p\u00ebr Media dhe Informim. Pas drejtimit t\u00eb Agjencis\u00eb Telegrafike Shqiptare dhe aktualisht Autoritetit t\u00eb Mediave Audiovizive nga ish-z\u00ebdh\u00ebn\u00ebsja e Partis\u00eb Socialiste Armela Krasniqit dhe pas kapjes s\u00eb Televizionit Publik Shqiptar q\u00eb her\u00ebt kur socialist\u00ebt qeverisnin me LSI-n\u00eb, ky \u00ebsht\u00eb nj\u00eb akt tjet\u00ebr publik p\u00ebr kontrollin e informacionit.<\/p>\n\n\n\n<p>Kushdo q\u00eb nuk ka jetuar n\u00eb Shqip\u00ebri ose s\u00eb paku q\u00eb nuk e njeh Shqip\u00ebrin\u00eb n\u00eb k\u00ebndin e marr\u00ebdh\u00ebnieve qeveri-media, media-qeveri do skandalizohej. Por, do ta shtjellojm\u00eb m\u00eb tej me ftoht\u00ebsi se n\u00eb fakt, \u00ebsht\u00eb as m\u00eb shum\u00eb e as m\u00eb pak se e nj\u00ebjta gj\u00eb me at\u00eb q\u00eb kryeministri Rama ka b\u00ebr\u00eb de facto n\u00eb kontrollin e informacionit, me ndryshimin e vet\u00ebm se tani ka dashur ta ligj\u00ebroj\u00eb me nj\u00eb lloj t\u00eb ri organizimi. K\u00ebtij argumenti do t\u2019i rikthehemi s\u00ebrish por le ta zhbirilojm\u00eb hap pas hapi se \u00e7far\u00eb dihet deri m\u00eb tani mbi k\u00ebt\u00eb agjenci.<\/p>\n\n\n\n<p><strong>LEXIMI KRITIK<\/strong><\/p>\n\n\n\n<p>Lindita \u00c7ela, gazetare e \u201cOCCRP\u201d-s\u00eb e thot\u00eb se vitet e fundit \u00e7do informacion ka qen\u00eb i kontrolluar nga qeveria por sipas saj, shqet\u00ebsuese k\u00ebt\u00eb her\u00eb \u00ebsht\u00eb arroganca e qeveris\u00eb p\u00ebr t\u00eb legalizuar propagand\u00ebn.<\/p>\n\n\n\n<p>\u201cE v\u00ebrteta \u00ebsht\u00eb se vitet e fundit e fundit \u00e7do informacion ka qen\u00eb i kontrolluar nga qeveria, duke nisur nga kasetat e prodhuara n\u00eb zyrat e ashtuquajtura t\u00eb marr\u00ebdh\u00ebnieve me publikun e deri tek refuzimi i institucioneve p\u00ebr t\u00eb dh\u00ebn\u00eb informacion zyrtar, por ajo q\u00eb un\u00eb tashm\u00eb e shoh m\u00eb problematike \u00ebsht\u00eb se p\u00ebr her\u00eb t\u00eb par\u00eb qeveria ka arroganc\u00ebn ta legalizoj\u00eb propagand\u00ebn n\u00eb rang ministrie\u2026\u201d, shprehet \u00c7ela.<\/p>\n\n\n\n<p>Gazetari Isa Myzyraj thot\u00eb se edhe pse qeveria \u00ebsht\u00eb kritikuar shum\u00eb dy mandatet e para p\u00ebr p\u00ebrdorimin masiv t\u00eb burimeve njer\u00ebzve n\u00eb propagand\u00eb, tanim\u00eb situata do t\u00eb jet\u00eb e rregulluar edhe me \u201cligj special\u201d. \u201cDy mandatet e para qeveria \u00ebsht\u00eb kritikuar shum\u00eb, n\u00eb lidhje me p\u00ebrdorimin masiv t\u00eb burimeve njer\u00ebzore, si p\u00ebr te hapur profile false n\u00eb rrjetet sociale p\u00ebr t\u00eb sulmuar kund\u00ebrshtar\u00ebt, si p\u00ebr t\u00eb shp\u00ebrndar\u00eb materialet propagandiatike, si p\u00ebr t\u00eb monitoruar e sulmuar median. Tanime n\u00eb k\u00ebt\u00eb mandat t\u00eb gjith\u00eb k\u00ebto burime njer\u00ebzore, sa ilegale sa legale, do t\u00eb jen\u00eb t\u00eb rregulluara me \u201cligj special\u201d si\u00e7 \u00ebsht\u00eb VKM-ja e fundit.\u201d, shprehet Myzyraj.<\/p>\n\n\n\n<p>Gazetarja \u00c7ela thot\u00eb se drejtori i k\u00ebsaj agjencie do ket\u00eb statusin e ministrit t\u00eb Shtetit por nga ana tjet\u00ebr kjo struktur\u00eb nuk \u00ebsht\u00eb ngritur p\u00ebr sh\u00ebrbime jetike p\u00ebr qytetar\u00ebt.<\/p>\n\n\n\n<p>\u201cN\u00eb rastin e krijimit t\u00eb agjencis\u00eb, duksh\u00ebm nuk kemi t\u00eb b\u00ebjm\u00eb me ofrimin e nj\u00eb sh\u00ebrbimi p\u00ebr popullat\u00ebn, pasi nuk besoj se shqiptar\u00ebve ajo q\u00eb u mungon n\u00eb pritshm\u00ebrin\u00eb tyre jan\u00eb informacionet e qeveris\u00eb, por sh\u00ebrbimet jetike, ku ende qoft\u00eb edhe p\u00ebr legalizimin e nj\u00eb dokumenti duhet t\u00eb presin n\u00eb radh\u00eb\u201d, thot\u00eb \u00c7ela.<\/p>\n\n\n\n<p>Irena Dule, avokate pran\u00eb qendr\u00ebs \u201cRes Publica\u201d ngre pyetjen pse u krijua tani kjo agjenci dhe p\u00ebr \u00e7\u2019q\u00ebllim.<\/p>\n\n\n\n<p>\u201cPse kjo krijes\u00eb e re, \u00e7far\u00eb q\u00ebllimi dhe misioni t\u00eb parregulluar deri m\u00eb tani k\u00ebrkon t\u00eb plot\u00ebsoj\u00eb. Kjo pyetje e gjen p\u00ebrgjigjen si rregull n\u00eb relacionin q\u00eb shoq\u00ebron aktin e krijimit (VKM p\u00ebrkat\u00ebse), q\u00eb n\u00eb rastin konkret nuk \u00ebsht\u00eb publikuar ende. N\u00eb munges\u00eb t\u00eb k\u00ebtij akti, p\u00ebrgjigjen e jep leximi i VKM-s\u00eb n\u00eb t\u00ebr\u00ebsi. Sipas k\u00ebsaj VKM-je q\u00eb p\u00ebrb\u00ebn dhe aktin e themelimit t\u00eb agjencis\u00eb, nuk ka asnj\u00eb funksion q\u00eb nuk kryhet aktualisht nga strukura ekzistuese. K\u00ebshtu n\u00eb \u00e7do institucion t\u00eb nivelit t\u00eb lart\u00eb qendror dhe vendor, funksionet e parashikuara n\u00eb VKM-n\u00eb n\u00eb fjal\u00eb kryhen tipikisht nga z\u00ebdh\u00ebn\u00ebsi i shtypit, zyrat e marr\u00ebdh\u00ebnieve me jasht\u00eb, kabineti i titullarit, koordinator\u00ebt p\u00ebr t\u00eb drejt\u00ebn e informimit. I vetmi funksion i parregulluar m\u00eb par\u00eb \u00ebsht\u00eb centralizimi i aktivitetit t\u00eb k\u00ebtyre strukturave, q\u00eb tashm\u00eb do t\u00eb jen\u00eb n\u00eb var\u00ebsi t\u00eb agjencis\u00eb, ku kjo e fundit \u00ebsht\u00eb n\u00eb var\u00ebsi direkt t\u00eb Kryeministrit. Centralizimi i nj\u00eb aktiviteti n\u00eb parim nuk i sh\u00ebrben demokratizimit dhe rasti n\u00eb fjal\u00eb nuk b\u00ebn p\u00ebrjashtim. \u201c, thot\u00eb avokatja Dule.<\/p>\n\n\n\n<p>Sipas gazetares \u00c7ela, jan\u00eb pik\u00ebrisht institucionet e pushtetit qendror ato q\u00eb shkelin ligjin p\u00ebr informimin me t\u00eb dyja k\u00ebmb\u00ebt.<\/p>\n\n\n\n<p>\u201cPika N e VKM-s\u00eb thot\u00eb se Agjencia \u201cSiguron p\u00ebrgjigje p\u00ebr shkresat dhe k\u00ebrkesat p\u00ebr informacion n\u00eb lidhje me \u00e7\u00ebshtjet e informimit dhe komunikimit mediatik\u201d, pra \u00e7do gazetar p\u00ebr t\u00eb kryer pun\u00ebn e tij \u00ebsht\u00eb n\u00eb vart\u00ebsi t\u00eb informacionit q\u00eb p\u00ebrcjellin punonj\u00ebsit e k\u00ebsaj strukture. Ve\u00e7 k\u00ebsaj qeveria i jep t\u00eb drejt\u00ebn vet\u00ebs edhe t\u00eb vendos\u00eb kush \u00ebsht\u00eb gazetar profesionist n\u00eb k\u00ebt\u00eb vend pasi n\u00eb pik\u00ebn L t\u00eb VKM-s\u00eb thuhet se agjencia do t\u00eb krijoj\u00eb faqe interneti dhe\/apo kanale komunikimi t\u00eb dedikuara p\u00ebr profesionist\u00ebt e medias dhe publikun, duke ofruar lajme, materiale shtes\u00eb dhe dokumente mbi politikat e qeveris\u00eb apo institucioneve publike. Pra duksh\u00ebm, jo vet\u00ebm gazetar\u00ebt por edhe opinioni publik nuk do t\u00eb ket\u00eb asnj\u00eb qasje t\u00eb pavarur mbi dokumentet zyrtare apo edhe informacion t\u00eb pavarur.\u201d, shprehet \u00c7ela duke shtuar se \u00e7do pik\u00eb e funksionimit t\u00eb k\u00ebsaj agjencie \u00ebsht\u00eb nj\u00eb kamban\u00eb alarmi mbi t\u00eb drejt\u00ebn e informimit dhe pun\u00ebs s\u00eb gazetar\u00ebve.<\/p>\n\n\n\n<p>P\u00ebr avokaten Dule krijimi i k\u00ebsaj agjencie nuk do t\u00eb ndihmoj\u00eb informimin m\u00eb t\u00eb mir\u00eb e m\u00eb t\u00eb shpejt\u00eb t\u00eb publikut por do t\u00eb siguroj\u00eb kontroll m\u00eb t\u00eb strukturuar mbi informacionin q\u00eb hyn dhe del n\u00eb zyrat e ekzekutivit, nga zyra pran\u00eb Kryeministrit.<\/p>\n\n\n\n<p>\u201cSi njoh\u00ebse e mir\u00eb e sjelljes s\u00eb administrat\u00ebs ndaj gazetar\u00ebve dhe publikut, n\u00eb \u00e7\u00ebshtje t\u00eb aksesit n\u00eb informacion, (p\u00ebr shkak t\u00eb p\u00ebrfaq\u00ebsimit gjyq\u00ebsor t\u00eb k\u00ebtyre t\u00eb fundit, n\u00eb cil\u00ebsin\u00eb e avokates n\u00eb shum\u00eb \u00e7\u00ebshtje), e shoh problematik krijimin e k\u00ebsaj agjencie n\u00eb raport me lirin\u00eb e shprehjes, pasi lajmet e parafabrikuara nga kjo agjenci do t\u00eb jen\u00eb edhe ushqimi kryesor i mediave. N\u00ebse deri tani ky fenomen ishte i theksuar p\u00ebr disa zyra qendrore (Kryeministri\/Bashki), me krijimin e k\u00ebsaj agjencie, ky fenomen stabilizohet n\u00eb \u00e7do institucion.\u201d, thekson Dule.<\/p>\n\n\n\n<p>\u201c\u00cbsht\u00eb nj\u00eb asgjenci sa e panevojshme, aq komplekse n\u00eb q\u00ebllimin dhe pun\u00ebn e saj. Rama ka provuar \u00e7do mjet p\u00ebr kapjen e medias, nga presionet, censura, deri tek anatemimi e ligje, nd\u00ebrsa tani e ka prefeksionuar me nj\u00eb vendim t\u00eb K\u00ebshillit t\u00eb Ministrave si p\u00ebr t\u00eb treguar se asgj\u00eb nuk mund t\u00eb flitet pa lejen e tij nga Partia Socialiste dhe i gjith\u00eb kabineti. Mendoj se pasojat do t\u00eb jen\u00eb katastrofike, si p\u00ebr lirin\u00eb e medias, si p\u00ebr komunikimin publik e llogaridh\u00ebnien e qeveris\u00eb.\u201d, p\u00ebrfundon gazetari Myzyraj.<\/p>\n\n\n\n<p><strong>PSE S\u2019KA ASGJ\u00cb T\u00cb RE NGA \u201cFRONTI\u201d<\/strong><\/p>\n\n\n\n<figure class=\"wp-block-image size-large\"><a href=\"http:\/\/www.respublica.org.al\/wp-content\/uploads\/2021\/09\/endrifuga-1024x517-1.jpg\"><img decoding=\"async\" width=\"1024\" height=\"517\" src=\"http:\/\/www.respublica.org.al\/wp-content\/uploads\/2021\/09\/endrifuga-1024x517-1.jpg\" alt=\"\" class=\"wp-image-1927\" srcset=\"https:\/\/www.respublica.org.al\/web\/wp-content\/uploads\/2021\/09\/endrifuga-1024x517-1.jpg 1024w, https:\/\/www.respublica.org.al\/web\/wp-content\/uploads\/2021\/09\/endrifuga-1024x517-1-300x151.jpg 300w, https:\/\/www.respublica.org.al\/web\/wp-content\/uploads\/2021\/09\/endrifuga-1024x517-1-768x388.jpg 768w, https:\/\/www.respublica.org.al\/web\/wp-content\/uploads\/2021\/09\/endrifuga-1024x517-1-800x404.jpg 800w\" sizes=\"(max-width: 1024px) 100vw, 1024px\" \/><\/a><figcaption><em>Endri Fuga, drejtori i Komunikimit n\u00eb Kryeministri<\/em><\/figcaption><\/figure>\n\n\n\n<p>A ka patur nevoj\u00eb Rama p\u00ebr nj\u00eb agjenci q\u00eb t\u00eb kontrolloj\u00eb mediet dhe informacionin? P\u00ebrgjigja \u00ebsht\u00eb JO. Rasti i pandemis\u00eb, kontrolli dhe centralizimi i informacionit ku gazetar\u00ebt u ndesh\u00ebn me bllokim total t\u00eb informacionit duke marr\u00eb vet\u00ebm komunikimet propagandistike n\u00ebp\u00ebrmjet rrjeteve sociale t\u00eb Ram\u00ebs, \u00ebsht\u00eb fakti kok\u00ebfort\u00eb se Rama e kontrollon informacionin dhe mediet, k\u00ebto t\u00eb fundit edhe me d\u00ebshir\u00eb t\u00eb tyre (lexo mbi censur\u00ebn e pretenduar nga analisti Ylli Rakipi p\u00ebr emisionin e tij n\u00eb \u201cNews24\u201d.)<\/p>\n\n\n\n<p>Agjencia u p\u00ebrmbahet shtyllave t\u00eb \u201cllogaridh\u00ebnies de facto alla Rama\u201d duke mos sjell\u00eb asgj\u00eb t\u00eb re:<\/p>\n\n\n\n<p>1. Propaganda<\/p>\n\n\n\n<p>2. Centralizimi i informacionit<\/p>\n\n\n\n<p>3. Pron\u00ebsia direkte e medies (ERTV)<\/p>\n\n\n\n<p>4. Centralizimi i k\u00ebshilltar\u00ebve mediatik\u00eb<\/p>\n\n\n\n<p>5. Kontrolli i medieve n\u00eb konferenca shtypi e m\u00eb gjer\u00eb<\/p>\n\n\n\n<p>6. Marrja e hap\u00ebsir\u00ebs televizive n\u00eb negociata direkte me pronar\u00ebt e televizioneve t\u00eb m\u00ebdha<\/p>\n\n\n\n<p>7. Kategorizimi \u201cgazetar opozitar\u201d dhe zhvler\u00ebsimi \u201cmedia kazani\u201d<\/p>\n\n\n\n<p>Rama ka patur kontroll t\u00eb plot\u00eb mbi \u00e7do konferenc\u00eb shtypi dhe aq m\u00eb shum\u00eb ndaj qindra e mij\u00ebra k\u00ebrkesave t\u00eb gazetar\u00ebve n\u00eb institucionet q\u00eb varen prej Ram\u00ebs si kryeminist\u00ebr a institucione ku drejtojn\u00eb socialist\u00ebt, t\u00eb cilat kan\u00eb marr\u00eb p\u00ebrgjigje pa informacion.<\/p>\n\n\n\n<p>Por po, n\u00ebp\u00ebrmjet k\u00ebsaj agjencie ai mund t\u00eb neutralizoj\u00eb z\u00ebra t\u00eb vegj\u00ebl t\u00eb brendsh\u00ebm, t\u00eb tanish\u00ebm apo n\u00eb t\u00eb ardhmen kund\u00ebr qeveris\u00eb duke i mbajtur n\u00ebn kontroll, mjafton t\u00eb kujtojm\u00eb \u201ckujet\u201d publike t\u00eb ish-z\u00ebvend\u00ebskryeministrit Erion Bra\u00e7e muajt e fundit.<\/p>\n\n\n\n<p><strong>Marr\u00eb nga: gogo.al<\/strong><\/p>\n","protected":false},"excerpt":{"rendered":"<p>P\u00ebr avokaten Dule krijimi i k\u00ebsaj agjencie nuk do t\u00eb ndihmoj\u00eb informimin m\u00eb t\u00eb mir\u00eb e m\u00eb t\u00eb shpejt\u00eb t\u00eb [&hellip;]<\/p>\n","protected":false},"author":2,"featured_media":1926,"comment_status":"open","ping_status":"open","sticky":true,"template":"","format":"standard","meta":{"site-sidebar-layout":"default","site-content-layout":"","ast-site-content-layout":"","site-content-style":"default","site-sidebar-style":"default","ast-global-header-display":"","ast-banner-title-visibility":"","ast-main-header-display":"","ast-hfb-above-header-display":"","ast-hfb-below-header-display":"","ast-hfb-mobile-header-display":"","site-post-title":"","ast-breadcrumbs-content":"","ast-featured-img":"","footer-sml-layout":"","theme-transparent-header-meta":"","adv-header-id-meta":"","stick-header-meta":"","header-above-stick-meta":"","header-main-stick-meta":"","header-below-stick-meta":"","astra-migrate-meta-layouts":"default","ast-page-background-enabled":"default","ast-page-background-meta":{"desktop":{"background-color":"var(--ast-global-color-4)","background-image":"","background-repeat":"repeat","background-position":"center center","background-size":"auto","background-attachment":"scroll","background-type":"","background-media":"","overlay-type":"","overlay-color":"","overlay-gradient":""},"tablet":{"background-color":"","background-image":"","background-repeat":"repeat","background-position":"center center","background-size":"auto","background-attachment":"scroll","background-type":"","background-media":"","overlay-type":"","overlay-color":"","overlay-gradient":""},"mobile":{"background-color":"","background-image":"","background-repeat":"repeat","background-position":"center center","background-size":"auto","background-attachment":"scroll","background-type":"","background-media":"","overlay-type":"","overlay-color":"","overlay-gradient":""}},"ast-content-background-meta":{"desktop":{"background-color":"var(--ast-global-color-5)","background-image":"","background-repeat":"repeat","background-position":"center center","background-size":"auto","background-attachment":"scroll","background-type":"","background-media":"","overlay-type":"","overlay-color":"","overlay-gradient":""},"tablet":{"background-color":"var(--ast-global-color-5)","background-image":"","background-repeat":"repeat","background-position":"center center","background-size":"auto","background-attachment":"scroll","background-type":"","background-media":"","overlay-type":"","overlay-color":"","overlay-gradient":""},"mobile":{"background-color":"var(--ast-global-color-5)","background-image":"","background-repeat":"repeat","background-position":"center center","background-size":"auto","background-attachment":"scroll","background-type":"","background-media":"","overlay-type":"","overlay-color":"","overlay-gradient":""}},"footnotes":""},"categories":[6],"tags":[],"_links":{"self":[{"href":"https:\/\/www.respublica.org.al\/web\/index.php?rest_route=\/wp\/v2\/posts\/1924"}],"collection":[{"href":"https:\/\/www.respublica.org.al\/web\/index.php?rest_route=\/wp\/v2\/posts"}],"about":[{"href":"https:\/\/www.respublica.org.al\/web\/index.php?rest_route=\/wp\/v2\/types\/post"}],"author":[{"embeddable":true,"href":"https:\/\/www.respublica.org.al\/web\/index.php?rest_route=\/wp\/v2\/users\/2"}],"replies":[{"embeddable":true,"href":"https:\/\/www.respublica.org.al\/web\/index.php?rest_route=%2Fwp%2Fv2%2Fcomments&post=1924"}],"version-history":[{"count":4,"href":"https:\/\/www.respublica.org.al\/web\/index.php?rest_route=\/wp\/v2\/posts\/1924\/revisions"}],"predecessor-version":[{"id":2018,"href":"https:\/\/www.respublica.org.al\/web\/index.php?rest_route=\/wp\/v2\/posts\/1924\/revisions\/2018"}],"wp:featuredmedia":[{"embeddable":true,"href":"https:\/\/www.respublica.org.al\/web\/index.php?rest_route=\/wp\/v2\/media\/1926"}],"wp:attachment":[{"href":"https:\/\/www.respublica.org.al\/web\/index.php?rest_route=%2Fwp%2Fv2%2Fmedia&parent=1924"}],"wp:term":[{"taxonomy":"category","embeddable":true,"href":"https:\/\/www.respublica.org.al\/web\/index.php?rest_route=%2Fwp%2Fv2%2Fcategories&post=1924"},{"taxonomy":"post_tag","embeddable":true,"href":"https:\/\/www.respublica.org.al\/web\/index.php?rest_route=%2Fwp%2Fv2%2Ftags&post=1924"}],"curies":[{"name":"wp","href":"https:\/\/api.w.org\/{rel}","templated":true}]}}