{"id":1929,"date":"2021-09-21T17:15:41","date_gmt":"2021-09-21T15:15:41","guid":{"rendered":"http:\/\/www.respublica.org.al\/?p=1929"},"modified":"2021-10-26T23:05:46","modified_gmt":"2021-10-26T21:05:46","slug":"shoqata-impetus-i-drejtohet-presidentit-te-republikes-dhe-klsh-se-me-leter-te-hapur","status":"publish","type":"post","link":"https:\/\/www.respublica.org.al\/web\/?p=1929","title":{"rendered":"Shoqata &#8220;Impetus&#8221; i drejtohet Presidentit t\u00eb Republik\u00ebs dhe KLSH-s\u00eb me  let\u00ebr t\u00eb hapur."},"content":{"rendered":"\n<div class=\"wp-block-cover aligncenter has-background-dim\"><img fetchpriority=\"high\" decoding=\"async\" width=\"810\" height=\"607\" class=\"wp-block-cover__image-background wp-image-1930\" alt=\"\" src=\"http:\/\/www.respublica.org.al\/wp-content\/uploads\/2021\/09\/teatri.png\" data-object-fit=\"cover\" srcset=\"https:\/\/www.respublica.org.al\/web\/wp-content\/uploads\/2021\/09\/teatri.png 810w, https:\/\/www.respublica.org.al\/web\/wp-content\/uploads\/2021\/09\/teatri-300x225.png 300w, https:\/\/www.respublica.org.al\/web\/wp-content\/uploads\/2021\/09\/teatri-768x576.png 768w, https:\/\/www.respublica.org.al\/web\/wp-content\/uploads\/2021\/09\/teatri-800x600.png 800w\" sizes=\"(max-width: 810px) 100vw, 810px\" \/><div class=\"wp-block-cover__inner-container is-layout-flow wp-block-cover-is-layout-flow\">\n<p class=\"has-large-font-size\"><\/p>\n<\/div><\/div>\n\n\n\n<blockquote class=\"wp-block-quote is-layout-flow wp-block-quote-is-layout-flow\"><p>&#8220;Kan\u00eb mbetur vet\u00ebm 2 dit\u00eb koh\u00eb reflektim p\u00ebr t\u00eb bashk\u00ebpunuar n\u00eb \u00e7\u00ebshtjen e Teatrit Komb\u00ebtar&#8221;<\/p><\/blockquote>\n\n\n\n<p>P\u00ebrve\u00e7 \u00e7\u00ebshtjes n\u00eb Gjykat\u00ebn Kushtetuese p\u00ebr godinat e Teatrit Komb\u00ebtar, paralelisht po zhvillohet edhe nj\u00eb \u00e7\u00ebshtje tjet\u00ebr p\u00ebr Teatrin Komb\u00ebtar n\u00eb Gjykat\u00ebn Administrative me padit\u00ebs shoqat\u00ebn \u201cImpetus\u201d. \u00c7\u00ebshtja \u00ebsht\u00eb hapur n\u00eb ver\u00ebn e vitit 2020 dhe ishte n\u00eb pritje t\u00eb vendimit q\u00eb do t\u00eb merrte Gjykata Kushtetuese. Shoqata \u201cImpetus\u201d thirri si pal\u00eb t\u00eb treta edhe Presidentin e Republik\u00ebs dhe Kontrollin e Lart\u00eb t\u00eb Shtetit p\u00ebr t\u00eb marr\u00eb mb\u00ebshtetje prej tyre. Menj\u00ebher\u00eb pas vendimit t\u00eb Gjyakt\u00ebs Kushtetuese, kjo shoqat\u00eb d\u00ebrgoi nj\u00eb let\u00ebr Presidentit t\u00eb Republik\u00ebs dhe KLSH-s\u00eb duke ngritur shqet\u00ebsimin se vendimi i Gjykat\u00ebs Kushtetuese nuk e zgjidhi \u00e7\u00ebshtjen dhe se ka nj\u00eb shans kund\u00ebr VKB-s\u00eb q\u00eb prishi Teatrin. Presidenti i Republik\u00ebs dhe KLSH nuk i jan\u00eb p\u00ebrgjigjur ende ftes\u00ebs p\u00ebr bashk\u00ebpunim, nd\u00ebrkoh\u00eb q\u00eb kan\u00eb mbetur vet\u00ebm 2 dit\u00eb koh\u00eb p\u00ebr reflektim.<\/p>\n\n\n\n<p><strong>Let\u00ebr e hapur p\u00ebr Presidentin e Republik\u00ebs dhe Kontrollin e Lart\u00eb t\u00eb Shtetit<\/strong><\/p>\n\n\n\n<p>I nderuar Z. President i Republik\u00ebs,<\/p>\n\n\n\n<p>I nderuar Z. Kryetar i Kontrollit t\u00eb Lart\u00eb t\u00eb Shtetit,<\/p>\n\n\n\n<p>Shoqata \u201cImpetus\u201d shpreh publikisht shqet\u00ebsimin e saj p\u00ebr zgjidhjen e plot\u00eb juridike t\u00eb \u00e7\u00ebshtjes s\u00eb Teatrit Komb\u00ebtar. Si\u00e7 jemi n\u00eb dijeni, Gjykata Kushtetuese, m\u00eb 2 Korrik 2021, vendosi t\u00eb shfuqizoj\u00eb ligjin special, p\u00ebr dh\u00ebnien e Teatrit Komb\u00ebtar me koncension, por dihet publikisht q\u00eb Teatri Komb\u00ebtar nuk u shemb n\u00eb zbatim t\u00eb k\u00ebtij ligji, sepse ky ligj u la pa zbatuar nga qeveria, nd\u00ebrkoh\u00eb q\u00eb kjo e fundit ia transferoi pron\u00ebn Bashkis\u00eb Tiran\u00eb, e cila me vendim t\u00eb K\u00ebshillit Bashkiak prishi godinat e Teatrit Komb\u00ebtar. Gjykata Kushtetuese gjithashtu shfuqizoi edhe VKM-n\u00eb e transferimit t\u00eb pron\u00ebs s\u00eb em\u00ebrtuar \u201cTeatri Komb\u00ebtar\u201d te Bashkia Tiran\u00eb, por nuk mori n\u00eb shqyrtim Vendimin e K\u00ebshillit Bashkiak nr. 50, dat\u00eb 14.05.2020, i cili vendosi prishjen e godinave t\u00eb Teatrit Komb\u00ebtar nga IKMT. Duke ndjekur arsyetimin e Gjykat\u00ebs Kushtetuese, VKB-ja mund t\u00eb goditet p\u00ebr pavlefshm\u00ebri ose paligjshm\u00ebri vet\u00ebm n\u00eb Gjykat\u00ebn Administrative. Afati i ngritjes s\u00eb padis\u00eb \u00ebsht\u00eb 1 vit (sipas nenit 18\/2 t\u00eb ligjit nr. 49\/2012) dhe duke nisur q\u00eb nga data 14 Maj 2021, askush nuk mund t\u00eb ngrej\u00eb padi kund\u00ebr VKB-s\u00eb n\u00eb fjal\u00eb, duke e l\u00ebn\u00eb automatikisht n\u00eb fuqi.<\/p>\n\n\n\n<p>Pik\u00ebrisht, p\u00ebr t\u2019i paraprir\u00eb k\u00ebsaj situate dhe p\u00ebr t\u00eb mos e l\u00ebn\u00eb k\u00ebt\u00eb \u00e7\u00ebshtje si nj\u00eb \u201cfitore n\u00eb tavolin\u00eb\u201d p\u00ebr Bashkin\u00eb Tiran\u00eb, nisur nga jurisprudenca e m\u00ebparshme e vet\u00eb Gjykat\u00ebs Kushtetuese, e cila nuk ka marr\u00eb n\u00eb shqyrtim asnj\u00ebher\u00eb akte administrative t\u00eb k\u00ebsaj natyre si\u00e7 \u00ebsht\u00eb VKB e prishjes s\u00eb Teatrit Komb\u00ebtar, Shoqata \u201cImpetus\u201d, e p\u00ebrfaq\u00ebsuar nga avokat\u00eb t\u00eb qendr\u00ebs Res Publica, ngriti nj\u00eb padi n\u00eb Gjykat\u00ebn Administrative brenda afatit ligjor. N\u00eb k\u00ebt\u00eb m\u00ebnyr\u00eb, e vetmja padi e ngritur n\u00eb momentin e duhur, para gjykat\u00ebs s\u00eb duhur, kundra VKB-s\u00eb, \u00ebsht\u00eb padia e Shoqat\u00ebs \u201cImpetus\u201d.<\/p>\n\n\n\n<p>N\u00eb media jemi njohur me nj\u00eb keqinterpretim t\u00eb d\u00ebmsh\u00ebm t\u00eb efekteve t\u00eb Vendimit t\u00eb Gjykat\u00ebs Kushtetuese, duke e paraqitur sikur VKM e transferimit t\u00eb pron\u00ebs \u00ebsht\u00eb b\u00ebr\u00eb \u201cnul\u201d dhe p\u00ebr pasoj\u00eb ka r\u00ebn\u00eb edhe VKB e prishjes s\u00eb Teatrit Komb\u00ebtar. Kjo nuk \u00ebsht\u00eb aspak e sakt\u00eb. VKM e transferimit t\u00eb pron\u00ebs \u00ebsht\u00eb \u201cshfuqizuar\u201d dhe jo b\u00ebr\u00eb \u201cnul\u201d, pra jo \u201canuluar\u201d. Efektet e shfuqizimit t\u00eb nj\u00eb akti vlejn\u00eb vet\u00ebm pas botimit t\u00eb vendimit n\u00eb Fletoren Zyrtare. (neni 76 i ligjit \u201cP\u00ebr funksionimin e Gjykat\u00ebs Kushtetuese\u201d nr. 8577\/2000) Botimi ka ndodhur m\u00eb 21 Korrik 2021 dhe \u00e7do gj\u00eb e kryer n\u00eb baz\u00ebn e VKM-s\u00eb s\u00eb transferimit t\u00eb pron\u00ebs para dat\u00ebs 21 Korrik 2021, konsiderohet e vlefshme, p\u00ebrve\u00e7 rastit kur ngrihet padi brenda afateve n\u00eb Gjykat\u00ebn Administrative, si\u00e7 ka vepruar Shoqata \u201cImpetus\u201d. Gjithashtu edhe Kodi i Procedurave Administrative e shpreh qart\u00eb q\u00eb n\u00eb rastin e \u201cshfuqizimit\u201d t\u00eb gjitha pasojat e ardhura deri n\u00eb at\u00eb moment jan\u00eb t\u00eb vlefshme, nd\u00ebrsa n\u00eb rastin e \u201canulimit\u201d, pasojat jan\u00eb t\u00eb paligjshme q\u00eb nga fillimi. Pik\u00ebrisht, me k\u00ebt\u00eb dijeni juridike, K\u00ebshilli i Ministrave dhe Bashkia Tiran\u00eb, duke pritur q\u00eb Gjykata Kushtetuese thjesht do \u201cshfuqizonte\u201d VKM-n\u00eb, nxituan shum\u00eb shpejt p\u00ebr t\u00eb alokuar nj\u00eb fond n\u00eb ligjin e buxhetit t\u00eb shtetit dhe t\u00eb nxirrnin me urgjenc\u00eb lejen e nd\u00ebrtimit p\u00ebr godin\u00ebn e re t\u00eb Teatrit Komb\u00ebtar, para se Gjykata Kushtetuese t\u00eb shprehej p\u00ebr shfuqizimin e VKM-s\u00eb s\u00eb transferimit t\u00eb pron\u00ebs. Q\u00ebllimi i tyre ishte t\u00eb p\u00ebrfitonin, si\u00e7 e shpjeguam m\u00eb lart, nga fakti q\u00eb \u00e7do gj\u00eb q\u00eb ndodh para shfuqizimit konsiderohet ligj\u00ebrisht e vlefshme.<\/p>\n\n\n\n<figure class=\"wp-block-gallery columns-1 is-cropped wp-block-gallery-1 is-layout-flex wp-block-gallery-is-layout-flex\"><ul class=\"blocks-gallery-grid\"><li class=\"blocks-gallery-item\"><figure><a href=\"http:\/\/www.respublica.org.al\/wp-content\/uploads\/2021\/09\/rrenoja-teatri-shembja-780x405-1.jpg\"><img decoding=\"async\" width=\"780\" height=\"405\" src=\"http:\/\/www.respublica.org.al\/wp-content\/uploads\/2021\/09\/rrenoja-teatri-shembja-780x405-1.jpg\" alt=\"\" data-id=\"1931\" data-full-url=\"http:\/\/www.respublica.org.al\/wp-content\/uploads\/2021\/09\/rrenoja-teatri-shembja-780x405-1.jpg\" data-link=\"http:\/\/www.respublica.org.al\/?attachment_id=1931\" class=\"wp-image-1931\" srcset=\"https:\/\/www.respublica.org.al\/web\/wp-content\/uploads\/2021\/09\/rrenoja-teatri-shembja-780x405-1.jpg 780w, https:\/\/www.respublica.org.al\/web\/wp-content\/uploads\/2021\/09\/rrenoja-teatri-shembja-780x405-1-300x156.jpg 300w, https:\/\/www.respublica.org.al\/web\/wp-content\/uploads\/2021\/09\/rrenoja-teatri-shembja-780x405-1-768x399.jpg 768w\" sizes=\"(max-width: 780px) 100vw, 780px\" \/><\/a><\/figure><\/li><\/ul><\/figure>\n\n\n\n<p>K\u00ebto shqet\u00ebsime, shoqata \u201cImpetus\u201d i ka ngritur edhe m\u00eb her\u00ebt, q\u00eb n\u00eb fillim t\u00eb procesit kur ne ftuam si pal\u00eb t\u00eb treta Presidentin e Republik\u00ebs dhe Kontrollin e Lart\u00eb t\u00eb Shtetit. Shqet\u00ebsimet tona jan\u00eb p\u00ebrmbledhur n\u00eb m\u00ebnyr\u00eb koncize gjithashtu n\u00eb <a href=\"http:\/\/www.respublica.org.al\/wp-content\/uploads\/2021\/09\/Kerkese-26-Korrik-2021-Presidentit-dhe-KLSH.docx\">k\u00ebrkes\u00ebn zyrtare t\u00eb d\u00ebrguar Presidentit t\u00eb Republik\u00ebs dhe Kontrollit t\u00eb Lart\u00eb t\u00eb Shtetit m\u00eb 26 Korrik 2021<\/a>. N\u00eb k\u00ebt\u00eb k\u00ebrkes\u00eb zyrtare, iu k\u00ebrkuam k\u00ebtyre dy institucioneve q\u00eb t\u00eb mb\u00ebshtesnin padin\u00eb ton\u00eb t\u00eb ngritur n\u00eb Gjykat\u00ebn Administrative, kur tashm\u00eb vendimi i Gjykat\u00ebs Kushtetuese nuk e zgjidhi problemin dhe padia n\u00eb Gjykat\u00ebn Administrative mbetej i vetmi mjet gjyq\u00ebsor q\u00eb mund t\u00eb rr\u00ebzoj\u00eb VKB-n\u00eb e prishjes s\u00eb Teatrit Komb\u00ebtar dhe mund t\u00eb sjell\u00eb pasoja p\u00ebr rivendosjen e ligjshm\u00ebris\u00eb duke e rind\u00ebrtuar Teatrin Komb\u00ebtar aty ku ishte dhe ashtu si\u00e7 ishte. N\u00eb k\u00ebt\u00eb let\u00ebr kemi sqaruar edhe shqet\u00ebsimin ton\u00eb q\u00eb Qeveria i kishte t\u00eb gjitha mund\u00ebsit\u00eb ligjore q\u00eb t\u00eb nxirrte nj\u00eb VKM t\u00eb re, si\u00e7 edhe ndodhi disa dit\u00eb m\u00eb pas, n\u00eb kushtet kur VKM-ja e re e transferimit t\u00eb pron\u00ebs nuk do ishte m\u00eb n\u00eb kushtet e papajtueshm\u00ebris\u00eb me Kushtetut\u00ebn, sipas vler\u00ebsimit t\u00eb b\u00ebr\u00eb nga Gjykata Kushtetuese. Kjo e fundit nuk e shfuqizoi VKM-n\u00eb e transferimit t\u00eb pron\u00ebs p\u00ebr arsyet e ngritura nga Presidenti i Republik\u00ebs (q\u00eb prona ishte pasuri publike dhe duhej transferuar vet\u00ebm me ligj dhe jo VKM), por, n\u00eb baz\u00eb t\u00eb parimit \u201ciura novit curiae\u201d (q\u00eb do t\u00eb thot\u00eb gjykata e di vet\u00eb ligjin dhe e gjen vet\u00eb zgjidhjen) Gjykata Kushtetuese u shpreh se Teatri Komb\u00ebtar nuk ishte m\u00eb pasuri publike dhe nuk mbrohej m\u00eb si monument kulture q\u00eb nga data 18 Maj 2004. I vetmi shkak papajtueshm\u00ebrie me Kushtetut\u00ebn mbeti fakti q\u00eb kjo VKM binte ndesh me ligjin special p\u00ebr nd\u00ebrtimin e Teatrit Komb\u00ebtar dhe t\u00eb dy k\u00ebto akte p\u00ebrfaq\u00ebsonin dy zgjidhje t\u00eb ndryshme p\u00ebr t\u00eb nj\u00ebjtin problem (ligji special e jepte me koncension t\u00eb nd\u00ebrtohej nga subjekt privat me fondet private, nd\u00ebrsa VKM-ja ia kalonte Bashkis\u00eb Tiran\u00eb ta nd\u00ebrtonte me tender, me fonde t\u00eb buxhetit t\u00eb shtetit). K\u00ebshtu Gjykata Kushtetuese u shpreh se kjo krijonte probleme t\u00eb koherenc\u00ebs juridike dhe ishte e vetmja arsye anti kushtetutshm\u00ebrie (shif paragrafet 136-139 t\u00eb vendimit t\u00eb Gjykat\u00ebs Kushtetuese). Q\u00eb nga momenti q\u00eb ligji special u shfuqizua (nga vet\u00eb Vendimi i Gjykat\u00ebs Kushtetuese), tashm\u00eb nuk shfaqej asnj\u00eb problem koherence juridike.<\/p>\n\n\n\n<p>Fakti q\u00eb Presidenti i Republik\u00ebs nuk ka paraqitur nj\u00eb k\u00ebrkes\u00eb t\u00eb re n\u00eb Gjykat\u00ebn Kushtetuese p\u00ebr t\u00eb shfuqizuar edhe k\u00ebt\u00eb VKM t\u00eb re t\u00eb transferimit t\u00eb pron\u00ebs, sugjeron q\u00eb ky institucion \u00ebsht\u00eb n\u00eb dijeni t\u00eb plot\u00eb q\u00eb kjo sip\u00ebrmarrje e re para Gjykat\u00ebs Kushtetuese nuk do t\u00eb kishte sukses, p\u00ebr arsyet e sip\u00ebrp\u00ebrmendura.<\/p>\n\n\n\n<p>N\u00eb k\u00ebto kushte, \u00e7\u00ebshtja e Teatrit Komb\u00ebtar nuk mori asnj\u00eb zgjidhje reale nga Gjykata Kushtetuese (duke mbetur nj\u00eb fitore fasad\u00eb) dhe mund\u00ebsia e vetme p\u00ebr zgjidhjen teknike t\u00eb \u00e7\u00ebshtjes mbetet procesi gjyq\u00ebsor n\u00eb Gjykat\u00ebn Administrative.<\/p>\n\n\n\n<p>Ne jemi n\u00eb pozicion t\u00eb v\u00ebshtir\u00eb juridik n\u00eb k\u00ebt\u00eb proces, p\u00ebr shkak se t\u00eb gjitha pal\u00ebt deri tani jan\u00eb kund\u00ebr, ku p\u00ebrve\u00e7 qeveris\u00eb qendrore dhe Bashkis\u00eb Tiran\u00eb, s\u00eb bashku me interesat e bizneseve q\u00eb lidhen me nd\u00ebrtimin e godin\u00ebs s\u00eb re, jan\u00eb rreshtuar kund\u00ebr k\u00ebsaj padie edhe ata q\u00eb mb\u00ebshtesin publikisht \u00e7\u00ebshtjen e Teatrit Komb\u00ebtar, si dhe Presidenti i Republik\u00ebs \u00ebsht\u00eb shprehur kund\u00ebrshtues dhe kritik ndaj nesh deri tani, nd\u00ebrsa Kontrolli i Lart\u00eb i Shtetit nuk ka qen\u00eb bashk\u00ebpunues, q\u00ebndrime t\u00eb konfirmuara n\u00eb proceset gjyq\u00ebsore ku k\u00ebto institucione jan\u00eb thirrur nga shoqata \u201cImpetus\u201d si pal\u00eb e tret\u00eb. Pik\u00ebrisht sepse t\u00eb gjith\u00eb pal\u00ebt jan\u00eb kund\u00ebr, ngrihen pik\u00ebpyetje t\u00eb legjitimimit ton\u00eb para gjykat\u00ebs.<\/p>\n\n\n\n<p>P\u00ebr arsyet e m\u00ebsip\u00ebrme, t\u00eb cilat Jua kemi b\u00ebr\u00eb me dije n\u00eb m\u00ebnyr\u00eb t\u00eb zgjeruar edhe n\u00eb shkres\u00ebn e dat\u00ebs 26 Korrik 2021, n\u00eb Ju k\u00ebrkojm\u00eb q\u00eb t\u00eb reflektoni edhe nj\u00eb her\u00eb t\u00eb fundit, kur tashm\u00eb na ndajn\u00eb vet\u00ebm 48 or\u00eb nga seanca gjyq\u00ebsore e planifikuar. Ishte pik\u00ebrisht besimi q\u00eb kishim te k\u00ebto Institucione si t\u00eb vetmet n\u00eb zinxhirin e organeve shtet\u00ebrore q\u00eb ishin shprehur kund\u00ebr prishjes s\u00eb teatrit, q\u00eb na b\u00ebri t\u2019Ju ftonim t\u00eb merrnit pjes\u00eb n\u00eb k\u00ebt\u00eb gjykim, si dhe mund\u00ebsia q\u00eb t\u2019Ju kalonim Juve t\u00eb drejt\u00ebn e k\u00ebsaj padie, n\u00ebse Ju do t\u00eb d\u00ebshtonit eventualisht n\u00eb Gjykat\u00ebn Kushtetuese kund\u00ebr VKB-s\u00eb s\u00eb prishjes s\u00eb Teatrit Komb\u00ebtar, nd\u00ebrkoh\u00eb q\u00eb k\u00ebt\u00eb t\u00eb drejt\u00eb nuk e ushtroi brenda afateve ligjore asnj\u00eb institucion apo grupim.<\/p>\n\n\n\n<p>Sot, Ju ftojm\u00eb t\u00eb merrni n\u00eb dor\u00eb k\u00ebt\u00eb proces gjyq\u00ebsor, duke k\u00ebmbyer rolet e padit\u00ebsit me personin e tret\u00eb, sipas propozimit ton\u00eb zyrtar, n\u00ebse v\u00ebrtet keni vullnetin p\u00ebr ta zgjidhur \u00e7\u00ebshtjen.<\/p>\n\n\n\n<p>N\u00ebse nuk e keni vullnetin p\u00ebr ta ndjekur m\u00eb k\u00ebt\u00eb \u00e7\u00ebshtje, ose, n\u00ebse jeni t\u00eb bindur q\u00eb \u00e7\u00ebshtja \u00ebsht\u00eb zgjidhur plot\u00ebsisht nga Gjykata Kushtetuese, at\u00ebher\u00eb ne do t\u00eb t\u00ebrhiqemi nga kjo p\u00ebrpjekje. Nuk mund dhe nuk duhet t\u00eb jet\u00eb interesi i Teatrit Komb\u00ebtar i p\u00ebrfaq\u00ebsuar nga vet\u00ebm nj\u00eb shoqat\u00eb kund\u00ebr t\u00eb gjith\u00ebve, sidomos kur vendimi i Gjykat\u00ebs Kushtetuese ka v\u00ebshtir\u00ebsuar gjith\u00e7ka, si dhe kur jetojm\u00eb n\u00eb koh\u00ebra t\u00eb v\u00ebshtira p\u00ebr vet\u00eb gjyq\u00ebsorin. N\u00eb \u00e7do rast, se cila do ishte zgjidhja Juaj m\u00eb e mir\u00eb, do e tregoj\u00eb koha.<\/p>\n\n\n\n<p>Me respekt<\/p>\n\n\n\n<p>Shoqata \u201cImpetus\u201d<\/p>\n\n\n\n<p><\/p>\n","protected":false},"excerpt":{"rendered":"<p>&#8220;Kan\u00eb mbetur vet\u00ebm 2 dit\u00eb koh\u00eb reflektim p\u00ebr t\u00eb bashk\u00ebpunuar n\u00eb \u00e7\u00ebshtjen e Teatrit Komb\u00ebtar&#8221; P\u00ebrve\u00e7 \u00e7\u00ebshtjes n\u00eb Gjykat\u00ebn Kushtetuese [&hellip;]<\/p>\n","protected":false},"author":2,"featured_media":1931,"comment_status":"open","ping_status":"open","sticky":true,"template":"","format":"standard","meta":{"site-sidebar-layout":"default","site-content-layout":"","ast-site-content-layout":"","site-content-style":"default","site-sidebar-style":"default","ast-global-header-display":"","ast-banner-title-visibility":"","ast-main-header-display":"","ast-hfb-above-header-display":"","ast-hfb-below-header-display":"","ast-hfb-mobile-header-display":"","site-post-title":"","ast-breadcrumbs-content":"","ast-featured-img":"","footer-sml-layout":"","theme-transparent-header-meta":"","adv-header-id-meta":"","stick-header-meta":"","header-above-stick-meta":"","header-main-stick-meta":"","header-below-stick-meta":"","astra-migrate-meta-layouts":"default","ast-page-background-enabled":"default","ast-page-background-meta":{"desktop":{"background-color":"var(--ast-global-color-4)","background-image":"","background-repeat":"repeat","background-position":"center center","background-size":"auto","background-attachment":"scroll","background-type":"","background-media":"","overlay-type":"","overlay-color":"","overlay-gradient":""},"tablet":{"background-color":"","background-image":"","background-repeat":"repeat","background-position":"center center","background-size":"auto","background-attachment":"scroll","background-type":"","background-media":"","overlay-type":"","overlay-color":"","overlay-gradient":""},"mobile":{"background-color":"","background-image":"","background-repeat":"repeat","background-position":"center center","background-size":"auto","background-attachment":"scroll","background-type":"","background-media":"","overlay-type":"","overlay-color":"","overlay-gradient":""}},"ast-content-background-meta":{"desktop":{"background-color":"var(--ast-global-color-5)","background-image":"","background-repeat":"repeat","background-position":"center center","background-size":"auto","background-attachment":"scroll","background-type":"","background-media":"","overlay-type":"","overlay-color":"","overlay-gradient":""},"tablet":{"background-color":"var(--ast-global-color-5)","background-image":"","background-repeat":"repeat","background-position":"center center","background-size":"auto","background-attachment":"scroll","background-type":"","background-media":"","overlay-type":"","overlay-color":"","overlay-gradient":""},"mobile":{"background-color":"var(--ast-global-color-5)","background-image":"","background-repeat":"repeat","background-position":"center center","background-size":"auto","background-attachment":"scroll","background-type":"","background-media":"","overlay-type":"","overlay-color":"","overlay-gradient":""}},"footnotes":""},"categories":[6],"tags":[],"_links":{"self":[{"href":"https:\/\/www.respublica.org.al\/web\/index.php?rest_route=\/wp\/v2\/posts\/1929"}],"collection":[{"href":"https:\/\/www.respublica.org.al\/web\/index.php?rest_route=\/wp\/v2\/posts"}],"about":[{"href":"https:\/\/www.respublica.org.al\/web\/index.php?rest_route=\/wp\/v2\/types\/post"}],"author":[{"embeddable":true,"href":"https:\/\/www.respublica.org.al\/web\/index.php?rest_route=\/wp\/v2\/users\/2"}],"replies":[{"embeddable":true,"href":"https:\/\/www.respublica.org.al\/web\/index.php?rest_route=%2Fwp%2Fv2%2Fcomments&post=1929"}],"version-history":[{"count":4,"href":"https:\/\/www.respublica.org.al\/web\/index.php?rest_route=\/wp\/v2\/posts\/1929\/revisions"}],"predecessor-version":[{"id":2015,"href":"https:\/\/www.respublica.org.al\/web\/index.php?rest_route=\/wp\/v2\/posts\/1929\/revisions\/2015"}],"wp:featuredmedia":[{"embeddable":true,"href":"https:\/\/www.respublica.org.al\/web\/index.php?rest_route=\/wp\/v2\/media\/1931"}],"wp:attachment":[{"href":"https:\/\/www.respublica.org.al\/web\/index.php?rest_route=%2Fwp%2Fv2%2Fmedia&parent=1929"}],"wp:term":[{"taxonomy":"category","embeddable":true,"href":"https:\/\/www.respublica.org.al\/web\/index.php?rest_route=%2Fwp%2Fv2%2Fcategories&post=1929"},{"taxonomy":"post_tag","embeddable":true,"href":"https:\/\/www.respublica.org.al\/web\/index.php?rest_route=%2Fwp%2Fv2%2Ftags&post=1929"}],"curies":[{"name":"wp","href":"https:\/\/api.w.org\/{rel}","templated":true}]}}