{"id":1937,"date":"2021-09-24T16:31:01","date_gmt":"2021-09-24T14:31:01","guid":{"rendered":"http:\/\/www.respublica.org.al\/?p=1937"},"modified":"2021-10-26T23:04:42","modified_gmt":"2021-10-26T21:04:42","slug":"dosja-gerdeci-gjykata-vendos-te-hiqet-pengesa-per-gjykimin-e-ish-ministrit-te-mbrojtjes-fatmir-mediu","status":"publish","type":"post","link":"https:\/\/www.respublica.org.al\/web\/?p=1937","title":{"rendered":"Dosja G\u00ebrdeci \/ Gjykata vendos t\u00eb hiqet pengesa p\u00ebr gjykimin e ish-ministrit t\u00eb Mbrojtjes Fatmir Mediu."},"content":{"rendered":"\n<div class=\"wp-block-cover aligncenter has-background-dim\"><img fetchpriority=\"high\" decoding=\"async\" width=\"308\" height=\"270\" class=\"wp-block-cover__image-background wp-image-1850\" alt=\"\" src=\"http:\/\/www.respublica.org.al\/wp-content\/uploads\/2021\/05\/Fatmir-Mediu.png\" data-object-fit=\"cover\" srcset=\"https:\/\/www.respublica.org.al\/web\/wp-content\/uploads\/2021\/05\/Fatmir-Mediu.png 308w, https:\/\/www.respublica.org.al\/web\/wp-content\/uploads\/2021\/05\/Fatmir-Mediu-300x263.png 300w\" sizes=\"(max-width: 308px) 100vw, 308px\" \/><div class=\"wp-block-cover__inner-container is-layout-flow wp-block-cover-is-layout-flow\">\n<p class=\"has-large-font-size\"><\/p>\n<\/div><\/div>\n\n\n\n<blockquote class=\"wp-block-quote is-layout-flow wp-block-quote-is-layout-flow\"><p>&#8220;K\u00ebt\u00eb kam pritur p\u00ebr gjith\u00eb k\u00ebt\u00eb koh\u00eb, 14 vjet. Kam qen\u00eb n\u00eb t\u00eb gjitha institucionet dhe shpresa e fundit ishte tek SPAK. Kjo \u00ebsht\u00eb ajo q\u00eb prisja, rihapje dhe t\u00eb ket\u00eb nj\u00eb vendim gjykate, a i fajsh\u00ebm, a i pafajsh\u00ebm se na b\u00ebnin karshill\u00ebk gjat\u00eb gjith\u00eb koh\u00ebs\u201d- Zamira Durdaj.<\/p><p><\/p><\/blockquote>\n\n\n\n<p>Gjykata e Posa\u00e7me e Apelit p\u00ebr Korrupsionin dhe Krimin e Organizuar vendosi t\u00eb premten revokimin e pushimit t\u00eb gjykimit ndaj ish Ministrit t\u00eb Mbrojtjes Fatmir Mediu, p\u00ebr t\u2019i hapur rrug\u00eb gjykimit mbi rolin e tij n\u00eb nd\u00ebrtimin dhe funksionimin e fabrik\u00ebs s\u00eb demontimit t\u00eb arm\u00ebve ku humben jet\u00ebn 26 shtetas dhe u plagos\u00ebn qindra t\u00eb tjer\u00eb.<\/p>\n\n\n\n<p>Prokuroria e Posa\u00e7me kund\u00ebr Korrupsionit dhe Krimit t\u00eb Organizuar u vu n\u00eb l\u00ebvizje pas k\u00ebrkes\u00ebs s\u00eb b\u00ebr\u00eb nga Feruzan Durdaj dhe Zamira Durdaj, prind\u00ebrit e 7 vjecarit Erison Durdaj q\u00eb humbi jet\u00ebn tragjikisht nga shp\u00ebrthimi i fabrik\u00ebs s\u00eb demontimit t\u00eb arm\u00ebve n\u00eb G\u00ebrdec, n\u00eb pranver\u00ebn e 2008.<\/p>\n\n\n\n<p>\u201c\u00cbsht\u00eb nj\u00eb vendim i pritsh\u00ebm dhe i k\u00ebnaqsh\u00ebm, kisha kaq vite q\u00eb prisja&#8221;- deklaroi Zamira Durdaj fill pas vendimit t\u00eb Gjykat\u00ebs.<\/p>\n\n\n\n<p>\u201c\u00cbsht\u00eb nj\u00eb hap i mir\u00eb, p\u00ebr t\u00eb gjith\u00eb. Nj\u00eb lajm i mir\u00eb p\u00ebr t\u00eb gjith\u00eb q\u00eb t\u00eb pakt\u00ebn t\u00eb ket\u00eb nj\u00eb nd\u00ebshkueshm\u00ebri. I kam parashtruar t\u00eb gjitha k\u00ebrkesat e mia n\u00ebp\u00ebrmjet avokatit edhe pse nuk isha e pranishme. K\u00ebt\u00eb kam pritur p\u00ebr gjith\u00eb k\u00ebt\u00eb koh\u00eb 14 vjet, kam qen\u00eb n\u00eb t\u00eb gjitha institucionet dhe shpresa e fundit ishte tek SPAK q\u00eb un\u00eb vura n\u00eb l\u00ebvizje SPAK. Kjo \u00ebsht\u00eb ajo q\u00eb prisja, rihapje dhe t\u00eb ket\u00eb nj\u00eb vendim gjykate, a i fajsh\u00ebm, a i pafajsh\u00ebm se na b\u00ebnin karshill\u00ebk gjat\u00eb gjith\u00eb koh\u00ebs\u201d, tha Durdaj.<\/p>\n\n\n\n<p>Familja Durdaj k\u00ebrkoi n\u00eb shkurt t\u00eb vitit 2021 heqjen e penges\u00ebs p\u00ebr gjykimin ish ministrit, i cili \u00ebsht\u00eb personi i vet\u00ebm q\u00eb u akuzua dhe nuk \u00ebsht\u00eb gjykuar p\u00ebr rolin e tij n\u00eb demontimin e arm\u00ebve n\u00eb G\u00ebrdec.<\/p>\n\n\n\n<p>Pas afro 2 muajsh nga k\u00ebrkesa e familjar\u00ebve, SPAK i k\u00ebrkoi Gjykat\u00ebs s\u00eb Posa\u00e7me p\u00ebr Korrupsionin dhe Krimin e Organizuar revokimin e pushimit t\u00eb gjykimit t\u00eb vendosur n\u00eb vitin 2009 nga Gjykata e Lart\u00eb (n\u00eb at\u00eb koh\u00eb p\u00ebr k\u00ebt\u00eb \u00e7\u00ebshtje vepronte si gjykat\u00eb e shkall\u00ebs s\u00eb par\u00eb) me argumentin se nuk ekzistojn\u00eb m\u00eb shkaqe ligjore p\u00ebr t\u00eb penguar gjykimin.<\/p>\n\n\n\n<p>N\u00eb korrik t\u00eb vitit 2021 Gjykata e Posa\u00e7me e Shkall\u00ebs s\u00eb Par\u00eb vendosi rr\u00ebzimin e k\u00ebrkes\u00ebs s\u00eb SPAK dhe ngarkoi me p\u00ebrgjegj\u00ebsi Prokurorin\u00eb p\u00ebr mosushtrim t\u00eb ndjekjes penale p\u00ebr 8 vite ndaj ish-ministrit t\u00eb Mbrojtjes, nd\u00ebrsa argumentoi se vepra penale p\u00ebr t\u00eb cil\u00ebn ai akuzohet \u00ebsht\u00eb parashkruar.<\/p>\n\n\n\n<p>Por gjyqtarja Saida Dollani, n\u00eb nj\u00eb gjykim q\u00eb sipas ligjit zhvillohet pa pranin\u00eb e pal\u00ebve t\u00eb interesuara, vendosi sot t\u00eb revokoj\u00eb vendimin e vitit 2009 t\u00eb Gjykat\u00ebs s\u00eb Lart\u00eb p\u00ebr pushimin e \u00e7\u00ebshtjes n\u00eb ngarkim t\u00eb ish-ministrit, duke i hapur rrug\u00ebn gjykimit t\u00eb \u00e7\u00ebshtjes n\u00eb themel.<\/p>\n\n\n\n<p>\u201cGjykata vendosi, t\u00eb ndryshoj\u00eb vendimin nr. 60, dat\u00eb 27.07.2021 t\u00eb Gjykat\u00ebs s\u00eb Posa\u00e7me t\u00eb Shkall\u00ebs s\u00eb Par\u00eb p\u00ebr Korrupsionin dhe Krimin e Organizuar, duke pranuar k\u00ebrkes\u00ebn e Prokurorit t\u00eb Posa\u00e7\u00ebm dhe revokoi vendimin e pushimit nr. 6, dat\u00eb 14.09.2009 t\u00eb Kolegjit Penal t\u00eb Gjykat\u00ebs s\u00eb Lart\u00eb, duke i kthyer aktet Prokurorit t\u00eb Posa\u00e7\u00ebm p\u00ebr t\u00eb proceduar\u201d, thuhet n\u00eb nj\u00ebftimin e Gjykata e Posa\u00e7me e Apelit\u201d<\/p>\n\n\n\n<p>Avokati i familjar\u00ebve, Dorian Matlija e konsideroi vendimin e gjykat\u00ebs s\u00eb Apelit si nj\u00eb hap n\u00eb gjykimin e dosjes G\u00ebrdeci. Lajmi i mir\u00eb sipas avokatit \u00ebsht\u00eb heqja e peng\u00ebs juridike p\u00ebr t\u00eb gjykuar ish -Ministrin Mbrojtjes mbi rolin e tij n\u00eb procesin e demontimit t\u00eb arm\u00ebve n\u00eb G\u00ebrdec.<\/p>\n\n\n\n<p>&#8220;Nuk \u00ebsht\u00eb hapur rigjykimi i \u00e7\u00ebshtjes s\u00eb Fatmir Mediut, \u00ebsht\u00eb hequr pengesa q\u00eb \u00e7\u00ebshtja Mediu t\u00eb merret n\u00eb gjykim. Fatmir Mediu nuk \u00ebsht\u00eb gjykuar asnj\u00ebher\u00eb sepse kishte nj\u00eb penges\u00eb q\u00eb nga viti 2009. Pas 12 vjet\u00ebsh m\u00eb n\u00eb fund kjo penges\u00eb hiqet dhe tashm\u00eb jemi n\u00eb kushtet kur \u00e7\u00ebshtja mund t\u00eb nis\u00eb. Dometh\u00ebn\u00eb \u00e7\u00ebshtja sigurisht \u00ebsht\u00eb shum\u00eb e gjat\u00eb, shum\u00eb e komplikuar, ma merr m\u00ebndja q\u00eb edhe vet\u00eb Fatmir Mediu do t\u00eb b\u00ebj\u00eb veprimet e veta juridike n\u00eb baz\u00eb t\u00eb legjislacionit. Jemi thjesht n\u00eb fillim. Ky \u00ebsht\u00eb lajm i mir\u00eb n\u00eb kuptimin q\u00eb \u00ebsht\u00eb hequr nj\u00eb penges\u00eb absurde juridike&#8221;- deklaroi Matlija<\/p>\n\n\n\n<p>Dhe pse sheh nj\u00eb proces t\u00eb gjat\u00eb deri n\u00eb dh\u00ebnien e drejt\u00ebsis\u00eb, avokati e konsideron vendimin e Gjykat\u00ebs s\u00eb Apelit si korrigjim t\u00eb vendimit t\u00eb shkall\u00ebs s\u00eb par\u00eb.<\/p>\n\n\n\n<p>&#8220;T\u00eb gjitha argumentet e dh\u00ebna nga shkalla e par\u00eb kan\u00eb qen\u00eb argumente t\u00eb gabuara, ne i kemi parashtruar edhe n\u00eb ankimin ton\u00eb q\u00eb kemi paraqitur Gjykat\u00ebs s\u00eb Apelit q\u00eb mesa duket i ka marr\u00eb parasysh ato. Gjykata e Shkall\u00ebs s\u00eb Par\u00eb psh kishte mendimin q\u00eb ajo \u00e7\u00ebshtja \u00ebsht\u00eb e gjykuar por sipas Konvent\u00ebs Evropiane t\u00eb t\u00eb Drejtave t\u00eb Njeriut, nj\u00eb njeri quhet i gjykuar vet\u00ebm kur ndaj tij \u00ebsht\u00eb dh\u00ebn\u00eb nj\u00eb vendim d\u00ebnimi ose nj\u00eb vendim pafaj\u00ebsie, q\u00eb n\u00eb k\u00ebt\u00eb rast nuk ishte asnj\u00eb nga k\u00ebto t\u00eb dyja. Gjithashtu ky ishte dhe nj\u00eb nga problemet kryesore, pastaj problemi i afatit, ai lidhet me vepra penale t\u00eb caktuara. Aty n\u00eb at\u00eb dosje jan\u00eb 26 000 faqe dokumentacion, nuk mund t\u00eb flitet q\u00eb ka vet\u00ebm nj\u00eb shp\u00ebrdorim detyre dhe kaq, \u00ebsht\u00eb \u00e7\u00ebshtje hetimi p\u00ebr t\u00eb par\u00eb n\u00ebse ka vepra t\u00eb tjera penale q\u00eb mund t\u00eb mos jen\u00eb parashkruar ende&#8221; deklaroi avokati, duke n\u00ebnkuptuar se ndaj ish ministrit Fatmir Mediu teorikisht mund t\u00eb ngrihen edhe akuza p\u00ebr vepra t\u00eb tjera penale n\u00eb lidhje me G\u00ebrdecin, p\u00ebrpos shp\u00ebrdorimit t\u00eb detyr\u00ebs.<\/p>\n\n\n\n<p>N\u00eb vitin 2009, n\u00eb cil\u00ebsin\u00eb e Ministrit t\u00eb Mbrojtjes, Fatmir Mediu u mor n\u00ebn hetim p\u00ebr vepr\u00ebn penale t\u00eb shp\u00ebrdorimit t\u00eb detyr\u00ebs, por m\u00eb 14 shtator 2009, Gjykata e Lart\u00eb vendosi pushimin e \u00e7\u00ebshtjes penale ndaj tij, me arsyetimin se ky i fundit ka ri fituar imunitet sepse u rizgjodh deputet n\u00eb Kuvendin e Shqip\u00ebris\u00eb.<\/p>\n\n\n\n<p>Me vendimin e sot\u00ebm i hapet rruga SPAK q\u00eb t\u00eb k\u00ebrkoj\u00eb gjykimin p\u00ebr p\u00ebrgjegj\u00ebsin\u00eb e ish-ministrit n\u00eb ngjarjen tragjike t\u00eb marsit 2008, ngjarje p\u00ebr t\u00eb cil\u00ebn Fatmir Mediu \u00ebsht\u00eb akuzuar p\u00ebr shp\u00ebrdorim detyre sipas Kodit Penal dhe Kodit Penal Ushtarak, por nuk u gjykua asnj\u00ebher\u00eb pasi u mbrojt fillimisht nga imuniteti parlamentar dhe m\u00eb tej nga mosveprimi i Prokuroris\u00eb p\u00ebr nj\u00eb koh\u00eb t\u00eb gjat\u00eb.<\/p>\n","protected":false},"excerpt":{"rendered":"<p>&#8220;K\u00ebt\u00eb kam pritur p\u00ebr gjith\u00eb k\u00ebt\u00eb koh\u00eb, 14 vjet. Kam qen\u00eb n\u00eb t\u00eb gjitha institucionet dhe shpresa e fundit ishte [&hellip;]<\/p>\n","protected":false},"author":2,"featured_media":1850,"comment_status":"open","ping_status":"open","sticky":true,"template":"","format":"standard","meta":{"site-sidebar-layout":"default","site-content-layout":"","ast-site-content-layout":"","site-content-style":"default","site-sidebar-style":"default","ast-global-header-display":"","ast-banner-title-visibility":"","ast-main-header-display":"","ast-hfb-above-header-display":"","ast-hfb-below-header-display":"","ast-hfb-mobile-header-display":"","site-post-title":"","ast-breadcrumbs-content":"","ast-featured-img":"","footer-sml-layout":"","theme-transparent-header-meta":"","adv-header-id-meta":"","stick-header-meta":"","header-above-stick-meta":"","header-main-stick-meta":"","header-below-stick-meta":"","astra-migrate-meta-layouts":"default","ast-page-background-enabled":"default","ast-page-background-meta":{"desktop":{"background-color":"var(--ast-global-color-4)","background-image":"","background-repeat":"repeat","background-position":"center center","background-size":"auto","background-attachment":"scroll","background-type":"","background-media":"","overlay-type":"","overlay-color":"","overlay-gradient":""},"tablet":{"background-color":"","background-image":"","background-repeat":"repeat","background-position":"center center","background-size":"auto","background-attachment":"scroll","background-type":"","background-media":"","overlay-type":"","overlay-color":"","overlay-gradient":""},"mobile":{"background-color":"","background-image":"","background-repeat":"repeat","background-position":"center center","background-size":"auto","background-attachment":"scroll","background-type":"","background-media":"","overlay-type":"","overlay-color":"","overlay-gradient":""}},"ast-content-background-meta":{"desktop":{"background-color":"var(--ast-global-color-5)","background-image":"","background-repeat":"repeat","background-position":"center center","background-size":"auto","background-attachment":"scroll","background-type":"","background-media":"","overlay-type":"","overlay-color":"","overlay-gradient":""},"tablet":{"background-color":"var(--ast-global-color-5)","background-image":"","background-repeat":"repeat","background-position":"center center","background-size":"auto","background-attachment":"scroll","background-type":"","background-media":"","overlay-type":"","overlay-color":"","overlay-gradient":""},"mobile":{"background-color":"var(--ast-global-color-5)","background-image":"","background-repeat":"repeat","background-position":"center center","background-size":"auto","background-attachment":"scroll","background-type":"","background-media":"","overlay-type":"","overlay-color":"","overlay-gradient":""}},"footnotes":""},"categories":[6],"tags":[],"_links":{"self":[{"href":"https:\/\/www.respublica.org.al\/web\/index.php?rest_route=\/wp\/v2\/posts\/1937"}],"collection":[{"href":"https:\/\/www.respublica.org.al\/web\/index.php?rest_route=\/wp\/v2\/posts"}],"about":[{"href":"https:\/\/www.respublica.org.al\/web\/index.php?rest_route=\/wp\/v2\/types\/post"}],"author":[{"embeddable":true,"href":"https:\/\/www.respublica.org.al\/web\/index.php?rest_route=\/wp\/v2\/users\/2"}],"replies":[{"embeddable":true,"href":"https:\/\/www.respublica.org.al\/web\/index.php?rest_route=%2Fwp%2Fv2%2Fcomments&post=1937"}],"version-history":[{"count":2,"href":"https:\/\/www.respublica.org.al\/web\/index.php?rest_route=\/wp\/v2\/posts\/1937\/revisions"}],"predecessor-version":[{"id":2014,"href":"https:\/\/www.respublica.org.al\/web\/index.php?rest_route=\/wp\/v2\/posts\/1937\/revisions\/2014"}],"wp:featuredmedia":[{"embeddable":true,"href":"https:\/\/www.respublica.org.al\/web\/index.php?rest_route=\/wp\/v2\/media\/1850"}],"wp:attachment":[{"href":"https:\/\/www.respublica.org.al\/web\/index.php?rest_route=%2Fwp%2Fv2%2Fmedia&parent=1937"}],"wp:term":[{"taxonomy":"category","embeddable":true,"href":"https:\/\/www.respublica.org.al\/web\/index.php?rest_route=%2Fwp%2Fv2%2Fcategories&post=1937"},{"taxonomy":"post_tag","embeddable":true,"href":"https:\/\/www.respublica.org.al\/web\/index.php?rest_route=%2Fwp%2Fv2%2Ftags&post=1937"}],"curies":[{"name":"wp","href":"https:\/\/api.w.org\/{rel}","templated":true}]}}