{"id":1939,"date":"2021-09-27T15:00:05","date_gmt":"2021-09-27T13:00:05","guid":{"rendered":"http:\/\/www.respublica.org.al\/?p=1939"},"modified":"2021-10-26T23:03:35","modified_gmt":"2021-10-26T21:03:35","slug":"qeveria-rregullon-informimin-publik-pa-perfillur-komisionerin-qe-ligji-i-ka-varur-ne-qafe-celesat-e-te-drejtes-se-informimit","status":"publish","type":"post","link":"https:\/\/www.respublica.org.al\/web\/?p=1939","title":{"rendered":"Qeveria \u201crregullon\u201d informimin publik, pa p\u00ebrfillur Komisionerin q\u00eb ligji i ka varur n\u00eb qaf\u00eb \u201ccel\u00ebsat\u201d e t\u00eb drejt\u00ebs s\u00eb informimit"},"content":{"rendered":"\n<div class=\"wp-block-cover aligncenter has-background-dim\"><img fetchpriority=\"high\" decoding=\"async\" width=\"800\" height=\"560\" class=\"wp-block-cover__image-background wp-image-1841\" alt=\"\" src=\"http:\/\/www.respublica.org.al\/wp-content\/uploads\/2021\/04\/Slovacchia-Lubomir-Kotrha-pencilfree03.5ee245dd77c824.72392144.jpg\" data-object-fit=\"cover\" srcset=\"https:\/\/www.respublica.org.al\/web\/wp-content\/uploads\/2021\/04\/Slovacchia-Lubomir-Kotrha-pencilfree03.5ee245dd77c824.72392144.jpg 800w, https:\/\/www.respublica.org.al\/web\/wp-content\/uploads\/2021\/04\/Slovacchia-Lubomir-Kotrha-pencilfree03.5ee245dd77c824.72392144-300x210.jpg 300w, https:\/\/www.respublica.org.al\/web\/wp-content\/uploads\/2021\/04\/Slovacchia-Lubomir-Kotrha-pencilfree03.5ee245dd77c824.72392144-768x538.jpg 768w\" sizes=\"(max-width: 800px) 100vw, 800px\" \/><div class=\"wp-block-cover__inner-container is-layout-flow wp-block-cover-is-layout-flow\">\n<p class=\"has-large-font-size\"><\/p>\n<\/div><\/div>\n\n\n\n<blockquote class=\"wp-block-quote is-layout-flow wp-block-quote-is-layout-flow\"><p>\u201cNuk kemi asnj\u00eb korespondenc\u00eb n\u00eb lidhje m\u00eb Vendimin e K\u00ebshillit t\u00eb Ministrave p\u00ebr krijimin, organizimin dhe funksionimin e Agjencis\u00eb p\u00ebr Mediat dhe Informimin\u201d<\/p><\/blockquote>\n\n\n\n<p>Komisioneri p\u00ebr t\u00eb Drejt\u00ebn e Informimit nuk \u00ebsht\u00eb p\u00ebrfillur nga zyra e Kryeministrit Rama p\u00ebr vendimmarrjen n\u00eb krijimin e Agjencis\u00eb p\u00ebr Mediat dhe Informacionin, e etiketuar n\u00eb media si \u201cMinistria e Propagand\u00ebs\u201d.<\/p>\n\n\n\n<p>M\u00eb 18 Shtator, n\u00eb mbledhjen par\u00eb t\u00eb Qeveris\u00eb Rama 3, zyra e Kryeministrit njoftoi se kishte vendosur krijimin e Agjencis\u00eb p\u00ebr Media dhe Informimin, nj\u00eb struktur\u00eb kjo q\u00eb synon centralizimin e zyrave t\u00eb shtypit dhe t\u00eb marr\u00ebdh\u00ebnieve me publikun t\u00eb t\u00eb gjitha institucioneve t\u00eb qeveris\u00eb qendrore, por duke p\u00ebrfshir\u00eb edhe informacionin q\u00eb k\u00ebto institucione prodhojn\u00eb.<\/p>\n\n\n\n<p>Vendimi i publikuar n\u00eb faqen e K\u00ebshillit t\u00eb Ministrave nuk shoq\u00ebrohet me nj\u00eb relacion shpjegues p\u00ebr t\u00eb kuptuar se cilat institucione kan\u00eb dh\u00ebn\u00eb mendim, por Komisioneri p\u00ebr t\u00eb Drejt\u00ebn e Informimit i tha qendr\u00ebs ResPublica se ka qen\u00eb jasht\u00eb vendimmarrjes s\u00eb qeveris\u00eb. <\/p>\n\n\n\n<p>\u201cNuk kemi asnj\u00eb korespondenc\u00eb n\u00eb lidhje m\u00eb Vendimin e K\u00ebshillit t\u00eb Ministrave p\u00ebr krijimin, organizimin dhe funksionimin e Agjencis\u00eb p\u00ebr Mediat dhe Informimin\u201d- thuhet<a href=\"http:\/\/www.respublica.org.al\/wp-content\/uploads\/2021\/09\/Faksimile-e-pergjigjes-se-Komisionerit-per-te-Drejten-e-Informimit-1.png\" data-type=\"URL\" data-id=\"http:\/\/www.respublica.org.al\/wp-content\/uploads\/2021\/09\/Faksimile-e-pergjigjes-se-Komisionerit-per-te-Drejten-e-Informimit-1.png\"> n\u00eb p\u00ebrgjigjen q\u00eb ResPublica<\/a> mori pasi iu drejtua m\u00eb par\u00eb me nj\u00eb k\u00ebrkes\u00eb p\u00ebr informacion Komisionerit, lidhur me k\u00ebt\u00eb fakt.<\/p>\n\n\n\n<p>Anashkalimi i opinionit t\u00eb Komisionerit lidhur me krijimin e Agjencis\u00eb nuk \u00ebsht\u00eb normale n\u00eb nj\u00eb vendimmarrje t\u00eb till\u00eb, pasi veprimtaria q\u00eb synohet t\u00eb rregullohet me VKM lidhur me \u00e7\u00ebshtje q\u00eb prekin t\u00eb drejt\u00ebn e informimit bie ndesh me rregullime ekzistuese, t\u00eb cilat jan\u00eb parashikuar n\u00eb ligjin p\u00ebr t\u00eb Drejt\u00ebn e Informimit. Komisioneri p\u00ebr t\u00eb Drejt\u00ebn e Informimit \u00ebsht\u00eb organi p\u00ebrgjegj\u00ebs p\u00ebr zbatimin e k\u00ebtij ligji. Me krijimin e nj\u00eb Agjencie p\u00ebr Informimin pritet t\u00eb krijohet konfuzion kompetencash mes dy organeve, q\u00eb do t\u00eb thot\u00eb se ose k\u00ebto do t\u2019ia l\u00ebn\u00eb p\u00ebrgjegj\u00ebsin\u00eb nj\u00ebra tjetr\u00ebs ose do t\u00eb duan ta marr\u00eb secila vet\u00eb, me p\u00ebrfundimin q\u00eb informacioni publik do t\u00eb mbahet peng nga ky \u201ckeqkuptim\u201d. Nga ana tjet\u00ebr gazetar\u00ebt apo qytetar\u00ebt, me gjasa nuk do din\u00eb se kujt organi t\u2019i drejtohen p\u00ebr t\u00eb marr\u00eb informacion dhe k\u00ebshtu do t\u00eb harxhojn\u00eb energji dhe koh\u00eb esktra.<\/p>\n\n\n\n<p>N\u00eb pik\u00ebn N t\u00eb VKM-s\u00eb thuhet se \u201cAgjencia siguron p\u00ebrgjigje p\u00ebr shkresat dhe k\u00ebrkesat p\u00ebr informacion, n\u00eb lidhje me \u00e7\u00ebshtjet e informimit dhe komunikimit mediatik apo \u00e7\u00ebshtje t\u00eb tjera n\u00eb fush\u00ebn e saj t\u00eb p\u00ebrgjegj\u00ebsis\u00eb&#8221;.<\/p>\n\n\n\n<p>Dh\u00ebnia e kompetencave Agjencis\u00eb p\u00ebr t\u00eb vendosur mbi c\u00ebshtje t\u00eb informimit \u00ebsht\u00eb nj\u00eb nga pikat q\u00eb shqet\u00ebson gazetaren investigative Lindita Cela. Sipas saj, ky vendim m\u00eb s\u00eb pari do t\u00eb cenoj\u00eb pun\u00ebn e gazetar\u00ebve t\u00eb pavarur dhe gazetaris\u00eb investigative.<\/p>\n\n\n\n<p>&#8220;Kompetencat q\u00eb me VKM, Qeveria i ka dh\u00ebn\u00eb agjencis\u00eb do t\u00eb c\u00ebnojn\u00eb direkt pun\u00ebn time. N\u00eb rastin m\u00eb t\u00eb mir\u00eb, mund t\u00eb them se jam e paqart\u00eb se kujt duhet t\u2019i drejtohem p\u00ebr dh\u00ebnien e dokumenteve publike dhe kush mban p\u00ebrgjegj\u00ebsi p\u00ebr refuzimin e tyre. M\u00eb pas, \u00ebsht\u00eb kjo Agjenci q\u00eb vendos, jo vet\u00ebm p\u00ebr lajmet, po edhe p\u00ebrgjigje p\u00ebr k\u00ebrkes\u00ebn e b\u00ebr\u00eb. M\u00eb shum\u00eb se sa nj\u00eb agjenci n\u00eb sh\u00ebrbim t\u00eb transparenc\u00ebs dhe respektimit t\u00eb ligjit p\u00ebr t\u00eb drejt\u00ebn e informimit m\u00eb duket nj\u00eb super struktur\u00eb e krijuar n\u00eb funksion t\u00eb propagand\u00ebs s\u00eb qeveris\u00eb&#8221; &#8211; thot\u00eb gazetarja e OCCRP-s\u00eb Lindita Cela.<\/p>\n\n\n\n<p>Nd\u00ebrsa p\u00ebr avokaten Irena Dule, p\u00ebrjashtimi i Komisionerit p\u00ebr t\u00eb Drejt\u00ebn e Informimit, n\u00eb procedur\u00ebn e hartimit t\u00eb VKM-s\u00eb q\u00eb krijoi Agjencin\u00eb \u00ebsht\u00eb n\u00eb cdo rast nj\u00eb praktik\u00eb e keqe e t\u00eb b\u00ebrit t\u00eb akteve, q\u00eb ka pasoja mbi ligj zbatuesit dhe qytetar\u00ebt.<\/p>\n\n\n\n<p>\u201cE shohim shpesh t\u00eb ndodh\u00eb se si akte t\u00eb nivelit t\u00eb lart\u00eb hartohen pa marr\u00eb parasysh parimet e teknik\u00ebs legjislative dhe kodifikimit dhe kjo ka pasoja. Nj\u00ebsoj edhe ky rast&#8221;- thot\u00eb  avokatja Irena Dule.<\/p>\n\n\n\n<p>Para miratimit t\u00eb nj\u00eb vendimi qeverie duhet t\u00eb merret opinion edhe nga struktura ekzistuese, kur k\u00ebto rregullojn\u00eb veprimtari q\u00eb synohet t\u00eb rregullohet nga akti. N\u00eb rastin konkret Komisioneri \u00ebsht\u00eb krijuar posa\u00e7\u00ebrisht p\u00ebr t\u00eb siguruar se e drejta e informimit do t\u00eb garantohet dhe ky p\u00ebrgjigjet p\u00ebr veprimtarin\u00eb e tij para Kuvendit. Agjencia e krijuar me VKM, sipas k\u00ebsaj t\u00eb fundit, gjithashtu ka kompetenca q\u00eb m\u00eb par\u00eb i jan\u00eb dh\u00ebn\u00eb koordinator\u00ebve p\u00ebr t\u00eb drejt\u00ebn e informimit dhe Komisionerit p\u00ebr t\u00eb Drejt\u00ebn e Informimit.<\/p>\n\n\n\n<p>Meq\u00eb sot kjo VKM \u00ebsht\u00eb miratuar dhe mendimi i Komisionerit nuk \u00ebsht\u00eb marr\u00eb, kjo do t\u00eb thot\u00eb se n\u00eb relacion nuk gjendet asnj\u00eb informacion se ku ndahet kompetenca e Agjencis\u00eb me at\u00eb t\u00eb Komisionerit.\u201d<\/p>\n\n\n\n<p>Bashkimi Evropian ka deklaruar se liria e medias q\u00ebndron n\u00eb zem\u00ebr t\u00eb t\u00eb sistemit t\u00eb mir\u00ebqeverisjes dhe se liria e medias \u00ebsht\u00eb nj\u00eb nga kriteret m\u00eb t\u00eb r\u00ebnd\u00ebsish\u00ebm p\u00ebr t\u00eb cilin Shqip\u00ebria do t\u00eb vler\u00ebsohet p\u00ebr t\u00eb hyr\u00eb n\u00eb BE.<\/p>\n","protected":false},"excerpt":{"rendered":"<p>\u201cNuk kemi asnj\u00eb korespondenc\u00eb n\u00eb lidhje m\u00eb Vendimin e K\u00ebshillit t\u00eb Ministrave p\u00ebr krijimin, organizimin dhe funksionimin e Agjencis\u00eb p\u00ebr [&hellip;]<\/p>\n","protected":false},"author":2,"featured_media":1841,"comment_status":"open","ping_status":"open","sticky":true,"template":"","format":"standard","meta":{"site-sidebar-layout":"default","site-content-layout":"","ast-site-content-layout":"","site-content-style":"default","site-sidebar-style":"default","ast-global-header-display":"","ast-banner-title-visibility":"","ast-main-header-display":"","ast-hfb-above-header-display":"","ast-hfb-below-header-display":"","ast-hfb-mobile-header-display":"","site-post-title":"","ast-breadcrumbs-content":"","ast-featured-img":"","footer-sml-layout":"","theme-transparent-header-meta":"","adv-header-id-meta":"","stick-header-meta":"","header-above-stick-meta":"","header-main-stick-meta":"","header-below-stick-meta":"","astra-migrate-meta-layouts":"default","ast-page-background-enabled":"default","ast-page-background-meta":{"desktop":{"background-color":"var(--ast-global-color-4)","background-image":"","background-repeat":"repeat","background-position":"center center","background-size":"auto","background-attachment":"scroll","background-type":"","background-media":"","overlay-type":"","overlay-color":"","overlay-gradient":""},"tablet":{"background-color":"","background-image":"","background-repeat":"repeat","background-position":"center center","background-size":"auto","background-attachment":"scroll","background-type":"","background-media":"","overlay-type":"","overlay-color":"","overlay-gradient":""},"mobile":{"background-color":"","background-image":"","background-repeat":"repeat","background-position":"center center","background-size":"auto","background-attachment":"scroll","background-type":"","background-media":"","overlay-type":"","overlay-color":"","overlay-gradient":""}},"ast-content-background-meta":{"desktop":{"background-color":"var(--ast-global-color-5)","background-image":"","background-repeat":"repeat","background-position":"center center","background-size":"auto","background-attachment":"scroll","background-type":"","background-media":"","overlay-type":"","overlay-color":"","overlay-gradient":""},"tablet":{"background-color":"var(--ast-global-color-5)","background-image":"","background-repeat":"repeat","background-position":"center center","background-size":"auto","background-attachment":"scroll","background-type":"","background-media":"","overlay-type":"","overlay-color":"","overlay-gradient":""},"mobile":{"background-color":"var(--ast-global-color-5)","background-image":"","background-repeat":"repeat","background-position":"center center","background-size":"auto","background-attachment":"scroll","background-type":"","background-media":"","overlay-type":"","overlay-color":"","overlay-gradient":""}},"footnotes":""},"categories":[6],"tags":[],"_links":{"self":[{"href":"https:\/\/www.respublica.org.al\/web\/index.php?rest_route=\/wp\/v2\/posts\/1939"}],"collection":[{"href":"https:\/\/www.respublica.org.al\/web\/index.php?rest_route=\/wp\/v2\/posts"}],"about":[{"href":"https:\/\/www.respublica.org.al\/web\/index.php?rest_route=\/wp\/v2\/types\/post"}],"author":[{"embeddable":true,"href":"https:\/\/www.respublica.org.al\/web\/index.php?rest_route=\/wp\/v2\/users\/2"}],"replies":[{"embeddable":true,"href":"https:\/\/www.respublica.org.al\/web\/index.php?rest_route=%2Fwp%2Fv2%2Fcomments&post=1939"}],"version-history":[{"count":3,"href":"https:\/\/www.respublica.org.al\/web\/index.php?rest_route=\/wp\/v2\/posts\/1939\/revisions"}],"predecessor-version":[{"id":2013,"href":"https:\/\/www.respublica.org.al\/web\/index.php?rest_route=\/wp\/v2\/posts\/1939\/revisions\/2013"}],"wp:featuredmedia":[{"embeddable":true,"href":"https:\/\/www.respublica.org.al\/web\/index.php?rest_route=\/wp\/v2\/media\/1841"}],"wp:attachment":[{"href":"https:\/\/www.respublica.org.al\/web\/index.php?rest_route=%2Fwp%2Fv2%2Fmedia&parent=1939"}],"wp:term":[{"taxonomy":"category","embeddable":true,"href":"https:\/\/www.respublica.org.al\/web\/index.php?rest_route=%2Fwp%2Fv2%2Fcategories&post=1939"},{"taxonomy":"post_tag","embeddable":true,"href":"https:\/\/www.respublica.org.al\/web\/index.php?rest_route=%2Fwp%2Fv2%2Ftags&post=1939"}],"curies":[{"name":"wp","href":"https:\/\/api.w.org\/{rel}","templated":true}]}}