{"id":1947,"date":"2021-10-08T16:05:35","date_gmt":"2021-10-08T14:05:35","guid":{"rendered":"http:\/\/www.respublica.org.al\/?p=1947"},"modified":"2021-10-26T23:01:55","modified_gmt":"2021-10-26T21:01:55","slug":"absurdi-me-diskutimet-ne-qeveri-per-agjencine-e-medias","status":"publish","type":"post","link":"https:\/\/www.respublica.org.al\/web\/?p=1947","title":{"rendered":"Absurdi me diskutimet n\u00eb qeveri p\u00ebr Agjencin\u00eb e Medias"},"content":{"rendered":"\n<p><strong>Qeveria nuk b\u00ebn transparenc\u00eb as p\u00ebr diskutimet p\u00ebr transparenc\u00ebn<\/strong><\/p>\n\n\n\n<div class=\"wp-block-cover aligncenter has-background-dim\"><img fetchpriority=\"high\" decoding=\"async\" width=\"960\" height=\"654\" class=\"wp-block-cover__image-background wp-image-1948\" alt=\"\" src=\"http:\/\/www.respublica.org.al\/wp-content\/uploads\/2021\/10\/know-1082654_960_720.jpg\" data-object-fit=\"cover\" srcset=\"https:\/\/www.respublica.org.al\/web\/wp-content\/uploads\/2021\/10\/know-1082654_960_720.jpg 960w, https:\/\/www.respublica.org.al\/web\/wp-content\/uploads\/2021\/10\/know-1082654_960_720-300x204.jpg 300w, https:\/\/www.respublica.org.al\/web\/wp-content\/uploads\/2021\/10\/know-1082654_960_720-768x523.jpg 768w, https:\/\/www.respublica.org.al\/web\/wp-content\/uploads\/2021\/10\/know-1082654_960_720-800x545.jpg 800w\" sizes=\"(max-width: 960px) 100vw, 960px\" \/><div class=\"wp-block-cover__inner-container is-layout-flow wp-block-cover-is-layout-flow\">\n<p class=\"has-text-align-center has-large-font-size\"><\/p>\n<\/div><\/div>\n\n\n\n<blockquote class=\"wp-block-quote is-layout-flow wp-block-quote-is-layout-flow\"><p>&#8220;Ministri i Drejt\u00ebsis\u00eb, si dhe \u00e7do an\u00ebtar tjet\u00ebr i K\u00ebshillit t\u00eb Ministrave, \u00ebsht\u00eb i detyruar t\u00eb respektoj\u00eb vendimet e marra n\u00eb mbledhjen e K\u00ebshillit t\u00eb Ministrave. \u00c7do vler\u00ebsim, debat apo raportim, duhet t\u00eb mbetet konfidenciale&#8221;.<\/p><\/blockquote>\n\n\n\n<p><\/p>\n\n\n\n<p>Ministria e Drejt\u00ebsis\u00eb i konsideron mendimet mbi VKM-t\u00eb konfidenciale. Ky institucion refuzon t\u00eb b\u00ebj\u00eb publik q\u00ebndrimin e saj n\u00eb lidhje me vendimin e qeveris\u00eb p\u00ebr krijimin e Agjencis\u00eb p\u00ebr Median dhe Informacion, e konsideruar nga nj\u00eb s\u00ebr\u00eb organizatash dhe kritik\u00ebsh n\u00eb vend si &#8220;Ministria e Propagand\u00ebs&#8221;.<\/p>\n\n\n\n<p>Por dhe pse refuzon dh\u00ebnin e dokumenteve, Ministria ka pranuar se ka shprehur q\u00ebndrimet e saj n\u00eb lidhje m\u00eb VKM-n\u00eb para K\u00ebshillit t\u00eb Ministrave, duke zbatuar k\u00ebshtu edhe detyrimin ligjor saj p\u00ebr t&#8217;u shprehur ndaj ligjshm\u00ebrin\u00eb e form\u00ebs dhe t\u00eb p\u00ebrmbajtjes s\u00eb \u00e7do projekt-akti me karakter normativ p\u00ebrpara shqyrtimit nga K\u00ebshilli i Ministrave.<\/p>\n\n\n\n<p>Ministria pranon se ka respektuar detyrimin ligjor por deklaron se q\u00ebndrimin e saj nuk mund ta b\u00ebj\u00eb publik se \u00ebsht\u00eb konfidencal nga qeveria.<\/p>\n\n\n\n<p>&#8220;Mendimi q\u00eb jep Ministri i Drejt\u00ebsis\u00eb p\u00ebr \u00e7do projekt-akt me karakter normativ \u00ebsht\u00eb pjes\u00eb e procesit vendimmarr\u00ebs t\u00eb K\u00ebshillit t\u00eb Ministrave, i cili nuk mund t\u00eb b\u00ebhet publik p\u00ebr shkak t\u00eb kufizimeve t\u00eb vendosura. Ministri i Drejt\u00ebsis\u00eb, si dhe \u00e7do an\u00ebtar tjet\u00ebr i K\u00ebshillit t\u00eb Ministrave, \u00ebsht\u00eb i detyruar t\u00eb respektoj\u00eb vendimet e marra n\u00eb mbledhjen e K\u00ebshillit t\u00eb Ministrave. \u00c7do vler\u00ebsim, debat apo raportim, duhet t\u00eb mbetet konfidenciale&#8221; &#8211; thuhet n\u00eb p\u00ebrgjigjen zyrtare t\u00eb koordinatorit p\u00ebr t\u00eb drejt\u00ebn e informimit t\u00eb Ministris\u00eb s\u00eb Drejt\u00ebsis\u00eb.<\/p>\n\n\n\n<p>M\u00eb 18 Shtator 2021, n\u00eb mbledhjen par\u00eb t\u00eb Qeveris\u00eb Rama 3, zyra e Kryeministrit njoftoi se kishte vendosur krijimin e Agjencis\u00eb p\u00ebr Media dhe Informimin, nj\u00eb struktur\u00eb kjo q\u00eb synon centralizimin e zyrave t\u00eb shtypit dhe t\u00eb marr\u00ebdh\u00ebnieve me publikun t\u00eb t\u00eb gjitha institucioneve t\u00eb qeveris\u00eb qendrore, por duke p\u00ebrfshir\u00eb edhe informacionin q\u00eb k\u00ebto institucione prodhojn\u00eb.<\/p>\n\n\n\n<p>Vendimi i publikuar n\u00eb faqen e K\u00ebshillit t\u00eb Ministrave nuk shoq\u00ebrohet me nj\u00eb relacion shpjegues p\u00ebr t\u00eb kuptuar se cilat institucione kan\u00eb dh\u00ebn\u00eb mendim, ndaj dhe qendra ResPulica, n\u00eb baz\u00eb t\u00eb ligjit p\u00ebr t\u00eb drejt\u00ebn e informimit i k\u00ebrkoj Ministris\u00eb s\u00eb Drejt\u00ebsis\u00eb nj\u00eb kopje t\u00eb q\u00ebndrimit t\u00eb mbajtur nga ky institucion p\u00ebr VKM-n\u00eb e krijimit t\u00eb t\u00eb ashtuquajtur\u00ebs &#8220;Ministria e propagand\u00ebs&#8221;.<\/p>\n\n\n\n<p>Por, dhe pse refuzon b\u00ebrjen publik\u00eb t\u00eb nj\u00eb dokumenti zyrtar, duke e konsideruar at\u00eb konfidencial, Ministria e Drejt\u00ebsis\u00eb n\u00eb shkres\u00ebn e saj insiston se q\u00ebllimi i krijimit t\u00eb Agjencis\u00eb p\u00ebr Median dhe Informacionin \u00ebsht\u00eb rritja e transparenc\u00ebs s\u00eb qeveris\u00eb.<\/p>\n\n\n\n<p>&#8220;Vendimi parashikon ngritjen e nj\u00eb strukture t\u00eb ve\u00e7ant\u00eb, e organizuar si drejtori e p\u00ebrgjithshme, mbi komunikimin dhe informimin, q\u00eb ka si mision t\u00eb siguroj\u00eb transparenc\u00ebn n\u00eb lidhje me politikat, aktivitetet, projektet e K\u00ebshillit t\u00eb Ministrave&#8221;- vijon shkresa sqaruese e Ministris\u00eb s\u00eb Drejt\u00ebsis\u00eb.<\/p>\n\n\n\n<p>Pa v\u00ebn\u00eb asnj\u00eb dokument n\u00eb dispozicion, Ministria informon edhe cilat do t\u00eb jen\u00eb p\u00ebrgjegj\u00ebsit\u00eb dhe misioni i Agjencis\u00eb, q\u00eb duksh\u00ebm nga sa deklarohet e shnd\u00ebrrojn\u00eb at\u00eb n\u00eb v\u00ebrtet n\u00eb nj\u00eb &#8220;Ministri Propagande&#8221;<\/p>\n\n\n\n<p>&#8220;P\u00ebrgjegj\u00ebsit\u00eb funksionale t\u00eb agjencis\u00eb lidhen me organizimin e pun\u00ebs p\u00ebr t\u00eb informuar dhe komunikuar me publikun dhe median, si dhe p\u00ebr t\u00eb p\u00ebrgatitur q\u00ebndrimet dhe sondazhet qeveritare mbi \u00e7\u00ebshtjet me interes publik&#8221; &#8211; sqaron Ministria e Drejt\u00ebsis\u00eb.<\/p>\n\n\n\n<p>M\u00eb her\u00ebt, qeveria ka argumentuar se q\u00ebllimi i krijimit t\u00eb Agjencis\u00eb \u00ebsht\u00eb rritja e transparenc\u00ebs dhe kapacitetit informues ndaj publikut dhe medias, si edhe informimi i K\u00ebshillit t\u00eb Ministrave mbi problematik\u00ebn e shprehur n\u00eb lajmet e dit\u00ebs, nd\u00ebrkoh\u00eb q\u00eb n\u00eb fakt kjo nism\u00eb \u00ebsht\u00eb n\u00eb vazhd\u00ebn e nj\u00eb marr\u00ebdh\u00ebnieje aspak t\u00eb leht\u00eb dhe dashamir\u00ebse t\u00eb kreut t\u00eb qeveris\u00eb shqiptare ndaj njer\u00ebzve t\u00eb medias dhe fjal\u00ebs s\u00eb lir\u00eb, t\u00eb cil\u00ebt prej vitesh i konsideron dhe i quan \u201ckazan mediatik\u201d<\/p>\n\n\n\n<p>Rama ka deklaruar se \u201cAgjencia p\u00ebr Media dhe Informim (AMI) \u00ebsht\u00eb nd\u00ebrtuar duke ndjekur modelet dhe eksperiencat e disa vendeve t\u00eb ndryshme, nd\u00ebr t\u00eb cilat at\u00eb t\u00eb Zyr\u00ebs p\u00ebr Shtypin dhe Informimin t\u00eb Qeveris\u00eb Federale Gjermane.<\/p>\n\n\n\n<p>Zyra Federale e Shtypit (Bundespresseamt) pran\u00eb qeveris\u00eb federale gjermane ka nj\u00eb struktur\u00eb t\u00eb till\u00eb q\u00eb nga viti 1949, kur Gjermania qeverisej nga Kancelari Konrad Adenauer. Sot ajo drejtohet nga nj\u00eb z\u00ebdh\u00ebn\u00ebs qeverie dhe dy z\u00ebvend\u00ebs t\u00eb tij.<\/p>\n\n\n\n<p>P\u00ebr t\u2019u kthyer te absurdi, ligji p\u00ebr t\u00eb drejt\u00ebn e informimit v\u00ebrtet parashikon se disa diskutime n\u00eb qeveri mund t\u00eb jet\u00eb e domosdoshme q\u00eb t\u00eb kufizohen dhe mos t\u00eb publikohen, por mbetet e pasqaruar nj\u00eb pyetje: Pse \u00ebsht\u00eb e domosdoshme q\u00eb t\u00eb mos publikohen diskutimet q\u00eb lidhen pik\u00ebrisht me transparenc\u00ebn? K\u00ebt\u00eb mund ta kuptojm\u00eb vet\u00ebm kur ta sigurojm\u00eb informacionin n\u00eb rrug\u00eb ligjore.<\/p>\n\n\n\n<p><\/p>\n","protected":false},"excerpt":{"rendered":"<p>Qeveria nuk b\u00ebn transparenc\u00eb as p\u00ebr diskutimet p\u00ebr transparenc\u00ebn &#8220;Ministri i Drejt\u00ebsis\u00eb, si dhe \u00e7do an\u00ebtar tjet\u00ebr i K\u00ebshillit t\u00eb [&hellip;]<\/p>\n","protected":false},"author":2,"featured_media":1948,"comment_status":"open","ping_status":"open","sticky":true,"template":"","format":"standard","meta":{"site-sidebar-layout":"default","site-content-layout":"","ast-site-content-layout":"","site-content-style":"default","site-sidebar-style":"default","ast-global-header-display":"","ast-banner-title-visibility":"","ast-main-header-display":"","ast-hfb-above-header-display":"","ast-hfb-below-header-display":"","ast-hfb-mobile-header-display":"","site-post-title":"","ast-breadcrumbs-content":"","ast-featured-img":"","footer-sml-layout":"","theme-transparent-header-meta":"","adv-header-id-meta":"","stick-header-meta":"","header-above-stick-meta":"","header-main-stick-meta":"","header-below-stick-meta":"","astra-migrate-meta-layouts":"default","ast-page-background-enabled":"default","ast-page-background-meta":{"desktop":{"background-color":"var(--ast-global-color-4)","background-image":"","background-repeat":"repeat","background-position":"center center","background-size":"auto","background-attachment":"scroll","background-type":"","background-media":"","overlay-type":"","overlay-color":"","overlay-gradient":""},"tablet":{"background-color":"","background-image":"","background-repeat":"repeat","background-position":"center center","background-size":"auto","background-attachment":"scroll","background-type":"","background-media":"","overlay-type":"","overlay-color":"","overlay-gradient":""},"mobile":{"background-color":"","background-image":"","background-repeat":"repeat","background-position":"center center","background-size":"auto","background-attachment":"scroll","background-type":"","background-media":"","overlay-type":"","overlay-color":"","overlay-gradient":""}},"ast-content-background-meta":{"desktop":{"background-color":"var(--ast-global-color-5)","background-image":"","background-repeat":"repeat","background-position":"center center","background-size":"auto","background-attachment":"scroll","background-type":"","background-media":"","overlay-type":"","overlay-color":"","overlay-gradient":""},"tablet":{"background-color":"var(--ast-global-color-5)","background-image":"","background-repeat":"repeat","background-position":"center center","background-size":"auto","background-attachment":"scroll","background-type":"","background-media":"","overlay-type":"","overlay-color":"","overlay-gradient":""},"mobile":{"background-color":"var(--ast-global-color-5)","background-image":"","background-repeat":"repeat","background-position":"center center","background-size":"auto","background-attachment":"scroll","background-type":"","background-media":"","overlay-type":"","overlay-color":"","overlay-gradient":""}},"footnotes":""},"categories":[6],"tags":[],"_links":{"self":[{"href":"https:\/\/www.respublica.org.al\/web\/index.php?rest_route=\/wp\/v2\/posts\/1947"}],"collection":[{"href":"https:\/\/www.respublica.org.al\/web\/index.php?rest_route=\/wp\/v2\/posts"}],"about":[{"href":"https:\/\/www.respublica.org.al\/web\/index.php?rest_route=\/wp\/v2\/types\/post"}],"author":[{"embeddable":true,"href":"https:\/\/www.respublica.org.al\/web\/index.php?rest_route=\/wp\/v2\/users\/2"}],"replies":[{"embeddable":true,"href":"https:\/\/www.respublica.org.al\/web\/index.php?rest_route=%2Fwp%2Fv2%2Fcomments&post=1947"}],"version-history":[{"count":7,"href":"https:\/\/www.respublica.org.al\/web\/index.php?rest_route=\/wp\/v2\/posts\/1947\/revisions"}],"predecessor-version":[{"id":2012,"href":"https:\/\/www.respublica.org.al\/web\/index.php?rest_route=\/wp\/v2\/posts\/1947\/revisions\/2012"}],"wp:featuredmedia":[{"embeddable":true,"href":"https:\/\/www.respublica.org.al\/web\/index.php?rest_route=\/wp\/v2\/media\/1948"}],"wp:attachment":[{"href":"https:\/\/www.respublica.org.al\/web\/index.php?rest_route=%2Fwp%2Fv2%2Fmedia&parent=1947"}],"wp:term":[{"taxonomy":"category","embeddable":true,"href":"https:\/\/www.respublica.org.al\/web\/index.php?rest_route=%2Fwp%2Fv2%2Fcategories&post=1947"},{"taxonomy":"post_tag","embeddable":true,"href":"https:\/\/www.respublica.org.al\/web\/index.php?rest_route=%2Fwp%2Fv2%2Ftags&post=1947"}],"curies":[{"name":"wp","href":"https:\/\/api.w.org\/{rel}","templated":true}]}}