{"id":1957,"date":"2021-10-19T18:27:43","date_gmt":"2021-10-19T16:27:43","guid":{"rendered":"http:\/\/www.respublica.org.al\/?p=1957"},"modified":"2021-10-26T22:52:46","modified_gmt":"2021-10-26T20:52:46","slug":"qendra-res-publica-fiton-nje-tjeter-gjyq-ne-gjykaten-e-strasburgut-per-pengesat-e-proceseve-qe-kane-te-bejme-me-tragjedine-e-gerdecit","status":"publish","type":"post","link":"https:\/\/www.respublica.org.al\/web\/?p=1957","title":{"rendered":"Qendra Res Publica fiton nj\u00eb tjet\u00ebr gjyq n\u00eb Gjykat\u00ebn e Strasburgut p\u00ebr pengesat e proceseve q\u00eb kan\u00eb t\u00eb b\u00ebjm\u00eb me tragjedin\u00eb e G\u00ebrdecit"},"content":{"rendered":"\n<div class=\"wp-block-cover has-background-dim\"><img fetchpriority=\"high\" decoding=\"async\" width=\"895\" height=\"578\" class=\"wp-block-cover__image-background wp-image-689\" alt=\"\" src=\"http:\/\/www.respublica.org.al\/wp-content\/uploads\/2014\/07\/fut-monedhen.jpg\" data-object-fit=\"cover\" srcset=\"https:\/\/www.respublica.org.al\/web\/wp-content\/uploads\/2014\/07\/fut-monedhen.jpg 895w, https:\/\/www.respublica.org.al\/web\/wp-content\/uploads\/2014\/07\/fut-monedhen-300x193.jpg 300w, https:\/\/www.respublica.org.al\/web\/wp-content\/uploads\/2014\/07\/fut-monedhen-800x516.jpg 800w\" sizes=\"(max-width: 895px) 100vw, 895px\" \/><div class=\"wp-block-cover__inner-container is-layout-flow wp-block-cover-is-layout-flow\">\n<p class=\"has-large-font-size\"><\/p>\n<\/div><\/div>\n\n\n\n<p>Qendra Res Publica ka fituar nj\u00eb tjet\u00ebr \u00e7\u00ebshtje n\u00eb Gjykat\u00ebn Evropiane p\u00ebr t\u00eb Drejtat e Njeriut, e cila sot b\u00ebri publik vedimin p\u00ebr \u00e7\u00ebshtjen La\u00e7i kund\u00ebr Shqip\u00ebris\u00eb.<\/p>\n\n\n\n<p>B\u00ebhet fjal\u00eb p\u00ebr nj\u00eb nga dhjetra procese t\u00eb hapura nga familjar\u00ebt e personave q\u00eb humb\u00ebn jet\u00ebn nga shp\u00ebrthimi i fabrik\u00ebs s\u00eb demontimit t\u00eb arm\u00ebve n\u00eb G\u00ebrdec, n\u00eb vitin 2008.<\/p>\n\n\n\n<p>Nafije Laci, ishte nj\u00eb 26 personat q\u00eb humb\u00ebn jet\u00ebn n\u00eb k\u00ebt\u00eb tragjedi dhe bashk\u00ebshorti i saj, Mustaf Laci, iu drejtua gjykat\u00ebs p\u00ebr d\u00ebmshp\u00ebrblim. Por Gjykata Administrative i k\u00ebrkoi La\u00e7it t\u00eb paguante tarif\u00ebn gjyq\u00ebsore n\u00eb vler\u00eb mbi 300 mij\u00eb lek\u00eb, pa p\u00ebrfshir\u00eb k\u00ebtu edhe kostot e ekspert\u00ebve, shum\u00eb kjo e p\u00ebrllogaritur sa nj\u00ebqind e nj\u00ebzet fishi i nivelit t\u00eb t\u00eb ardhurave t\u00eb tij mujore.<\/p>\n\n\n\n<p>N\u00eb pamund\u00ebsi finaciare p\u00ebr t\u00eb paguar kostot gjyq\u00ebsore, Mustaf Laci aplikoi p\u00ebr ndihm\u00eb juridike n\u00eb form\u00ebn e nj\u00eb p\u00ebrjashtimi nga pagesa e tarif\u00ebs gjyq\u00ebsore. Ky aplikim nuk mori nj\u00eb p\u00ebrgjigje dhe c\u00ebshtja e tij u zvarrit n\u00eb dyert e gjykatave, pa u gjykuar ende edhe sot. K\u00ebrkesa e tij p\u00ebr t\u2019u p\u00ebrjashtuar nga ky detyrim para Gjykat\u00ebs Administrative t\u00eb Shkall\u00ebs s\u00eb Par\u00eb u refuzua. Sot kjo c\u00ebshtje vijon, duke qen\u00eb n\u00eb pritje n\u00eb Gjykat\u00ebn e Lart\u00eb.<\/p>\n\n\n\n<p>N\u00eb vitin 2017, qendra Res Publica, e cila p\u00ebrfaq\u00ebson familjen La\u00e7i, vendosi t\u2019i drejtohet Gjykat\u00ebs Evropiane p\u00ebr t\u00eb Drejtat e Njeriu, p\u00ebr shkelje t\u00eb nenit 6 (procesi i rregullt gjyq\u00ebsor) t\u00eb Konvent\u00ebs Evropiane p\u00ebr t\u00eb Drejtave t\u00eb Njeriut<\/p>\n\n\n\n<p>Pas 4 vitesh, Gjykata e Strasburgut vendosi q\u00eb shteti shqiptar jo vet\u00ebm q\u00eb duhet t\u2019i paguaj\u00eb Mustafa La\u00e7it 7,500 p\u00ebr andrallat e krijuara, por nxjerr n\u00eb pah nj\u00eb s\u00ebr\u00eb problemesh q\u00eb ekzitojn\u00eb n\u00eb sistemin gjyq\u00ebsor n\u00eb Shqip\u00ebri.<\/p>\n\n\n\n<p>\u201cGjykatat&nbsp; vendase nuk kan\u00eb kryer ende nj\u00eb vler\u00ebsim t\u00eb individualizuar t\u00eb gjendjes financiare t\u00eb aplikantit n\u00eb m\u00ebnyr\u00eb q\u00eb t\u00eb p\u00ebrcaktohet n\u00ebse ai duhet apo jo t\u00eb p\u00ebrjashtohet nga pagimi i taks\u00ebs. N\u00eb p\u00ebrgjith\u00ebsi, aplikanti kishte p\u00ebrdorur t\u00eb gjitha mund\u00ebsit\u00eb t\u00eb parashikuara nga ligji i brendsh\u00ebm. Sidoqoft\u00eb, p\u00ebrpjekjet e tij u penguan nga mosfunksionimi i KSHNJ-s\u00eb dhe d\u00ebshtimi i k\u00ebtij t\u00eb fundit p\u00ebr t\u00eb miratuar aktet n\u00ebnligjore zbatuese; ngurrimi i duksh\u00ebm i gjyqtar\u00ebve vendas p\u00ebr t\u00eb p\u00ebrjashtuar personat me pamund\u00ebsi financiare nga pagesa e taks\u00ebs; d\u00ebshtimi i Gjykat\u00ebs s\u00eb Shkall\u00ebs s\u00eb Par\u00eb p\u00ebr t\u00eb vler\u00ebsuar si\u00e7 duhet gjendjen e tij financiare si dhe vonesat e konsiderueshme n\u00eb Gjykat\u00ebn e Lart\u00eb. Si rezultat, ankuesi vazhdonte t\u00eb p\u00ebrballej me pasiguri n\u00eb lidhje me ecurin\u00eb e shqyr&nbsp;timit n\u00eb themel t\u00eb k\u00ebrkes\u00ebs s\u00eb tij p\u00ebr shp\u00ebrblimin e d\u00ebmeve t\u00eb shkaktuara n\u00eb vitin 2008\u201d thuhet n\u00eb vendimin e Gjykat\u00ebs s\u00eb Strasburgut.<\/p>\n\n\n\n<p>P\u00ebr Avokatin Dorian Matlija, rasti La\u00e7i kund\u00ebr Shqip\u00ebris\u00eb \u00ebsht\u00eb nj\u00eb vendim i r\u00ebnd\u00ebsish\u00ebm pasi \u00ebsht\u00eb hera e par\u00eb q\u00eb Gjykata e Strasbugut shprehet mbi \u00e7\u00ebshtjet q\u00eb kan\u00eb t\u00eb b\u00ebjn\u00eb me personat q\u00eb nuk kan\u00eb mund\u00ebsi finaciare p\u00ebr t\u00eb p\u00ebrballur kosot gjyqesore p\u00ebr Shqip\u00ebrin\u00eb.<\/p>\n\n\n\n<p>\u201cPrej kohesh kemi luftuar kund\u00ebr nj\u00eb sistemi jo funksional p\u00ebr t\u00eb drejt\u00ebn e aksesit n\u00eb gjykat\u00eb p\u00ebr personat n\u00eb v\u00ebshtir\u00ebsi ekonomike. Zhvillimet n\u00eb Shqip\u00ebri kan\u00eb qen\u00eb t\u00eb vakta. V\u00ebrtet\u00eb \u00ebsht\u00eb miratuar nj\u00eb ligj i ri p\u00ebr ndihm\u00ebn juridike, por problemi nuk \u00ebsht\u00eb zgjidhur n\u00eb praktik\u00eb. M\u00eb n\u00eb fund, Gjykata Evropiane me k\u00ebt\u00eb vendim v\u00eb n\u00eb dukje difektet e sistemit ton\u00eb q\u00eb u kushton shtrenjt\u00eb personave n\u00eb v\u00ebshtir\u00ebsi ekonomike. K\u00ebta persona humbin t\u00eb drejtat e tyre pik\u00ebrisht sepse nuk jan\u00eb n\u00eb gj\u00ebndje t\u00eb p\u00ebrballojn\u00eb kostot\u201d &#8211; shpjegon Matlija.<\/p>\n\n\n\n<p>Por, m\u00eb shum\u00eb se sa nj\u00eb betej\u00eb e fituar n\u00eb Strasburg, Matlija thot\u00eb se ky vendim hap nj\u00eb kapitull t\u00eb ri p\u00ebr gjyq\u00ebsorin shqiptar.<\/p>\n\n\n\n<p>\u201cKy vendim \u00ebsht\u00eb i detyruesh\u00ebm p\u00ebr gjykatat shqitare edhe p\u00ebr c\u00ebshtje t\u00eb tjera t\u00eb ngjashme dhe hap nj\u00eb kapitull t\u00eb ri p\u00ebr \u00e7do person q\u00eb \u00ebsht\u00eb n\u00eb pamund\u00ebsi ekonomike. Ai duhet t\u00eb d\u00ebgjohet nga gjykata pavar\u00ebsisht se ai nuk paguan dot kostot gjyqsore. Kjo do t\u00eb thot\u00eb q\u00eb k\u00ebta persona nuk duhet t\u00eb detyrohen t\u00eb paguajn\u00eb tarifa t\u00eb lartat gjyq\u00ebsore, duhet t\u2019u sigurohet avokat nga shteti dhe duhet paguhen nga shteti edhe ekspert\u00ebt q\u00eb th\u00ebrret gjykata\u201d &#8211; shpjegon Matlija.<\/p>\n\n\n\n<p>Aktualisht n\u00eb gykatat shqiptare ka nj\u00eb num\u00ebr t\u00eb lart\u00eb c\u00ebshtjesh t\u00eb k\u00ebsaj natyre dhe p\u00ebr avokatin Matlija ky vendim do t\u00eb vendos\u00eb insitucionet shtet\u00ebtore n\u00eb nj\u00eb pozicion t\u00eb till\u00eb q\u00eb do t\u00eb duhet t\u00eb revolucionarizohet sistemi t\u00ebr\u00ebsisht. \u201cMe k\u00ebt\u00eb vendi gjykata \u00ebsht\u00eb e detyruar t\u00eb vendosin sistemin n\u00eb presion q\u00eb t\u00eb gjej\u00eb zgjidhje serioze t\u00eb problemeve, ose p\u00ebrndryshe do t\u00eb vazhdoj\u00eb shkelja e t\u00eb drejtave t\u00eb njeriut dhe p\u00ebr rrjedhoj\u00eb t\u00eb t\u00eb penalizohemi edhe nga Strasburgu. Tashm\u00eb avokat\u00ebt jan\u00eb b\u00ebr\u00eb m\u00eb t\u00eb zot\u00eb p\u00ebr t\u00eb v\u00ebn\u00eb shtetin me shpatulla p\u00ebr muri dhe ky mur \u00ebsht\u00eb vet\u00eb Konventa\u201d- p\u00ebrfundoi Matlija.<\/p>\n","protected":false},"excerpt":{"rendered":"<p>Qendra Res Publica ka fituar nj\u00eb tjet\u00ebr \u00e7\u00ebshtje n\u00eb Gjykat\u00ebn Evropiane p\u00ebr t\u00eb Drejtat e Njeriut, e cila sot b\u00ebri [&hellip;]<\/p>\n","protected":false},"author":2,"featured_media":689,"comment_status":"open","ping_status":"open","sticky":true,"template":"","format":"standard","meta":{"site-sidebar-layout":"default","site-content-layout":"","ast-site-content-layout":"","site-content-style":"default","site-sidebar-style":"default","ast-global-header-display":"","ast-banner-title-visibility":"","ast-main-header-display":"","ast-hfb-above-header-display":"","ast-hfb-below-header-display":"","ast-hfb-mobile-header-display":"","site-post-title":"","ast-breadcrumbs-content":"","ast-featured-img":"","footer-sml-layout":"","theme-transparent-header-meta":"","adv-header-id-meta":"","stick-header-meta":"","header-above-stick-meta":"","header-main-stick-meta":"","header-below-stick-meta":"","astra-migrate-meta-layouts":"default","ast-page-background-enabled":"default","ast-page-background-meta":{"desktop":{"background-color":"var(--ast-global-color-4)","background-image":"","background-repeat":"repeat","background-position":"center center","background-size":"auto","background-attachment":"scroll","background-type":"","background-media":"","overlay-type":"","overlay-color":"","overlay-gradient":""},"tablet":{"background-color":"","background-image":"","background-repeat":"repeat","background-position":"center center","background-size":"auto","background-attachment":"scroll","background-type":"","background-media":"","overlay-type":"","overlay-color":"","overlay-gradient":""},"mobile":{"background-color":"","background-image":"","background-repeat":"repeat","background-position":"center center","background-size":"auto","background-attachment":"scroll","background-type":"","background-media":"","overlay-type":"","overlay-color":"","overlay-gradient":""}},"ast-content-background-meta":{"desktop":{"background-color":"var(--ast-global-color-5)","background-image":"","background-repeat":"repeat","background-position":"center center","background-size":"auto","background-attachment":"scroll","background-type":"","background-media":"","overlay-type":"","overlay-color":"","overlay-gradient":""},"tablet":{"background-color":"var(--ast-global-color-5)","background-image":"","background-repeat":"repeat","background-position":"center center","background-size":"auto","background-attachment":"scroll","background-type":"","background-media":"","overlay-type":"","overlay-color":"","overlay-gradient":""},"mobile":{"background-color":"var(--ast-global-color-5)","background-image":"","background-repeat":"repeat","background-position":"center center","background-size":"auto","background-attachment":"scroll","background-type":"","background-media":"","overlay-type":"","overlay-color":"","overlay-gradient":""}},"footnotes":""},"categories":[6],"tags":[],"_links":{"self":[{"href":"https:\/\/www.respublica.org.al\/web\/index.php?rest_route=\/wp\/v2\/posts\/1957"}],"collection":[{"href":"https:\/\/www.respublica.org.al\/web\/index.php?rest_route=\/wp\/v2\/posts"}],"about":[{"href":"https:\/\/www.respublica.org.al\/web\/index.php?rest_route=\/wp\/v2\/types\/post"}],"author":[{"embeddable":true,"href":"https:\/\/www.respublica.org.al\/web\/index.php?rest_route=\/wp\/v2\/users\/2"}],"replies":[{"embeddable":true,"href":"https:\/\/www.respublica.org.al\/web\/index.php?rest_route=%2Fwp%2Fv2%2Fcomments&post=1957"}],"version-history":[{"count":3,"href":"https:\/\/www.respublica.org.al\/web\/index.php?rest_route=\/wp\/v2\/posts\/1957\/revisions"}],"predecessor-version":[{"id":2008,"href":"https:\/\/www.respublica.org.al\/web\/index.php?rest_route=\/wp\/v2\/posts\/1957\/revisions\/2008"}],"wp:featuredmedia":[{"embeddable":true,"href":"https:\/\/www.respublica.org.al\/web\/index.php?rest_route=\/wp\/v2\/media\/689"}],"wp:attachment":[{"href":"https:\/\/www.respublica.org.al\/web\/index.php?rest_route=%2Fwp%2Fv2%2Fmedia&parent=1957"}],"wp:term":[{"taxonomy":"category","embeddable":true,"href":"https:\/\/www.respublica.org.al\/web\/index.php?rest_route=%2Fwp%2Fv2%2Fcategories&post=1957"},{"taxonomy":"post_tag","embeddable":true,"href":"https:\/\/www.respublica.org.al\/web\/index.php?rest_route=%2Fwp%2Fv2%2Ftags&post=1957"}],"curies":[{"name":"wp","href":"https:\/\/api.w.org\/{rel}","templated":true}]}}