{"id":1961,"date":"2021-10-18T10:26:00","date_gmt":"2021-10-18T08:26:00","guid":{"rendered":"http:\/\/www.respublica.org.al\/?p=1961"},"modified":"2021-10-26T22:55:37","modified_gmt":"2021-10-26T20:55:37","slug":"perse-rama-ju-ka-shpallur-lufte-te-eger-mediave-online-duke-i-krahasuar-me-nazistet","status":"publish","type":"post","link":"https:\/\/www.respublica.org.al\/web\/?p=1961","title":{"rendered":"P\u00ebrse Rama ju ka shpallur luft\u00eb t\u00eb eg\u00ebr mediave online, duke i krahasuar me nazist\u00ebt?!"},"content":{"rendered":"\n<div class=\"wp-block-cover aligncenter has-background-dim\"><img fetchpriority=\"high\" decoding=\"async\" width=\"1000\" height=\"666\" class=\"wp-block-cover__image-background wp-image-1926\" alt=\"\" src=\"http:\/\/www.respublica.org.al\/wp-content\/uploads\/2021\/09\/ediramakryeministri-1.jpg\" data-object-fit=\"cover\" srcset=\"https:\/\/www.respublica.org.al\/web\/wp-content\/uploads\/2021\/09\/ediramakryeministri-1.jpg 1000w, https:\/\/www.respublica.org.al\/web\/wp-content\/uploads\/2021\/09\/ediramakryeministri-1-300x200.jpg 300w, https:\/\/www.respublica.org.al\/web\/wp-content\/uploads\/2021\/09\/ediramakryeministri-1-768x511.jpg 768w, https:\/\/www.respublica.org.al\/web\/wp-content\/uploads\/2021\/09\/ediramakryeministri-1-800x533.jpg 800w\" sizes=\"(max-width: 1000px) 100vw, 1000px\" \/><div class=\"wp-block-cover__inner-container is-layout-flow wp-block-cover-is-layout-flow\">\n<p class=\"has-text-align-center has-large-font-size\"><\/p>\n<\/div><\/div>\n\n\n\n<blockquote class=\"wp-block-quote is-layout-flow wp-block-quote-is-layout-flow\"><p>Matlija: \u201cJan\u00eb dy dukuri t\u00eb reja t\u00eb shfaqura koh\u00ebt e fundit: s\u00eb pari, padit\u00eb SLAPP t\u00eb cilat jan\u00eb padi q\u00eb nuk synojn\u00eb detyrimisht t\u00eb fitohen kund\u00ebr gazetar\u00ebve, por kan\u00eb q\u00ebllim t\u2019i konsumojn\u00eb atyre koh\u00ebn dhe burimet e tjera dhe t\u00eb dekurajojn\u00eb gazetar\u00ebt e tjer\u00eb p\u00ebr t\u00eb b\u00ebr\u00eb shkrime kritike ndaj politikaneve apo bizneseve t\u00eb fuqishme. S\u00eb dyti, fushatat shpif\u00ebse, t\u00eb cilat jan\u00eb nj\u00eb t\u00ebr\u00ebsi shkrimesh nga nj\u00eb ose m\u00eb shum\u00eb media t\u00eb tjera, q\u00eb p\u00ebr interesa jomediatike synojn\u00eb t\u00eb d\u00ebmtojn\u00eb reputacionin e nj\u00eb gazetari dhe besueshm\u00ebrin\u00eb e tij n\u00eb publik&#8221;.<\/p><\/blockquote>\n\n\n\n<p><\/p>\n\n\n\n<p><strong>Nga Elona Elezi<\/strong><\/p>\n\n\n\n<p>Kryeministri Edi Rama n\u00eb konferenc\u00ebn e organizuar nga OSBE-s\u00eb p\u00ebr Europ\u00ebn Juglindore, \u201cGazetaria n\u00eb koh\u00eb krizash\u201d, ka sulmuar ashp\u00ebr mediat online n\u00eb vendin ton\u00eb duke i krahasuar edhe me nazist\u00ebt. Sipas Ram\u00ebs k\u00ebto media (portalet dhe rrjetet sociale) mund t\u00eb shkaktoj\u00eb d\u00ebme n\u00eb t\u00eb nj\u00ebjt\u00ebn m\u00ebnyr\u00eb si propaganda naziste. Nga ana tjet\u00ebr pjes\u00ebmarr\u00ebs kritik\u00eb t\u00eb qevris\u00eb n\u00eb k\u00ebt\u00eb konferenc\u00eb e kan\u00eb akuzuar Ram\u00ebn se me k\u00ebto sulme ai k\u00ebrkon q\u00eb t\u00eb t\u00eb justifikoj\u00eb p\u00ebrpjekjet p\u00ebr t\u00eb frenuar lirit\u00eb e mediave.<\/p>\n\n\n\n<p>\u201cMedia online n\u00eb Shqip\u00ebri \u00ebsht\u00eb po aq e d\u00ebmshme sa propaganda naziste, pedofilia dhe terrorizmi\u201d, deklaroi Rama edhe n\u00eb sy t\u00eb nd\u00ebrkomb\u00ebtar\u00ebve q\u00eb organizonin k\u00ebt\u00eb aktivitet. \u201cKur p\u00ebrpiqesh t\u00eb parafytyrosh p\u00ebr shembull, se \u00e7far\u00eb do t\u2019i kishte b\u00ebr\u00eb makineria propagandistike naziste bot\u00ebs me k\u00ebt\u00eb liri \u00ebsht\u00eb trondit\u00ebse. Apo edhe pa u p\u00ebrpjekur t\u00eb imagjinoni fare, p\u00ebrpiquni t\u00eb vler\u00ebsoni se \u00e7far\u00eb d\u00ebmi po shkaktohet n\u00eb jet\u00ebn e p\u00ebrditshme nga burimet e s\u00eb keqes n\u00eb k\u00ebt\u00eb bot\u00eb nga terrorizmi, t\u00eb gjitha llojet e fondamentalizmave, deri t\u00eb pedofilia e t\u00eb gjitha s\u00ebmundjet e shoq\u00ebris\u00eb moderne, q\u00eb p\u00ebrmes liris\u00eb s\u00eb p\u00ebrhapjes mund t\u00eb prekin shum\u00eb qenie njer\u00ebzore, grupe n\u00eb nevoj\u00eb dhe pjes\u00eb t\u00eb dob\u00ebta t\u00eb organizmit t\u00eb shoq\u00ebrive tona\u201d, tha tekstualisht kryeminstri.<\/p>\n\n\n\n<p>Por Gjergj Erebara, gazetar i Rrjetit Ballkanit t\u00eb Gazetaris\u00eb Investigative BIRN Albania, u kund\u00ebrp\u00ebrgjigj duke deklaruar se k\u00ebt\u00eb k\u00ebndv\u00ebshtrim t\u00eb kryeminstrit e sheh si nj\u00eb mbuloj\u00eb dhe justifikim p\u00ebr t\u00eb mbrojtur deri n\u00eb fund paket\u00ebn anti-shpifje t\u00eb vitit 2018 (e konsideruar si \u2018luft\u00eb\u2019 ndaj medias online), e cilas \u00ebsht\u00eb kund\u00ebrshtuar nga \u00e7do shoqat\u00eb mediatike dhe q\u00eb gjithashtu nuk u mb\u00ebshtet nga asnj\u00eb institucion nd\u00ebrkomb\u00ebtar brenda dhe jasht\u00eb vendit.<\/p>\n\n\n\n<p>\u201cDeklarata e Ram\u00ebs ishte nj\u00eb p\u00ebrpjekje e sforcuar dhe jo shum\u00eb bind\u00ebse p\u00ebr t\u00eb p\u00ebrs\u00ebritur se ai vet\u00eb beson fort se liria \u00ebsht\u00eb e tep\u00ebrt dhe se ai ka largpam\u00ebsin\u00eb e duhur se si zgjidhen abuzimet me lirin\u00eb e shprehjes por q\u00eb t\u00eb gjith\u00eb ne t\u00eb tjer\u00ebt, e keqkuptojm\u00eb at\u00eb si aspirant p\u00ebr diktator nd\u00ebrkoh\u00eb q\u00eb ai ka synime t\u00eb mira, si p\u00ebr shembull, t\u00eb na mbroj\u00eb nga nazizmi apo t\u00eb mbroj\u00eb f\u00ebmij\u00ebt nga pedofilia\u201d, deklaroi Erebara p\u00ebr Deutsche Welle.<\/p>\n\n\n\n<p>Megjithat\u00eb, p\u00ebrpjekjet dhe ligjet p\u00ebr t\u00eb censuruar median nuk jan\u00eb problemi i vet\u00ebm sipas Erebar\u00ebs. \u201cRama ka demonstruar gjat\u00eb t\u00eb gjith\u00eb karrier\u00ebs s\u00eb tij politike d\u00ebshir\u00ebn p\u00ebr t\u00eb pasur n\u00ebn kontroll \u00e7do lloj medieje. Gazetar\u00ebt q\u00eb kan\u00eb pak kujtes\u00eb e din\u00eb dhe jan\u00eb d\u00ebshmitar\u00eb se modeli i tij i korruptimit t\u00eb medias me akses n\u00eb vendimmarrjen publike \u00ebsht\u00eb faktori kryesor q\u00eb ka sjell\u00eb degradimin e vazhduesh\u00ebm t\u00eb medias n\u00eb Shqip\u00ebri gjat\u00eb pes\u00ebmb\u00ebdhjet\u00eb viteve t\u00eb fundit\u201d. Duke u ndalur tek Agjencia p\u00ebr Media dhe Informim e krijuar s\u00eb fundmi n\u00eb Shqip\u00ebri, Erebara thot\u00eb se \u201ckjo struktur\u00eb \u00ebsht\u00eb formalizim i asaj q\u00eb qeveria ka b\u00ebr\u00eb deri tani n\u00eb m\u00ebnyr\u00eb t\u00eb paligjshme\u201d.<\/p>\n\n\n\n<p>Kurse Dorian Matlija i cili punon prej 17 vitesh si avokat n\u00eb Shqip\u00ebri dhe gjat\u00eb 11 viteve t\u00eb fundit p\u00ebrmes organizat\u00ebs Res Publica, ai ka p\u00ebrfaq\u00ebsuar ligj\u00ebrisht gazetar\u00ebt n\u00eb gjykata deklaron p\u00ebr DW se jan\u00eb shtuar shum\u00eb rastet n\u00eb Shqip\u00ebri kur gazetar\u00ebt paditen p\u00ebr shpifje. \u201cJan\u00eb dy dukuri t\u00eb reja t\u00eb shfaqura koh\u00ebt e fundit: s\u00eb pari, padit\u00eb SLAPP (strategic litigation against public participation), t\u00eb cilat jan\u00eb padi q\u00eb nuk synojn\u00eb detyrimisht t\u00eb fitohen kund\u00ebr gazetar\u00ebve, por kan\u00eb q\u00ebllim t\u2019i konsumojn\u00eb atyre koh\u00ebn dhe burimet e tjera dhe t\u00eb dekurajojn\u00eb gazetar\u00ebt e tjer\u00eb p\u00ebr t\u00eb b\u00ebr\u00eb shkrime kritike ndaj politikaneve apo bizneseve t\u00eb fuqishme. S\u00eb dyti, fushatat shpif\u00ebse, t\u00eb cilat jan\u00eb nj\u00eb t\u00ebr\u00ebsi shkrimesh nga nj\u00eb ose m\u00eb shum\u00eb media t\u00eb tjera, q\u00eb p\u00ebr interesa jomediatike synojn\u00eb t\u00eb d\u00ebmtojn\u00eb reputacionin e nj\u00eb gazetari dhe besueshm\u00ebrin\u00eb e tij n\u00eb publik. \u00c7\u00ebshtjet penale ndaj gazetar\u00ebve n\u00eb koh\u00ebt e sotme jan\u00eb shum\u00eb m\u00eb t\u00eb pakta se n\u00eb t\u00eb kaluar\u00ebn. Pra, jemi duke v\u00ebn\u00eb re nj\u00eb sofistikim t\u00eb luft\u00ebs, duke p\u00ebrdorur mjete m\u00eb pak brutale n\u00eb dukje, por m\u00eb t\u00eb d\u00ebmshme n\u00eb nxitjen e vet\u00ebcensur\u00ebs\u201d, deklaron ai p\u00ebr DW.<\/p>\n\n\n\n<p>Sipas Matlis\u00eb, n\u00eb p\u00ebrgjith\u00ebsi gjykatat kan\u00eb qen\u00eb pozitive ndaj gazetar\u00ebve, por nuk kan\u00eb munguar edhe nd\u00ebrhyrjet e politik\u00ebs n\u00eb vendimmarrje. \u201cN\u00eb raste specifike, gjyqtar\u00ebt kan\u00eb marr\u00eb edhe vendime t\u00eb pafavorshme p\u00ebr shkak t\u00eb gravitetit politik apo ekonomik t\u00eb subjekteve t\u00eb posa\u00e7me, si p\u00ebr shembull rasti i padive te Kryeministrit Edi Rama, t\u00eb cilat n\u00eb nj\u00eb mas\u00eb t\u00eb madhe jan\u00eb pranuar p\u00ebrmes vendimeve t\u00eb diskutueshme, sipas pik\u00ebpamjes time si profesionist\u201d, ka shtuar avokati.<\/p>\n\n\n\n<p><strong>Marr\u00eb nga Deutsche Welle<\/strong>.<\/p>\n","protected":false},"excerpt":{"rendered":"<p>Matlija: \u201cJan\u00eb dy dukuri t\u00eb reja t\u00eb shfaqura koh\u00ebt e fundit: s\u00eb pari, padit\u00eb SLAPP t\u00eb cilat jan\u00eb padi q\u00eb [&hellip;]<\/p>\n","protected":false},"author":2,"featured_media":1925,"comment_status":"open","ping_status":"open","sticky":true,"template":"","format":"standard","meta":{"site-sidebar-layout":"default","site-content-layout":"","ast-site-content-layout":"","site-content-style":"default","site-sidebar-style":"default","ast-global-header-display":"","ast-banner-title-visibility":"","ast-main-header-display":"","ast-hfb-above-header-display":"","ast-hfb-below-header-display":"","ast-hfb-mobile-header-display":"","site-post-title":"","ast-breadcrumbs-content":"","ast-featured-img":"","footer-sml-layout":"","theme-transparent-header-meta":"","adv-header-id-meta":"","stick-header-meta":"","header-above-stick-meta":"","header-main-stick-meta":"","header-below-stick-meta":"","astra-migrate-meta-layouts":"default","ast-page-background-enabled":"default","ast-page-background-meta":{"desktop":{"background-color":"var(--ast-global-color-4)","background-image":"","background-repeat":"repeat","background-position":"center center","background-size":"auto","background-attachment":"scroll","background-type":"","background-media":"","overlay-type":"","overlay-color":"","overlay-gradient":""},"tablet":{"background-color":"","background-image":"","background-repeat":"repeat","background-position":"center center","background-size":"auto","background-attachment":"scroll","background-type":"","background-media":"","overlay-type":"","overlay-color":"","overlay-gradient":""},"mobile":{"background-color":"","background-image":"","background-repeat":"repeat","background-position":"center center","background-size":"auto","background-attachment":"scroll","background-type":"","background-media":"","overlay-type":"","overlay-color":"","overlay-gradient":""}},"ast-content-background-meta":{"desktop":{"background-color":"var(--ast-global-color-5)","background-image":"","background-repeat":"repeat","background-position":"center center","background-size":"auto","background-attachment":"scroll","background-type":"","background-media":"","overlay-type":"","overlay-color":"","overlay-gradient":""},"tablet":{"background-color":"var(--ast-global-color-5)","background-image":"","background-repeat":"repeat","background-position":"center center","background-size":"auto","background-attachment":"scroll","background-type":"","background-media":"","overlay-type":"","overlay-color":"","overlay-gradient":""},"mobile":{"background-color":"var(--ast-global-color-5)","background-image":"","background-repeat":"repeat","background-position":"center center","background-size":"auto","background-attachment":"scroll","background-type":"","background-media":"","overlay-type":"","overlay-color":"","overlay-gradient":""}},"footnotes":""},"categories":[6],"tags":[],"_links":{"self":[{"href":"https:\/\/www.respublica.org.al\/web\/index.php?rest_route=\/wp\/v2\/posts\/1961"}],"collection":[{"href":"https:\/\/www.respublica.org.al\/web\/index.php?rest_route=\/wp\/v2\/posts"}],"about":[{"href":"https:\/\/www.respublica.org.al\/web\/index.php?rest_route=\/wp\/v2\/types\/post"}],"author":[{"embeddable":true,"href":"https:\/\/www.respublica.org.al\/web\/index.php?rest_route=\/wp\/v2\/users\/2"}],"replies":[{"embeddable":true,"href":"https:\/\/www.respublica.org.al\/web\/index.php?rest_route=%2Fwp%2Fv2%2Fcomments&post=1961"}],"version-history":[{"count":4,"href":"https:\/\/www.respublica.org.al\/web\/index.php?rest_route=\/wp\/v2\/posts\/1961\/revisions"}],"predecessor-version":[{"id":2010,"href":"https:\/\/www.respublica.org.al\/web\/index.php?rest_route=\/wp\/v2\/posts\/1961\/revisions\/2010"}],"wp:featuredmedia":[{"embeddable":true,"href":"https:\/\/www.respublica.org.al\/web\/index.php?rest_route=\/wp\/v2\/media\/1925"}],"wp:attachment":[{"href":"https:\/\/www.respublica.org.al\/web\/index.php?rest_route=%2Fwp%2Fv2%2Fmedia&parent=1961"}],"wp:term":[{"taxonomy":"category","embeddable":true,"href":"https:\/\/www.respublica.org.al\/web\/index.php?rest_route=%2Fwp%2Fv2%2Fcategories&post=1961"},{"taxonomy":"post_tag","embeddable":true,"href":"https:\/\/www.respublica.org.al\/web\/index.php?rest_route=%2Fwp%2Fv2%2Ftags&post=1961"}],"curies":[{"name":"wp","href":"https:\/\/api.w.org\/{rel}","templated":true}]}}