{"id":2022,"date":"2021-10-27T10:16:24","date_gmt":"2021-10-27T08:16:24","guid":{"rendered":"http:\/\/www.respublica.org.al\/?p=2022"},"modified":"2021-10-27T10:18:24","modified_gmt":"2021-10-27T08:18:24","slug":"progres-raporti-i-be-per-shqiperine-probleme-me-lirine-e-medias","status":"publish","type":"post","link":"https:\/\/www.respublica.org.al\/web\/?p=2022","title":{"rendered":"Progres Raporti i BE p\u00ebr Shqip\u00ebrin\u00eb: Probleme me lirin\u00eb e medias"},"content":{"rendered":"\n<div class=\"wp-block-cover has-background-dim\"><img fetchpriority=\"high\" decoding=\"async\" width=\"780\" height=\"439\" class=\"wp-block-cover__image-background wp-image-1965\" alt=\"\" src=\"http:\/\/www.respublica.org.al\/wp-content\/uploads\/2021\/10\/Liria-e-medias-foto-ilstr-780-780x439-2.jpg\" data-object-fit=\"cover\" srcset=\"https:\/\/www.respublica.org.al\/web\/wp-content\/uploads\/2021\/10\/Liria-e-medias-foto-ilstr-780-780x439-2.jpg 780w, https:\/\/www.respublica.org.al\/web\/wp-content\/uploads\/2021\/10\/Liria-e-medias-foto-ilstr-780-780x439-2-300x169.jpg 300w, https:\/\/www.respublica.org.al\/web\/wp-content\/uploads\/2021\/10\/Liria-e-medias-foto-ilstr-780-780x439-2-768x432.jpg 768w\" sizes=\"(max-width: 780px) 100vw, 780px\" \/><div class=\"wp-block-cover__inner-container is-layout-flow wp-block-cover-is-layout-flow\">\n<p class=\"has-large-font-size\"><\/p>\n<\/div><\/div>\n\n\n\n<p><strong>Rasti i Lapsi.al p\u00ebr t\u00eb cilin Gjykata e Strasburgut dha nj\u00eb mas\u00eb sigurie (e ndjekur nga avokat\u00ebt e Res Publica), p\u00ebrmendet si tregues i p\u00ebrkeq\u00ebsimit t\u00eb liris\u00eb s\u00eb medias<\/strong>.<\/p>\n\n\n\n<p>endimi i Gjykat\u00ebs Evropiane e t\u00eb Drejtave t\u00eb Njeriut p\u00ebr \u00e7\u00ebshtjen e p\u00ebrfaq\u00ebsuar nga qendra Res Publikua z\u00eb vend edhe n\u00eb raportin e progresit e Shqip\u00ebris\u00eb q\u00eb Bashkimi Evropian publikoi p\u00ebr vitin 2021.<\/p>\n\n\n\n<p>N\u00eb seksionin ku flitet p\u00ebr \u201cintimidimin e gazetar\u00ebve\u201d, \u00e7\u00ebshtja e ndjekur n\u00eb Gjykat\u00ebn e Strasburgut nga qendra Res Publika p\u00ebrmendet n\u00eb progres-raport si tregues i p\u00ebrkeq\u00ebsimit t\u00eb liris\u00eb s\u00eb fjal\u00ebs dhe mediave n\u00eb Shqip\u00ebri.<\/p>\n\n\n\n<p>Skandali i sekuestrimit t\u00eb pajisjeve elektronike t\u00eb Lapsi.al, p\u00ebr t\u00eb hetuar p\u00ebrdorimin e t\u00eb dh\u00ebnave personale gjat\u00eb zgjedhjeve u b\u00eb objekt shqyrtimi n\u00eb Gjykat\u00ebn e Strasburgut pasi aplikant\u00ebt Armand Shkullaku, Andi Bushati dhe Lapsi.al, t\u00eb p\u00ebrfaq\u00ebsuar nga avokat Dorian Matlija k\u00ebrkuan pezullimin e sekuestrimit.<\/p>\n\n\n\n<p>N\u00eb raport gjyqet e hapura ndaj gazetar\u00ebve dhe mediave kritike raportohen si shqet\u00ebsim serioz, ku deri n\u00eb gusht 2020, kishte m\u00eb shum\u00eb se 20 padi kund\u00ebr gazetar\u00ebve, kryesisht p\u00ebr shpifje.<\/p>\n\n\n\n<blockquote class=\"wp-block-quote is-layout-flow wp-block-quote-is-layout-flow\"><p>\u201c<em>Ka nj\u00eb num\u00ebr t\u00eb shtuar t\u00eb padive p\u00ebr shpifje ose padi strategjike kund\u00ebr pjes\u00ebmarrjes s\u00eb publikut kund\u00ebr mediave ose gazetar\u00ebve individual\u00eb, q\u00eb vijn\u00eb nga kompani dhe politikan\u00eb t\u00eb fuqish\u00ebm q\u00eb synojn\u00eb t\u00eb censurojn\u00eb dhe frik\u00ebsojn\u00eb mediat kritike\u201d.<\/em><\/p><\/blockquote>\n\n\n\n<p>\u201cN\u00eb Prill 2021, GJEDNJ l\u00ebshoi nj\u00eb vendim t\u00eb p\u00ebrkohsh\u00ebm q\u00eb vendos nj\u00eb mas\u00eb sigurie p\u00ebr t\u00eb parandaluar konfiskimin e server\u00ebve dhe t\u00eb dh\u00ebnave kompjuterike t\u00eb nj\u00eb media online, e cila kishte zbuluar nj\u00eb baz\u00eb t\u00eb dh\u00ebnash q\u00eb p\u00ebrmbante informacionin personal t\u00eb m\u00eb shum\u00eb se 910,000 votuesve n\u00eb rajonin elektoral t\u00eb Tiran\u00ebs. T\u00eb pyetur nga Zyra e Prokurorit Special Antikorrupsion (SPAK), dy pronar\u00ebt e portalit t\u00eb lajmeve Lapsi.al refuzuan t\u00eb ndajn\u00eb burimin e informacionit t\u00eb tyre dhe vet\u00eb baz\u00ebn e t\u00eb dh\u00ebnave me SPAK. Pas vendimit t\u00eb p\u00ebrkohsh\u00ebm t\u00eb GJEDNJ, n\u00eb maj 2021, Gjykata Speciale e Apelit shfuqizoi nj\u00eb vendim gjykate t\u00eb shkall\u00ebs s\u00eb par\u00eb p\u00ebr konfiskimin e server\u00ebve, kompjuter\u00ebve dhe telefonave t\u00eb gazetar\u00ebve t\u00eb Lapsi.al\u201d \u2013 thuhet n\u00eb raport.<\/p>\n\n\n\n<p>Shqet\u00ebsues konsiderohet edhe presioni politik, p\u00ebrdorimi e gjuh\u00ebs frik\u00ebsuese, k\u00ebrc\u00ebnimet dhe dhuna kund\u00ebr gazetar\u00ebve. N\u00eb periudh\u00ebn e raportimit u pa gjithashtu nj\u00eb num\u00ebr i shtuar i padive p\u00ebr shpifje ose padi strategjike kund\u00ebr pjes\u00ebmarrjes publike ndaj mediave ose gazetar\u00ebve individual\u00eb, q\u00eb vijn\u00eb nga kompani dhe politikan\u00eb t\u00eb fuqish\u00ebm q\u00eb synojn\u00eb t\u00eb censurojn\u00eb dhe frik\u00ebsojn\u00eb mediat kritike.<\/p>\n\n\n\n<p>Me kriz\u00ebn e pandemis\u00eb COVID-19, n\u00eb raport theksohet se tensionet midis aktor\u00ebve politik\u00eb dhe gazetar\u00ebve jan\u00eb rritur ndjesh\u00ebm dhe se atmosfera e sulmeve verbale dhe fushatave shpif\u00ebse nuk \u00ebsht\u00eb p\u00ebrmir\u00ebsuar.<\/p>\n\n\n\n<p>\u201cAtmosfera e sulmeve verbale, fushatave shpif\u00ebse dhe akteve t\u00eb frik\u00ebsimit ndaj gazetar\u00ebve nuk \u00ebsht\u00eb p\u00ebrmir\u00ebsuar. Tensionet midis aktor\u00ebve politik\u00eb dhe gazetar\u00ebve jan\u00eb rritur gjat\u00eb kriz\u00ebs COVID-19 dhe n\u00eb kontekstin e zgjedhjeve parlamentare. Sulmet e raportuara kund\u00ebr gazetar\u00ebve nuk kan\u00eb rezultuar n\u00eb asnj\u00eb d\u00ebnim p\u00ebrfundimtar\u201d- vijon raporti.<\/p>\n\n\n\n<p>Projekt-ligji i qeveris\u00eb p\u00ebr paket\u00ebn \u201canti-shpifje\u201d p\u00ebr median on-line \u00ebsht\u00eb nj\u00eb tjet\u00ebr shqet\u00ebsim i ngritur n\u00eb Progres Raport.<\/p>\n\n\n\n<p>Qeveris\u00eb i \u00ebsht\u00eb l\u00ebn\u00eb detyr\u00eb, jo vet\u00ebm t\u00eb marr\u00eb n\u00eb konsiderat\u00eb opinionet e Komisionit t\u00eb Venecias, por edhe dhe t\u00eb organizoj\u00eb konsultimet e duhura p\u00ebr miratimin e tij.<\/p>\n\n\n\n<p>\u201cParlamenti dhe qeveria duhet t\u00eb respektojn\u00eb angazhimin p\u00ebr t\u00eb siguruar q\u00eb \u00e7do ndryshim i mundsh\u00ebm n\u00eb ligjin p\u00ebr mediat t\u00eb jet\u00eb n\u00eb p\u00ebrputhje me Opinionin e Komisionit t\u00eb Venecias dhe t\u00eb paraqitet n\u00eb konsultimet e duhura\u201d, thuhet n\u00eb raportin e progresit q\u00eb Bashkimi Evropian publikoi p\u00ebr Shqip\u00ebrin\u00eb p\u00ebr vitin 2021.<\/p>\n","protected":false},"excerpt":{"rendered":"<p>Rasti i Lapsi.al p\u00ebr t\u00eb cilin Gjykata e Strasburgut dha nj\u00eb mas\u00eb sigurie (e ndjekur nga avokat\u00ebt e Res Publica), [&hellip;]<\/p>\n","protected":false},"author":2,"featured_media":1965,"comment_status":"open","ping_status":"open","sticky":true,"template":"","format":"standard","meta":{"site-sidebar-layout":"default","site-content-layout":"","ast-site-content-layout":"","site-content-style":"default","site-sidebar-style":"default","ast-global-header-display":"","ast-banner-title-visibility":"","ast-main-header-display":"","ast-hfb-above-header-display":"","ast-hfb-below-header-display":"","ast-hfb-mobile-header-display":"","site-post-title":"","ast-breadcrumbs-content":"","ast-featured-img":"","footer-sml-layout":"","theme-transparent-header-meta":"","adv-header-id-meta":"","stick-header-meta":"","header-above-stick-meta":"","header-main-stick-meta":"","header-below-stick-meta":"","astra-migrate-meta-layouts":"default","ast-page-background-enabled":"default","ast-page-background-meta":{"desktop":{"background-color":"var(--ast-global-color-4)","background-image":"","background-repeat":"repeat","background-position":"center center","background-size":"auto","background-attachment":"scroll","background-type":"","background-media":"","overlay-type":"","overlay-color":"","overlay-gradient":""},"tablet":{"background-color":"","background-image":"","background-repeat":"repeat","background-position":"center center","background-size":"auto","background-attachment":"scroll","background-type":"","background-media":"","overlay-type":"","overlay-color":"","overlay-gradient":""},"mobile":{"background-color":"","background-image":"","background-repeat":"repeat","background-position":"center center","background-size":"auto","background-attachment":"scroll","background-type":"","background-media":"","overlay-type":"","overlay-color":"","overlay-gradient":""}},"ast-content-background-meta":{"desktop":{"background-color":"var(--ast-global-color-5)","background-image":"","background-repeat":"repeat","background-position":"center center","background-size":"auto","background-attachment":"scroll","background-type":"","background-media":"","overlay-type":"","overlay-color":"","overlay-gradient":""},"tablet":{"background-color":"var(--ast-global-color-5)","background-image":"","background-repeat":"repeat","background-position":"center center","background-size":"auto","background-attachment":"scroll","background-type":"","background-media":"","overlay-type":"","overlay-color":"","overlay-gradient":""},"mobile":{"background-color":"var(--ast-global-color-5)","background-image":"","background-repeat":"repeat","background-position":"center center","background-size":"auto","background-attachment":"scroll","background-type":"","background-media":"","overlay-type":"","overlay-color":"","overlay-gradient":""}},"footnotes":""},"categories":[6],"tags":[],"_links":{"self":[{"href":"https:\/\/www.respublica.org.al\/web\/index.php?rest_route=\/wp\/v2\/posts\/2022"}],"collection":[{"href":"https:\/\/www.respublica.org.al\/web\/index.php?rest_route=\/wp\/v2\/posts"}],"about":[{"href":"https:\/\/www.respublica.org.al\/web\/index.php?rest_route=\/wp\/v2\/types\/post"}],"author":[{"embeddable":true,"href":"https:\/\/www.respublica.org.al\/web\/index.php?rest_route=\/wp\/v2\/users\/2"}],"replies":[{"embeddable":true,"href":"https:\/\/www.respublica.org.al\/web\/index.php?rest_route=%2Fwp%2Fv2%2Fcomments&post=2022"}],"version-history":[{"count":2,"href":"https:\/\/www.respublica.org.al\/web\/index.php?rest_route=\/wp\/v2\/posts\/2022\/revisions"}],"predecessor-version":[{"id":2024,"href":"https:\/\/www.respublica.org.al\/web\/index.php?rest_route=\/wp\/v2\/posts\/2022\/revisions\/2024"}],"wp:featuredmedia":[{"embeddable":true,"href":"https:\/\/www.respublica.org.al\/web\/index.php?rest_route=\/wp\/v2\/media\/1965"}],"wp:attachment":[{"href":"https:\/\/www.respublica.org.al\/web\/index.php?rest_route=%2Fwp%2Fv2%2Fmedia&parent=2022"}],"wp:term":[{"taxonomy":"category","embeddable":true,"href":"https:\/\/www.respublica.org.al\/web\/index.php?rest_route=%2Fwp%2Fv2%2Fcategories&post=2022"},{"taxonomy":"post_tag","embeddable":true,"href":"https:\/\/www.respublica.org.al\/web\/index.php?rest_route=%2Fwp%2Fv2%2Ftags&post=2022"}],"curies":[{"name":"wp","href":"https:\/\/api.w.org\/{rel}","templated":true}]}}