{"id":2026,"date":"2021-10-28T10:55:11","date_gmt":"2021-10-28T08:55:11","guid":{"rendered":"http:\/\/www.respublica.org.al\/?p=2026"},"modified":"2021-10-28T11:00:09","modified_gmt":"2021-10-28T09:00:09","slug":"dosja-gerdeci-spak-merr-nen-hetim-ish-ministrin-fatmir-mediu","status":"publish","type":"post","link":"https:\/\/www.respublica.org.al\/web\/?p=2026","title":{"rendered":"Dosja &#8220;G\u00ebrdeci&#8221;, SPAK merr n\u00ebn hetim ish- Ministrin Fatmir Mediu"},"content":{"rendered":"\n<div class=\"wp-block-cover aligncenter has-background-dim\"><img fetchpriority=\"high\" decoding=\"async\" width=\"308\" height=\"270\" class=\"wp-block-cover__image-background wp-image-1850\" alt=\"\" src=\"http:\/\/www.respublica.org.al\/wp-content\/uploads\/2021\/05\/Fatmir-Mediu.png\" data-object-fit=\"cover\" srcset=\"https:\/\/www.respublica.org.al\/web\/wp-content\/uploads\/2021\/05\/Fatmir-Mediu.png 308w, https:\/\/www.respublica.org.al\/web\/wp-content\/uploads\/2021\/05\/Fatmir-Mediu-300x263.png 300w\" sizes=\"(max-width: 308px) 100vw, 308px\" \/><div class=\"wp-block-cover__inner-container is-layout-flow wp-block-cover-is-layout-flow\">\n<p class=\"has-text-align-center has-large-font-size\"><\/p>\n<\/div><\/div>\n\n\n\n<blockquote class=\"wp-block-quote is-layout-flow wp-block-quote-is-layout-flow\"><p><em>Familja Durdaj nuk ka reshtur s\u00eb k\u00ebrkuari hetimin  dhe gjykimin e ish ministrit, i cili \u00ebsht\u00eb personi i vet\u00ebm q\u00eb u akuzua dhe nuk \u00ebsht\u00eb gjykuar p\u00ebr rolin e tij n\u00eb demontimin e arm\u00ebve n\u00eb G\u00ebrdec<\/em>.<\/p><\/blockquote>\n\n\n\n<p>Prokuroria e Posa\u00e7me Kund\u00ebr Korrupsionit dhe Krimit t\u00eb Organizuar, ka njoftuar sot se ka rihapur hetimet duke regjistruar procedim penal ndaj ish-ministrit Fatmir Mediu, p\u00ebr veprat penale: \u201cShp\u00ebrdorim i detyr\u00ebs\u201d, kryer n\u00eb bashk\u00ebpunim, si dhe \u201cshp\u00ebrdorim i detyr\u00ebs\u201d n\u00eb bashk\u00ebpunim me subjekt ushtarak, kuad\u00ebr komandues.<\/p>\n\n\n\n<p>&#8220;Prokuroria, pasi ka t\u00ebrhequr nga Gjykata e Lart\u00eb aktet e dosjes penale n\u00eb ngarkim t\u00eb z. Fatmir Mediu, ka regjistruar procedim penal p\u00ebr veprat penale: \u201cShp\u00ebrdorim i detyr\u00ebs\u201d, kryer n\u00eb bashk\u00ebpunim, si dhe \u201cshp\u00ebrdorim i detyr\u00ebs\u201d n\u00eb bashk\u00ebpunim me subjekt ushtarak, kuad\u00ebr komandues,n\u00eb ngarkim t\u00eb t\u00eb pandehurit Fatmir Mediu&#8221;-thuhet n\u00eb njoftimin zyrtar t\u00eb SPAK.<\/p>\n\n\n\n<p>L\u00ebvizja e SPAK vjen pasi Gjykata e Posa\u00e7me e Apelit, GJKKO, n\u00eb dat\u00ebn 24 shtator 2021 ka rikthyer p\u00ebr hetim n\u00eb SPAK dosjen e \u2018G\u00ebrdecit\u2019.<\/p>\n\n\n\n<p>Gjykata e Posa\u00e7me e Apelit p\u00ebr Korrupsionin dhe Krimin e Organizuar vendosi t\u00eb revokimin e pushimit t\u00eb gjykimit ndaj ish Ministrit t\u00eb Mbrojtjes Fatmir Mediu, p\u00ebr t\u2019i hapur rrug\u00eb hetimit mbi rolin e tij n\u00eb nd\u00ebrtimin dhe funksionimin e fabrik\u00ebs s\u00eb demontimit t\u00eb arm\u00ebve ku humben jet\u00ebn 26 shtetas dhe u plagos\u00ebn qindra t\u00eb tjer\u00eb.<\/p>\n\n\n\n<p>N\u00eb vendimin e Apelit t\u00eb GJKKO-s\u00eb thuhet se \u00e7\u00ebshtja nuk \u00ebsht\u00eb gjykuar dhe se heqja e imunitetit t\u00eb Mediut i hap rrug\u00eb procesit p\u00ebr rihetim.<\/p>\n\n\n\n<p>\u201cNuk \u00ebsht\u00eb gj\u00eb e gjykuar. Afatet e parashkrimit jan\u00eb respektuar se \u00ebsht\u00eb marr\u00eb i pandehur q\u00eb n\u00eb vitin 2009. Pengesa e imunitetit ishte p\u00ebrkohshme. R\u00ebnia e kushtit p\u00ebr pasur imunitet konsiderohet fakt i ri q\u00eb hap rrug\u00ebn e gjykimit\u201d, thuhet nd\u00ebr t\u00eb tjera n\u00eb vendimin e Gjykat\u00ebs.<\/p>\n\n\n\n<p>Prokuroria e Posa\u00e7me kund\u00ebr Korrupsionit dhe Krimit t\u00eb Organizuar u vu n\u00eb l\u00ebvizje pas k\u00ebrkes\u00ebs s\u00eb b\u00ebr\u00eb nga Feruzan Durdaj dhe Zamira Durdaj, prind\u00ebrit e 7 vje\u00e7arit Erison Durdaj q\u00eb humbi jet\u00ebn tragjikisht nga shp\u00ebrthimi i fabrik\u00ebs s\u00eb demontimit t\u00eb arm\u00ebve n\u00eb G\u00ebrdec, n\u00eb pranver\u00ebn e 2008.<\/p>\n\n\n\n<p>Familja Durdaj k\u00ebrkoi n\u00eb shkurt t\u00eb vitit 2021 heqjen e penges\u00ebs p\u00ebr gjykimin ish ministrit, i cili \u00ebsht\u00eb personi i vet\u00ebm q\u00eb u akuzua dhe nuk \u00ebsht\u00eb gjykuar p\u00ebr rolin e tij n\u00eb demontimin e arm\u00ebve n\u00eb G\u00ebrdec.<\/p>\n\n\n\n<p>.<\/p>\n","protected":false},"excerpt":{"rendered":"<p>Familja Durdaj nuk ka reshtur s\u00eb k\u00ebrkuari hetimin dhe gjykimin e ish ministrit, i cili \u00ebsht\u00eb personi i vet\u00ebm q\u00eb [&hellip;]<\/p>\n","protected":false},"author":2,"featured_media":1850,"comment_status":"open","ping_status":"open","sticky":true,"template":"","format":"standard","meta":{"site-sidebar-layout":"default","site-content-layout":"","ast-site-content-layout":"","site-content-style":"default","site-sidebar-style":"default","ast-global-header-display":"","ast-banner-title-visibility":"","ast-main-header-display":"","ast-hfb-above-header-display":"","ast-hfb-below-header-display":"","ast-hfb-mobile-header-display":"","site-post-title":"","ast-breadcrumbs-content":"","ast-featured-img":"","footer-sml-layout":"","theme-transparent-header-meta":"","adv-header-id-meta":"","stick-header-meta":"","header-above-stick-meta":"","header-main-stick-meta":"","header-below-stick-meta":"","astra-migrate-meta-layouts":"default","ast-page-background-enabled":"default","ast-page-background-meta":{"desktop":{"background-color":"var(--ast-global-color-4)","background-image":"","background-repeat":"repeat","background-position":"center center","background-size":"auto","background-attachment":"scroll","background-type":"","background-media":"","overlay-type":"","overlay-color":"","overlay-gradient":""},"tablet":{"background-color":"","background-image":"","background-repeat":"repeat","background-position":"center center","background-size":"auto","background-attachment":"scroll","background-type":"","background-media":"","overlay-type":"","overlay-color":"","overlay-gradient":""},"mobile":{"background-color":"","background-image":"","background-repeat":"repeat","background-position":"center center","background-size":"auto","background-attachment":"scroll","background-type":"","background-media":"","overlay-type":"","overlay-color":"","overlay-gradient":""}},"ast-content-background-meta":{"desktop":{"background-color":"var(--ast-global-color-5)","background-image":"","background-repeat":"repeat","background-position":"center center","background-size":"auto","background-attachment":"scroll","background-type":"","background-media":"","overlay-type":"","overlay-color":"","overlay-gradient":""},"tablet":{"background-color":"var(--ast-global-color-5)","background-image":"","background-repeat":"repeat","background-position":"center center","background-size":"auto","background-attachment":"scroll","background-type":"","background-media":"","overlay-type":"","overlay-color":"","overlay-gradient":""},"mobile":{"background-color":"var(--ast-global-color-5)","background-image":"","background-repeat":"repeat","background-position":"center center","background-size":"auto","background-attachment":"scroll","background-type":"","background-media":"","overlay-type":"","overlay-color":"","overlay-gradient":""}},"footnotes":""},"categories":[6],"tags":[],"_links":{"self":[{"href":"https:\/\/www.respublica.org.al\/web\/index.php?rest_route=\/wp\/v2\/posts\/2026"}],"collection":[{"href":"https:\/\/www.respublica.org.al\/web\/index.php?rest_route=\/wp\/v2\/posts"}],"about":[{"href":"https:\/\/www.respublica.org.al\/web\/index.php?rest_route=\/wp\/v2\/types\/post"}],"author":[{"embeddable":true,"href":"https:\/\/www.respublica.org.al\/web\/index.php?rest_route=\/wp\/v2\/users\/2"}],"replies":[{"embeddable":true,"href":"https:\/\/www.respublica.org.al\/web\/index.php?rest_route=%2Fwp%2Fv2%2Fcomments&post=2026"}],"version-history":[{"count":2,"href":"https:\/\/www.respublica.org.al\/web\/index.php?rest_route=\/wp\/v2\/posts\/2026\/revisions"}],"predecessor-version":[{"id":2028,"href":"https:\/\/www.respublica.org.al\/web\/index.php?rest_route=\/wp\/v2\/posts\/2026\/revisions\/2028"}],"wp:featuredmedia":[{"embeddable":true,"href":"https:\/\/www.respublica.org.al\/web\/index.php?rest_route=\/wp\/v2\/media\/1850"}],"wp:attachment":[{"href":"https:\/\/www.respublica.org.al\/web\/index.php?rest_route=%2Fwp%2Fv2%2Fmedia&parent=2026"}],"wp:term":[{"taxonomy":"category","embeddable":true,"href":"https:\/\/www.respublica.org.al\/web\/index.php?rest_route=%2Fwp%2Fv2%2Fcategories&post=2026"},{"taxonomy":"post_tag","embeddable":true,"href":"https:\/\/www.respublica.org.al\/web\/index.php?rest_route=%2Fwp%2Fv2%2Ftags&post=2026"}],"curies":[{"name":"wp","href":"https:\/\/api.w.org\/{rel}","templated":true}]}}