{"id":2037,"date":"2021-12-17T14:08:00","date_gmt":"2021-12-17T13:08:00","guid":{"rendered":"http:\/\/www.respublica.org.al\/?p=2037"},"modified":"2021-12-19T22:26:56","modified_gmt":"2021-12-19T21:26:56","slug":"28-rekomandime-per-pershpejtimin-e-trajtimit-te-dosjeve-ne-gjykate-e-larte","status":"publish","type":"post","link":"https:\/\/www.respublica.org.al\/web\/?p=2037","title":{"rendered":"28 Rekomandime p\u00ebr p\u00ebrshpejtimin e trajtimit t\u00eb dosjeve n\u00eb Gjykat\u00eb e Lart\u00eb"},"content":{"rendered":"\n<figure class=\"wp-block-image size-large is-style-default\"><a href=\"http:\/\/www.respublica.org.al\/wp-content\/uploads\/2021\/12\/kopertina-28-rekomandime-GJL.jpg\"><img fetchpriority=\"high\" decoding=\"async\" width=\"1024\" height=\"597\" src=\"http:\/\/www.respublica.org.al\/wp-content\/uploads\/2021\/12\/kopertina-28-rekomandime-GJL-1024x597.jpg\" alt=\"\" class=\"wp-image-2035\" srcset=\"https:\/\/www.respublica.org.al\/web\/wp-content\/uploads\/2021\/12\/kopertina-28-rekomandime-GJL-1024x597.jpg 1024w, https:\/\/www.respublica.org.al\/web\/wp-content\/uploads\/2021\/12\/kopertina-28-rekomandime-GJL-300x175.jpg 300w, https:\/\/www.respublica.org.al\/web\/wp-content\/uploads\/2021\/12\/kopertina-28-rekomandime-GJL-768x448.jpg 768w, https:\/\/www.respublica.org.al\/web\/wp-content\/uploads\/2021\/12\/kopertina-28-rekomandime-GJL-800x467.jpg 800w, https:\/\/www.respublica.org.al\/web\/wp-content\/uploads\/2021\/12\/kopertina-28-rekomandime-GJL.jpg 1075w\" sizes=\"(max-width: 1024px) 100vw, 1024px\" \/><\/a><\/figure>\n\n\n\n<p>Res Publica ka ngritur her\u00ebt, q\u00eb p\u00ebrpara miratimit t\u00eb nismave ligjore t\u00eb Reform\u00ebs n\u00eb Drejt\u00ebsi, shqet\u00ebsimin p\u00ebr efektet negative q\u00eb do t\u00eb sillte kjo reform\u00eb, ku nj\u00eb prej shqet\u00ebsimeve do t\u00eb ishte zvarritja e gjykimeve p\u00ebr shkak t\u00eb zvog\u00eblimit t\u00eb trupave gjyq\u00ebsore, si pasoj\u00eb e procesit t\u00eb vetingut.<\/p>\n\n\n\n<p>N\u00eb praktik\u00eb, p\u00ebr nj\u00eb koh\u00eb t\u00eb gjat\u00eb Gjykata e Lart\u00eb mbeti pa asnj\u00eb trup\u00eb gjyq\u00ebsore efektive, pa shqyrtuar asnj\u00eb dosje gjyq\u00ebsore, nd\u00ebrsa sot ende \u00ebsht\u00eb larg plot\u00ebsimit t\u00eb t\u00eb gjitha trupave. Akumulimi i m\u00ebhersh\u00ebm, si dhe p\u00ebr rrjedhoj\u00eb t\u00eb situat\u00ebs pas reform\u00ebs, u akumuluan mbi 30 mij\u00eb dosje gjyq\u00ebsore, n\u00eb pritje p\u00ebr gjykim.<\/p>\n\n\n\n<p>Reforma n\u00eb drejt\u00ebsi, si \u00e7do vendimmarrje publike, ka nevoj\u00eb p\u00ebr nj\u00eb kritik\u00eb t\u00eb mir\u00ebfillt\u00eb. Por gjithashtu, nj\u00eb kritik\u00eb b\u00ebhet m\u00eb e mir\u00eb n\u00ebse shoq\u00ebrohet edhe me rekomandime konkrete p\u00ebr zgjidhet alternative. P\u00ebr k\u00ebt\u00eb arsye Res publica k\u00ebrkoi mb\u00ebshtetje &nbsp;n\u00eb shum\u00eb drejtime dhe u prit pozitivisht, duke u mb\u00ebshtetur financiarisht nga Fondacioni Shoq\u00ebria e Hapur p\u00ebr Shqip\u00ebrin\u00eb, p\u00ebr t\u00eb mund\u00ebsuar hartimin e k\u00ebtij dokumenti me 28 rekomandime konkrete. <\/p>\n\n\n\n<p>Nj\u00eb kopje t\u00eb raportit <a href=\"http:\/\/www.respublica.org.al\/wp-content\/uploads\/2021\/12\/28-Rekomandime-per-evadimin-e-dosjeve-nga-Gjykata-e-Larte.pdf\"><strong>mund ta shkarkoni duke klikuar k\u00ebtu<\/strong><\/a>.<\/p>\n\n\n\n<p>Duke u konsultuar edhe me avokat\u00eb apo OJF vendase, ne jemi p\u00ebrpjekur t\u00eb vler\u00ebsojm\u00eb shkaqet q\u00eb kan\u00eb krijuar k\u00ebt\u00eb anomali, praktikat e mira t\u00eb vendeve t\u00eb cilat jan\u00eb p\u00ebrballur me nj\u00eb problematik\u00eb t\u00eb ngjashme, p\u00ebrfshir\u00eb edhe&nbsp; vet\u00eb Gjykat\u00ebn Evropiane p\u00ebr t\u00eb Drejtat e Njeriut, p\u00ebr t\u00eb arritur te rekomandimet, pa u kufizuar vet\u00ebm n\u00eb masa administrative, por duke k\u00ebrkuar edhe masa legjislative p\u00ebr adresimin e problemit.<\/p>\n\n\n\n<p>Ky dokument pritet t\u2019i dor\u00ebzohet dit\u00ebn e h\u00ebn\u00eb, m\u00eb 20 Dhjetor 2021, K\u00ebshillit t\u00eb Lart\u00eb Gjyq\u00ebsor, Gjykat\u00ebs s\u00eb Lart\u00eb, Ministris\u00eb s\u00eb Drejt\u00ebsis\u00eb, si dhe institucioneve t\u00eb tjer\u00eb q\u00eb mund t\u00eb luajn\u00eb nj\u00eb rol n\u00eb p\u00ebrmir\u00ebsimin e gjendjes. <\/p>\n","protected":false},"excerpt":{"rendered":"<p>Res Publica ka ngritur her\u00ebt, q\u00eb p\u00ebrpara miratimit t\u00eb nismave ligjore t\u00eb Reform\u00ebs n\u00eb Drejt\u00ebsi, shqet\u00ebsimin p\u00ebr efektet negative q\u00eb [&hellip;]<\/p>\n","protected":false},"author":2,"featured_media":2035,"comment_status":"open","ping_status":"open","sticky":false,"template":"","format":"standard","meta":{"site-sidebar-layout":"default","site-content-layout":"","ast-site-content-layout":"","site-content-style":"default","site-sidebar-style":"default","ast-global-header-display":"","ast-banner-title-visibility":"","ast-main-header-display":"","ast-hfb-above-header-display":"","ast-hfb-below-header-display":"","ast-hfb-mobile-header-display":"","site-post-title":"","ast-breadcrumbs-content":"","ast-featured-img":"","footer-sml-layout":"","theme-transparent-header-meta":"","adv-header-id-meta":"","stick-header-meta":"","header-above-stick-meta":"","header-main-stick-meta":"","header-below-stick-meta":"","astra-migrate-meta-layouts":"default","ast-page-background-enabled":"default","ast-page-background-meta":{"desktop":{"background-color":"var(--ast-global-color-4)","background-image":"","background-repeat":"repeat","background-position":"center center","background-size":"auto","background-attachment":"scroll","background-type":"","background-media":"","overlay-type":"","overlay-color":"","overlay-gradient":""},"tablet":{"background-color":"","background-image":"","background-repeat":"repeat","background-position":"center center","background-size":"auto","background-attachment":"scroll","background-type":"","background-media":"","overlay-type":"","overlay-color":"","overlay-gradient":""},"mobile":{"background-color":"","background-image":"","background-repeat":"repeat","background-position":"center center","background-size":"auto","background-attachment":"scroll","background-type":"","background-media":"","overlay-type":"","overlay-color":"","overlay-gradient":""}},"ast-content-background-meta":{"desktop":{"background-color":"var(--ast-global-color-5)","background-image":"","background-repeat":"repeat","background-position":"center center","background-size":"auto","background-attachment":"scroll","background-type":"","background-media":"","overlay-type":"","overlay-color":"","overlay-gradient":""},"tablet":{"background-color":"var(--ast-global-color-5)","background-image":"","background-repeat":"repeat","background-position":"center center","background-size":"auto","background-attachment":"scroll","background-type":"","background-media":"","overlay-type":"","overlay-color":"","overlay-gradient":""},"mobile":{"background-color":"var(--ast-global-color-5)","background-image":"","background-repeat":"repeat","background-position":"center center","background-size":"auto","background-attachment":"scroll","background-type":"","background-media":"","overlay-type":"","overlay-color":"","overlay-gradient":""}},"footnotes":""},"categories":[6,5,1,9],"tags":[],"_links":{"self":[{"href":"https:\/\/www.respublica.org.al\/web\/index.php?rest_route=\/wp\/v2\/posts\/2037"}],"collection":[{"href":"https:\/\/www.respublica.org.al\/web\/index.php?rest_route=\/wp\/v2\/posts"}],"about":[{"href":"https:\/\/www.respublica.org.al\/web\/index.php?rest_route=\/wp\/v2\/types\/post"}],"author":[{"embeddable":true,"href":"https:\/\/www.respublica.org.al\/web\/index.php?rest_route=\/wp\/v2\/users\/2"}],"replies":[{"embeddable":true,"href":"https:\/\/www.respublica.org.al\/web\/index.php?rest_route=%2Fwp%2Fv2%2Fcomments&post=2037"}],"version-history":[{"count":3,"href":"https:\/\/www.respublica.org.al\/web\/index.php?rest_route=\/wp\/v2\/posts\/2037\/revisions"}],"predecessor-version":[{"id":2040,"href":"https:\/\/www.respublica.org.al\/web\/index.php?rest_route=\/wp\/v2\/posts\/2037\/revisions\/2040"}],"wp:featuredmedia":[{"embeddable":true,"href":"https:\/\/www.respublica.org.al\/web\/index.php?rest_route=\/wp\/v2\/media\/2035"}],"wp:attachment":[{"href":"https:\/\/www.respublica.org.al\/web\/index.php?rest_route=%2Fwp%2Fv2%2Fmedia&parent=2037"}],"wp:term":[{"taxonomy":"category","embeddable":true,"href":"https:\/\/www.respublica.org.al\/web\/index.php?rest_route=%2Fwp%2Fv2%2Fcategories&post=2037"},{"taxonomy":"post_tag","embeddable":true,"href":"https:\/\/www.respublica.org.al\/web\/index.php?rest_route=%2Fwp%2Fv2%2Ftags&post=2037"}],"curies":[{"name":"wp","href":"https:\/\/api.w.org\/{rel}","templated":true}]}}