{"id":2041,"date":"2021-12-20T13:12:50","date_gmt":"2021-12-20T12:12:50","guid":{"rendered":"http:\/\/www.respublica.org.al\/?p=2041"},"modified":"2021-12-20T13:12:50","modified_gmt":"2021-12-20T12:12:50","slug":"gazetaret-te-pambrojtur-dhe-kufizimet-e-lirise-se-shtypit-ne-nje-tryeze-me-be-ne","status":"publish","type":"post","link":"https:\/\/www.respublica.org.al\/web\/?p=2041","title":{"rendered":"Gazetar\u00ebt t\u00eb pambrojtur dhe kufizimet e liris\u00eb s\u00eb shtypit, n\u00eb nj\u00eb tryez\u00eb me BE-n\u00eb"},"content":{"rendered":"\n<figure class=\"wp-block-image size-large\"><a href=\"http:\/\/www.respublica.org.al\/wp-content\/uploads\/2021\/12\/Aktiviteti1.jpeg\"><img fetchpriority=\"high\" decoding=\"async\" width=\"1024\" height=\"604\" src=\"http:\/\/www.respublica.org.al\/wp-content\/uploads\/2021\/12\/Aktiviteti1-1024x604.jpeg\" alt=\"\" class=\"wp-image-2043\" srcset=\"https:\/\/www.respublica.org.al\/web\/wp-content\/uploads\/2021\/12\/Aktiviteti1-1024x604.jpeg 1024w, https:\/\/www.respublica.org.al\/web\/wp-content\/uploads\/2021\/12\/Aktiviteti1-300x177.jpeg 300w, https:\/\/www.respublica.org.al\/web\/wp-content\/uploads\/2021\/12\/Aktiviteti1-768x453.jpeg 768w, https:\/\/www.respublica.org.al\/web\/wp-content\/uploads\/2021\/12\/Aktiviteti1-800x472.jpeg 800w, https:\/\/www.respublica.org.al\/web\/wp-content\/uploads\/2021\/12\/Aktiviteti1.jpeg 1279w\" sizes=\"(max-width: 1024px) 100vw, 1024px\" \/><\/a><\/figure>\n\n\n\n<blockquote class=\"wp-block-quote is-layout-flow wp-block-quote-is-layout-flow\"><p>Qendra Res Publica organizoi  s\u00eb bashku me K\u00ebshillin e Europ\u00ebs dhe Bashkimin Europian, nj\u00eb diskutim publik mbi Sigurin\u00eb dhe mbrojtjen e gazetar\u00ebve shqiptar\u00eb.<\/p><\/blockquote>\n\n\n\n<p>N\u00eb Tiran\u00eb, p\u00ebrfaq\u00ebsues t\u00eb gazetar\u00ebve diskutuan sot n\u00eb nj\u00eb tryez\u00eb me diplomat\u00eb t\u00eb Bashkimit Europian mbi rreziqet dhe presionet n\u00eb pun\u00ebn e tyre.<\/p>\n\n\n\n<p>Gazetar\u00ebt pohuan se jan\u00eb t\u00eb pambrojtur gjat\u00eb veprimtaris\u00eb s\u00eb tyre dhe se kufizimet e shumta prej autoriteteve nxitin auto-censur\u00ebn.<\/p>\n\n\n\n<p>Komisioni Europian theksoi n\u00eb raportin vjetor se n\u00eb Shqip\u00ebri ekzistojn\u00eb ende sulmet verbale, fushatat shpif\u00ebse dhe k\u00ebrc\u00ebnimet kund\u00ebr gazetar\u00ebve.<\/p>\n\n\n\n<p>Qendra Res Publica organizoi sot, s\u00eb bashku me K\u00ebshillin e Europ\u00ebs dhe Bashkimin Europian, nj\u00eb diskutim publik mbi Sigurin\u00eb dhe mbrojtjen e gazetar\u00ebve shqiptar\u00eb.<\/p>\n\n\n\n<p>N\u00eb tryez\u00ebn e rrumbullak\u00ebt mor\u00ebn pjes\u00eb gazetar\u00eb, gjyqtar\u00eb, diplomat\u00eb dhe p\u00ebrfaq\u00ebsues nga organizatat e shoq\u00ebris\u00eb civile, p\u00ebr t\u00eb diskutuar sfidat kryesore n\u00eb p\u00ebrpjekjet p\u00ebr t\u00eb mbrojtur gazetar\u00ebt shqiptar\u00eb n\u00eb pun\u00ebn e tyre.<\/p>\n\n\n\n<p>P\u00ebrfaq\u00ebsuesja e Qendr\u00ebs Europiane p\u00ebr Liri t\u00eb Medias dhe Shtypit, me qend\u00ebr n\u00eb Lajpcig t\u00eb Gjermanis\u00eb, Flutura Kusari, thot\u00eb se gjendja e gazetar\u00ebve n\u00eb Shqip\u00ebri \u00ebsht\u00eb v\u00ebrtet e keqe dhe nj\u00eb nga m\u00eb t\u00eb r\u00ebndat n\u00eb Europ\u00eb.<\/p>\n\n\n\n<p>\u201cArsyeja pse ne vazhdojm\u00eb ta p\u00ebrs\u00ebritim se gjendja \u00ebsht\u00eb e keqe, \u00ebsht\u00eb p\u00ebr shkak se nuk ka vullnet politik p\u00ebr t\u2019u p\u00ebrmir\u00ebsuar situate e gazetar\u00ebve. Po flasim n\u00eb nj\u00eb shtet si Shqip\u00ebria, ku gazetar\u00ebt nuk jan\u00eb t\u00eb lir\u00eb q\u00eb t\u00eb raportojn\u00eb. Shumica e gazetar\u00ebve, me ndonj\u00eb p\u00ebrjashtim t\u00eb vog\u00ebl, nuk kan\u00eb t\u00eb drejt\u00eb t\u00eb vendosin se \u00e7far\u00eb \u00ebsht\u00eb n\u00eb interes t\u00eb publikut dhe \u00e7far\u00eb jo. Pra, ata kan\u00eb nj\u00eb vet\u00ebcensur\u00eb p\u00ebr shkak t\u00eb kushteve n\u00eb t\u00eb cilat jetojn\u00eb. Gazetar\u00ebt jo vet\u00ebm q\u00eb nuk kan\u00eb kontrata, por edhe ata q\u00eb kan\u00eb, nuk kan\u00eb qasje n\u00eb ato kontrata. Paguhen cash, nuk kan\u00eb qasje n\u00eb informacione dhe kan\u00eb nj\u00eb mbyllje hermetike t\u00eb institucioneve. N\u00eb takime si sot ne e dokumentojm\u00eb se \u00e7far\u00eb po ndodh, por p\u00ebr aq koh\u00eb sa nuk ka vullnet politik nga Partia Socialiste n\u00eb k\u00ebt\u00eb rast q\u00eb t\u00eb p\u00ebrmir\u00ebsohet situata, do t\u00eb vazhdojm\u00eb t\u00eb kemi nj\u00eb situat\u00eb t\u00eb r\u00ebnduar dhe nj\u00eb nga m\u00eb problematiket n\u00eb kontinentin e Europ\u00ebs. Jo m\u00eb keq se Turqia, Polonia, Azerbajxhani, por \u00ebsht\u00eb jasht\u00ebzakonisht t\u00eb r\u00ebnduar\u201d &#8211; thot\u00eb zonja Kusari.<\/p>\n\n\n\n<p>Shqet\u00ebsimit t\u00eb gazetar\u00ebve shqiptar\u00eb iu bashkua p\u00ebrs\u00ebri sot ambasadori i Bashkimit Europian n\u00eb Shqip\u00ebri, Luigi Soreca, i cili theksoi se asnj\u00eb gazetar nuk duhet t\u00eb t\u00eb d\u00ebmtohet p\u00ebr shkak t\u00eb pun\u00ebs q\u00eb b\u00ebn, se ata duhet t\u00eb ndihen t\u00eb sigurt p\u00ebr t\u00eb punuar, dhe se pa lirin\u00eb e medias nuk ka shoq\u00ebri t\u00eb lira dhe demokratike.<\/p>\n\n\n\n<p>Ambasadori Soreca tha se liria e shprehjes dhe e medias \u00ebsht\u00eb nj\u00eb pik\u00eb e r\u00ebnd\u00ebsishme n\u00eb marr\u00ebdh\u00ebniet e BE-s\u00eb me vendet kandidate si Shqip\u00ebria, dhe nj\u00eb standard ky\u00e7 me t\u00eb cilin BE-ja vler\u00ebson p\u00ebrparimin e vendeve kandidate drejt an\u00ebtar\u00ebsimit.<\/p>\n\n\n\n<p>\u201cRaporti vjetor i Komisionit Europian p\u00ebr Shqip\u00ebrin\u00eb p\u00ebr vitin 2021 v\u00ebren se atmosfera e sulmeve verbale, fushatat shpif\u00ebse dhe akte e k\u00ebrc\u00ebnimit kund\u00ebr gazetar\u00ebve ekzistojn\u00eb ende madje deri dit\u00ebt e fundit, &#8211; thot\u00eb ambasadori Soreca. Raporti theksoi se p\u00ebr asnj\u00eb nga sulmet e raportuara kund\u00ebr gazetar\u00ebve vitin e kaluar nuk pati d\u00ebnim t\u00eb form\u00ebs s\u00eb prer\u00eb, kur p\u00ebrkundrazi nevojitet toleranc\u00eb zero ndaj sulmeve kund\u00ebr medias. Ai k\u00ebmb\u00ebnguli te vet\u00ebrregullimi n\u00eb mediat online dhe theksoi se parlamenti dhe qeveria i kan\u00eb kan\u00eb konfirmuar BE-s\u00eb se nuk kan\u00eb asnj\u00eb q\u00ebllim p\u00ebr t\u00eb vazhduar me diskutimin dhe miratimin e t\u00eb ashtuquajturit projektligj p\u00ebr median. \u201cN\u00ebse do t\u00eb ket\u00eb ndonj\u00eb ndryshim n\u00eb q\u00ebndrimin e tyre n\u00eb t\u00eb ardhmen, presim q\u00eb parlamenti dhe qeveria t\u00eb mbajn\u00eb angazhimin e tyre p\u00ebr t\u00eb siguruar q\u00eb \u00e7do ndryshim i mundsh\u00ebm i k\u00ebtij projektligji t\u00eb jet\u00eb n\u00eb p\u00ebrputhje me Opinionin e Komisionit t\u00eb Venecias dhe t&#8217;i n\u00ebnshtrohet konsultimeve t\u00eb duhura me pal\u00ebt e interesuara dhe me bashk\u00ebsin\u00eb e mediave\u201d \u2013 tha ambasadori Soreca.<\/p>\n\n\n\n<p>Nd\u00ebrsa reporterja investigative, Lindita \u00c7ela, pjes\u00eb e projektit p\u00ebr raportimin mbi krimin e Organizuar dhe Korrupsionin, thot\u00eb se k\u00ebto tryeza me nd\u00ebrkomb\u00ebtar\u00ebt jan\u00eb shum\u00eb t\u00eb r\u00ebnd\u00ebsishme p\u00ebr t\u00eb mbrojtur gazetar\u00ebt, sepse kan\u00eb mbetur t\u00eb vetemet m\u00ebnyra p\u00ebr t\u00eb ngritur z\u00ebrin dhe p\u00ebr t\u2019I diskutuar problemet. Por pasi mbyllen k\u00ebto tryeza me nd\u00ebrkomb\u00ebtar\u00ebt askush nuk merret me problemet e v\u00ebrteta q\u00eb kan\u00eb gazetar\u00ebt n\u00eb Shqip\u00ebri.<\/p>\n\n\n\n<p>\u201cPas k\u00ebtyre takimeve, ne p\u00ebrfshihemi n\u00eb pun\u00ebn ton\u00eb t\u00eb p\u00ebrditshme dhe t\u00eb gjitha k\u00ebto v\u00ebshtir\u00ebsi q\u00eb renditen n\u00eb tryeza t\u00eb tilla p\u00ebrs\u00ebri ngelemi ne vet duke u p\u00ebrballur. Gazetaria n\u00eb Shqip\u00ebri ka aktualisht problematika shum\u00eb t\u00eb m\u00ebdha, q\u00eb burojn\u00eb prej d\u00ebshir\u00ebs q\u00eb ka qeveria p\u00ebr t\u00eb kontrolluar mediat. Duket se mediat jan\u00eb krejt\u00ebsisht n\u00ebn kontrollin e qeveris\u00eb. Ne kemi edhe nj\u00eb vendim t\u00eb qeveris\u00eb, i cili synon t\u00eb krijoj\u00eb nj\u00eb agjenci, dhe q\u00eb ka nisur t\u00eb quhet ministria e propagand\u00ebs. Duket se gazetar\u00ebt jan\u00eb t\u00eb l\u00ebn\u00eb t\u00eb vet\u00ebm n\u00eb betej\u00ebn e tyre\u201d &#8211; thot\u00eb zonja \u00c7ela.<\/p>\n\n\n\n<p>Vet\u00ebrregulllimi i bashk\u00ebsis\u00eb s\u00eb gazetar\u00ebve vler\u00ebsohet si rruga m\u00eb e mir\u00eb p\u00ebr rregulluar gjendjen kritike, por edhe k\u00ebtu mbeten p\u00ebrs\u00ebri shum\u00eb c\u00ebshtje n\u00eb dor\u00eb t\u00eb qeveris\u00eb, thot\u00eb zonja Kusari, p\u00ebr sa koh\u00eb q\u00eb mediat ndikohen dhe p\u00ebrdoren fuqish\u00ebm nga politika dhe bizneset, q\u00eb i kan\u00eb ato n\u00ebn pron\u00ebsi.<\/p>\n\n\n\n<p>\u201cNuk mund t\u00eb pres\u00ebsh vet\u00eb-rregullim kur shumica e pronar\u00ebve t\u00eb mediave jan\u00eb biznesmen\u00eb, t\u00eb cil\u00ebt nuk e kan\u00eb median si biznes t\u00eb par\u00eb, por i p\u00ebrdorin ato si mjet p\u00ebr t\u00eb shantazhuar qeverin\u00eb, ose si i thon\u00eb k\u00ebtu n\u00eb Shqip\u00ebri p\u00ebr disa prej tyre, jan\u00eb gjob\u00ebv\u00ebn\u00ebs. Nuk pres\u00ebsh n\u00eb k\u00ebto kushte q\u00eb ata t\u00eb rregullojn\u00eb vetveten. Shpresa e par\u00eb dhe m\u00eb e madhe mbetet tek ndikimi nd\u00ebrkomb\u00ebtar, sepse Shqip\u00ebria aspiron t\u00eb b\u00ebhet an\u00ebtare e Bashkimit Europian. Ende mund ta p\u00ebrdorim ndikimin nd\u00ebrkomb\u00ebtar n\u00eb m\u00ebnyr\u00eb q\u00eb t\u00eb p\u00ebrmir\u00ebsohen gj\u00ebrat. Ndon\u00ebse situata \u00ebsht\u00eb e r\u00ebnduar, ka gazetar\u00eb t\u00eb mir\u00eb e t\u00eb guximsh\u00ebm, edhe pse n\u00eb num\u00ebr t\u00eb vog\u00ebl, dhe shpresa \u00ebsht\u00eb tek ata\u201d &#8211; thot\u00eb zonja Kusari e Qendr\u00ebs Europiane p\u00ebr Lirin\u00eb e Medias dhe Shtypit.<\/p>\n\n\n\n<p>Shqip\u00ebria \u00ebsht\u00eb n\u00eb prag n\u00eb hapjes s\u00eb negociatave p\u00ebr an\u00ebtar\u00ebsim t\u00eb plot\u00eb n\u00eb Bashkimin Europian dhe nevojitet t\u00eb p\u00ebrmbush\u00eb standardet nd\u00ebrkomb\u00ebtare p\u00ebr mbrojtjen e gazetar\u00ebve, t\u00eb shtoj\u00eb masat mbrojt\u00ebse dhe nj\u00eb mjedis t\u00eb sigurt pune p\u00ebr ta.<\/p>\n\n\n\n<p><strong>Marr\u00eb nga VOA<\/strong><\/p>\n","protected":false},"excerpt":{"rendered":"<p>Qendra Res Publica organizoi s\u00eb bashku me K\u00ebshillin e Europ\u00ebs dhe Bashkimin Europian, nj\u00eb diskutim publik mbi Sigurin\u00eb dhe mbrojtjen [&hellip;]<\/p>\n","protected":false},"author":2,"featured_media":2043,"comment_status":"open","ping_status":"open","sticky":false,"template":"","format":"standard","meta":{"site-sidebar-layout":"default","site-content-layout":"","ast-site-content-layout":"","site-content-style":"default","site-sidebar-style":"default","ast-global-header-display":"","ast-banner-title-visibility":"","ast-main-header-display":"","ast-hfb-above-header-display":"","ast-hfb-below-header-display":"","ast-hfb-mobile-header-display":"","site-post-title":"","ast-breadcrumbs-content":"","ast-featured-img":"","footer-sml-layout":"","theme-transparent-header-meta":"","adv-header-id-meta":"","stick-header-meta":"","header-above-stick-meta":"","header-main-stick-meta":"","header-below-stick-meta":"","astra-migrate-meta-layouts":"default","ast-page-background-enabled":"default","ast-page-background-meta":{"desktop":{"background-color":"var(--ast-global-color-4)","background-image":"","background-repeat":"repeat","background-position":"center center","background-size":"auto","background-attachment":"scroll","background-type":"","background-media":"","overlay-type":"","overlay-color":"","overlay-gradient":""},"tablet":{"background-color":"","background-image":"","background-repeat":"repeat","background-position":"center center","background-size":"auto","background-attachment":"scroll","background-type":"","background-media":"","overlay-type":"","overlay-color":"","overlay-gradient":""},"mobile":{"background-color":"","background-image":"","background-repeat":"repeat","background-position":"center center","background-size":"auto","background-attachment":"scroll","background-type":"","background-media":"","overlay-type":"","overlay-color":"","overlay-gradient":""}},"ast-content-background-meta":{"desktop":{"background-color":"var(--ast-global-color-5)","background-image":"","background-repeat":"repeat","background-position":"center center","background-size":"auto","background-attachment":"scroll","background-type":"","background-media":"","overlay-type":"","overlay-color":"","overlay-gradient":""},"tablet":{"background-color":"var(--ast-global-color-5)","background-image":"","background-repeat":"repeat","background-position":"center center","background-size":"auto","background-attachment":"scroll","background-type":"","background-media":"","overlay-type":"","overlay-color":"","overlay-gradient":""},"mobile":{"background-color":"var(--ast-global-color-5)","background-image":"","background-repeat":"repeat","background-position":"center center","background-size":"auto","background-attachment":"scroll","background-type":"","background-media":"","overlay-type":"","overlay-color":"","overlay-gradient":""}},"footnotes":""},"categories":[6],"tags":[],"_links":{"self":[{"href":"https:\/\/www.respublica.org.al\/web\/index.php?rest_route=\/wp\/v2\/posts\/2041"}],"collection":[{"href":"https:\/\/www.respublica.org.al\/web\/index.php?rest_route=\/wp\/v2\/posts"}],"about":[{"href":"https:\/\/www.respublica.org.al\/web\/index.php?rest_route=\/wp\/v2\/types\/post"}],"author":[{"embeddable":true,"href":"https:\/\/www.respublica.org.al\/web\/index.php?rest_route=\/wp\/v2\/users\/2"}],"replies":[{"embeddable":true,"href":"https:\/\/www.respublica.org.al\/web\/index.php?rest_route=%2Fwp%2Fv2%2Fcomments&post=2041"}],"version-history":[{"count":1,"href":"https:\/\/www.respublica.org.al\/web\/index.php?rest_route=\/wp\/v2\/posts\/2041\/revisions"}],"predecessor-version":[{"id":2044,"href":"https:\/\/www.respublica.org.al\/web\/index.php?rest_route=\/wp\/v2\/posts\/2041\/revisions\/2044"}],"wp:featuredmedia":[{"embeddable":true,"href":"https:\/\/www.respublica.org.al\/web\/index.php?rest_route=\/wp\/v2\/media\/2043"}],"wp:attachment":[{"href":"https:\/\/www.respublica.org.al\/web\/index.php?rest_route=%2Fwp%2Fv2%2Fmedia&parent=2041"}],"wp:term":[{"taxonomy":"category","embeddable":true,"href":"https:\/\/www.respublica.org.al\/web\/index.php?rest_route=%2Fwp%2Fv2%2Fcategories&post=2041"},{"taxonomy":"post_tag","embeddable":true,"href":"https:\/\/www.respublica.org.al\/web\/index.php?rest_route=%2Fwp%2Fv2%2Ftags&post=2041"}],"curies":[{"name":"wp","href":"https:\/\/api.w.org\/{rel}","templated":true}]}}