{"id":2045,"date":"2021-12-20T13:41:12","date_gmt":"2021-12-20T12:41:12","guid":{"rendered":"http:\/\/www.respublica.org.al\/?p=2045"},"modified":"2021-12-20T13:41:12","modified_gmt":"2021-12-20T12:41:12","slug":"komente-permbyllese-per-tryezen-e-rrumbullaket-siguria-e-gazetareve-diskutimi-i-standardeve-dhe-adresimi-i-sfidave-te-perbashketa","status":"publish","type":"post","link":"https:\/\/www.respublica.org.al\/web\/?p=2045","title":{"rendered":"Komente p\u00ebrmbyll\u00ebse  p\u00ebr tryez\u00ebn e rrumbullak\u00ebt \u201cSiguria e gazetar\u00ebve, diskutimi i standardeve dhe adresimi i sfidave t\u00eb p\u00ebrbashk\u00ebta\u201d"},"content":{"rendered":"\n<div class=\"wp-block-cover has-background-dim\"><img fetchpriority=\"high\" decoding=\"async\" width=\"768\" height=\"1024\" class=\"wp-block-cover__image-background wp-image-2046\" alt=\"\" src=\"http:\/\/www.respublica.org.al\/wp-content\/uploads\/2021\/12\/Manuali-768x1024.jpeg\" data-object-fit=\"cover\" srcset=\"https:\/\/www.respublica.org.al\/web\/wp-content\/uploads\/2021\/12\/Manuali-768x1024.jpeg 768w, https:\/\/www.respublica.org.al\/web\/wp-content\/uploads\/2021\/12\/Manuali-225x300.jpeg 225w, https:\/\/www.respublica.org.al\/web\/wp-content\/uploads\/2021\/12\/Manuali-1152x1536.jpeg 1152w, https:\/\/www.respublica.org.al\/web\/wp-content\/uploads\/2021\/12\/Manuali-800x1067.jpeg 800w, https:\/\/www.respublica.org.al\/web\/wp-content\/uploads\/2021\/12\/Manuali.jpeg 1200w\" sizes=\"(max-width: 768px) 100vw, 768px\" \/><div class=\"wp-block-cover__inner-container is-layout-flow wp-block-cover-is-layout-flow\">\n<p class=\"has-large-font-size\"><\/p>\n<\/div><\/div>\n\n\n\n<blockquote class=\"wp-block-quote is-layout-flow wp-block-quote-is-layout-flow\"><p><em>N\u00eb m\u00ebnyr\u00eb t\u00eb ve\u00e7ant\u00eb, Znj. Kusari k\u00ebrkoi nga Prokuroria q\u00eb t\u00eb p\u00ebrgatis\u00eb dhe publikoj\u00eb statistika t\u00eb plota p\u00ebr rastet e cenimit t\u00eb gazetar\u00ebve, duke p\u00ebrfshir\u00eb rastet e raportuara, hetuara, gjykuara dhe statistika p\u00ebr rezultatet e vendimeve t\u00eb gjykatave dhe ekzekutimit t\u00eb tyre. T\u00eb tilla statistika, kur jan\u00eb pozitive, krijojn\u00eb m\u00eb shum\u00eb siguri dhe m\u00eb shum\u00eb besim t\u00eb drejt\u00ebsia.<\/em><\/p><\/blockquote>\n\n\n\n<p><em><strong>Nga: Dorian Matlija<\/strong><\/em><\/p>\n\n\n\n<p><em><strong>Drejtor Ekzekutiv, Res Publica<\/strong><\/em><\/p>\n\n\n\n<p><\/p>\n\n\n\n<p><\/p>\n\n\n\n<p><a><\/a> Ishte k\u00ebnaq\u00ebsi t\u00eb ndiqja diskutimet tuaja, t\u00eb d\u00ebgjoja mendimet dhe opinionet q\u00eb ju ndat\u00eb n\u00eb k\u00ebt\u00eb tryez\u00eb p\u00ebr sigurin\u00eb dhe mbrojtjen e gazetar\u00ebve. Ishte gjithashtu frym\u00ebzues fjalimi i t\u00eb ftuarit special Z. Matthew Caruana Galizia p\u00ebr t\u00eb gjith\u00eb ekspozen\u00eb e historis\u00eb dhe luft\u00ebs s\u00eb tij p\u00ebr \u00e7\u00ebshtjen s\u00eb n\u00ebn\u00ebs s\u00eb tij, Daphne Caruana Galizia e cila u vra p\u00ebr shkak t\u00eb pun\u00ebs s\u00eb saj si gazetare investiguese dhe aktivisteje.<\/p>\n\n\n\n<p>N\u00eb em\u00ebr t\u00eb Qendr\u00ebs ResPublica dhe t\u00eb partner\u00ebve mb\u00ebshtet\u00ebs dhe implementues t\u00eb projektit \u201cLiria e shprehjes dhe liria e mediave n\u00eb Shqip\u00ebri (Jufrex2)\u201d, K\u00ebshilli i Evrop\u00ebs dhe Bashkimi Evropian, do t\u00eb d\u00ebshiroja t\u2019u shpreh fal\u00ebnderime t\u00eb gjith\u00eb pjes\u00ebmarr\u00ebsve, p\u00ebrfaq\u00ebsues t\u00eb autoriteteve shtet\u00ebrore, gazetar\u00eb dhe organizata t\u00eb shoq\u00ebris\u00eb civile, t\u00eb pranish\u00ebm. Pjes\u00ebmarrja juaj n\u00eb k\u00ebt\u00eb tryez\u00eb ishte v\u00ebrtet shum\u00eb e vlefshme.<\/p>\n\n\n\n<p>Tema e trajtuar ka r\u00ebnd\u00ebsi par\u00ebsore, gj\u00eb e cila u pranua nga t\u00eb gjith\u00eb dhe, si\u00e7 e theksoi n\u00eb fjal\u00ebn e tij p\u00ebrsh\u00ebndetje edhe Ambasadori i Bashkimit Evropian, Sh.T.Z . Luigi Soreca, \u00ebsht\u00eb nj\u00eb nga treguesit kryesor\u00eb t\u00eb standardeve q\u00eb e b\u00ebjn\u00eb nj\u00eb media t\u00eb lir\u00eb n\u00eb nj\u00eb shoq\u00ebri demokratike. Plot\u00ebsimi i standardeve t\u00eb Bashkimit Evropian dhe K\u00ebshillit t\u00eb Evrop\u00ebs, \u00ebsht\u00eb nj\u00eb nga kushtet themelore p\u00ebr tu b\u00ebr\u00eb pjes\u00eb e familjes Evropiane dhe ka r\u00ebnd\u00ebsi jetike p\u00ebr ecurin\u00eb e negociatave p\u00ebr an\u00ebtar\u00ebsimin e Shqip\u00ebris\u00eb n\u00eb BE.<\/p>\n\n\n\n<p>P\u00ebr sigurin\u00eb dhe mbrojtjen e gazetar\u00ebve nj\u00eb r\u00ebnd\u00ebsi t\u00eb ve\u00e7ant\u00eb kan\u00eb organet e drejt\u00ebsis\u00eb. Kjo gj\u00eb u theksua edhe nga Z Artur Metani, Inspektor i Lart\u00eb i Drejt\u00ebsis\u00eb. Pavar\u00ebsia dhe fuqia e pushtetit gjyq\u00ebsor \u00ebsht\u00eb shum\u00eb e varur nga besimi i publikut. Pavar\u00ebsisht se vendimet gjyq\u00ebsore jan\u00eb t\u00eb detyrueshme p\u00ebr t\u2019u zbatuar, ato duhet t\u00eb jen\u00eb objekt i kriticizmit. I till\u00eb \u00ebsht\u00eb debati p\u00ebr t\u00eb cilin ka nevoj\u00eb nj\u00eb shoq\u00ebri demokratike.<\/p>\n\n\n\n<p>Nga diskutimet e b\u00ebra prej Z. Erjon Muharremaj, an\u00ebtar i KLGJ, i ngarkuar p\u00ebr marr\u00ebdh\u00ebniet me mediat, Avokates s\u00eb Popullit, Znj. Erinda Ballanca dhe p\u00ebrfaqsueses s\u00eb European Center for Press and Media Freedom, Znj. Flutura Kusari, u theksua edhe nj\u00eb her\u00eb nevoja p\u00ebr t\u00eb trajtuar publikimin e vendimeve gjyq\u00ebsore si nj\u00eb nevoj\u00eb par\u00ebsore dhe anonimizimi i tyre t\u00eb vlej\u00eb vet\u00ebm p\u00ebr raste p\u00ebrjashtimore.<\/p>\n\n\n\n<p>\u00c7\u00ebshtja e transparenc\u00ebs u prek nga nj\u00eb pjes\u00eb e mir\u00eb e gazetar\u00ebve t\u00eb pranish\u00ebm si nj\u00eb problem q\u00eb jo vet\u00ebm kufizon atyre mund\u00ebsin\u00eb p\u00ebr ti transmetuar informacionin e nevojsh\u00ebm publikut, por edhe si nj\u00eb parakusht p\u00ebr t\u00eb zbutur situat\u00ebn jo miq\u00ebsore mes qeveris\u00eb dhe gazetar\u00ebve.<\/p>\n\n\n\n<p>Si\u00e7 e theksoi Znj. Kristina Voko, Drejtuese e Qendr\u00ebs BIRN, \u00ebsht\u00eb e nevojshme q\u00eb nga ana e autoriteteve shtet\u00ebrore t\u00eb k\u00ebt\u00eb m\u00eb pak investim n\u00eb marr\u00ebdh\u00ebniet publike dhe m\u00eb shum\u00eb investim n\u00eb transparenc\u00eb. N\u00ebse do t\u00eb ekzistonte nj\u00eb frym\u00eb e till\u00eb, do t\u00eb mund t\u00eb krijohej nj\u00eb mjedis me t\u00eb drejta dhe p\u00ebrgjegj\u00ebsi m\u00eb t\u00eb balancuara dhe p\u00ebr pasoj\u00eb do t\u00eb kishte nj\u00eb komunikim m\u00eb t\u00eb mir\u00eb midis qeveris\u00eb dhe gazetar\u00ebve, si\u00e7 theksoi gazetari investigues Artan Rama.<\/p>\n\n\n\n<p>P\u00ebr t\u00eb krijuar k\u00ebt\u00eb mjedis, p\u00ebrfaq\u00ebsuesi i KLGJ Z. Erjon Muharremaj dhe Avokatja e Popullit, Znj. Erinda Ballanca, k\u00ebrkuan q\u00eb edhe gazetar\u00ebt nga ana e tyre t\u00eb jen\u00eb m\u00eb mir\u00ebkuptues p\u00ebr organet shtet\u00ebrore t\u00eb cil\u00ebt shpesh nuk kan\u00eb kapacitete t\u00eb mjaftueshme, n\u00eb m\u00ebnyr\u00eb t\u00eb ve\u00e7ant\u00eb edhe organet e drejt\u00ebsis\u00eb, p\u00ebr t\u00eb trajtuar me shpejt\u00ebsi k\u00ebrkesat e gazetar\u00ebve, por kjo k\u00ebrkes\u00eb, pavar\u00ebsisht se \u00ebsht\u00eb e vlefshme n\u00eb parim, do t\u00eb ishte m\u00eb e pranueshme p\u00ebr gazetar\u00ebt n\u00ebse tregohen shenja pozitive q\u00eb organet shtet\u00ebrore po i b\u00ebjn\u00eb t\u00eb gjitha p\u00ebrpjekje p\u00ebr t\u00eb nd\u00ebrtuar kapacitetet nevojshme sa m\u00eb shpejt dhe mbi t\u00eb gjitha n\u00ebse ky do t\u00eb ishte problemi i vet\u00ebm. Gazetar\u00ebt Anila Hoxha, Lindita \u00c7ela, Klodiana Lala ngrit\u00ebn si problem par\u00ebsor munges\u00ebn e vullnetit n\u00eb t\u00eb shumt\u00ebn e rasteve dhe sidomos munges\u00ebn e frym\u00ebs e cila ende nuk \u00ebsht\u00eb aty ku duket, pasi shum\u00eb zyrtar\u00eb nuk kan\u00eb kuptuar drejt rolin e gazetarit. P\u00ebrvec problemeve me t\u00eb cilat gazetar\u00ebt duhet t\u00eb p\u00ebrballen \u00e7do dit\u00eb, si\u00e7 jan\u00eb kushtet e pap\u00ebrshtatshme t\u00eb pun\u00ebs, siguria e tyre n\u00eb terren, pagesat e ul\u00ebta dhe marr\u00ebdh\u00ebniet jo t\u00eb rregullta me pun\u00ebdh\u00ebn\u00ebsit, t\u00eb ngritura n\u00eb tryez\u00eb nga drejtuesja e Qendr\u00ebs \u201cFaktoje\u201d, Znj. Klodiana Kapo, gazetar\u00ebt e m\u00ebsip\u00ebrm than\u00eb se atyre u duhet t\u00eb p\u00ebrballen edhe me dhun\u00ebn verbale t\u00eb punonj\u00ebsve t\u00eb administrat\u00ebs shtet\u00ebrore, t\u00eb cil\u00ebt kan\u00eb nj\u00eb nevoj\u00eb urgjente t\u00eb trajnohen p\u00ebr m\u00ebnyr\u00ebn si komunikojn\u00eb me gazetar\u00ebt. Pengesa t\u00eb ndryshme, t\u00eb cilat \u00e7ojn\u00eb n\u00eb censur\u00eb vijn\u00eb jo vet\u00ebm nga nj\u00eb staf i patrajtuar n\u00eb komunikim, por edhe nga pengesa t\u00eb tjera t\u00eb nj\u00eb natyre m\u00eb sistemike, si p\u00ebr shembull p\u00ebrdorimi i legjislacionit p\u00ebr menaxhimin e pandemis\u00eb Covid 19, kund\u00ebr gazetar\u00ebve, si\u00e7 Znj. Flutura Kusari e prezantoi si nj\u00eb problem tashm\u00eb edhe rajonal. N\u00eb m\u00ebnyr\u00eb t\u00eb ve\u00e7ant\u00eb ajo vuri n\u00eb dukje edhe nj\u00eb problem sistematik vendas, si\u00e7 \u00ebsht\u00eb rreziku i hermetizmit t\u00eb administrat\u00ebs shtet\u00ebrore si pasoj\u00eb e ngritjes s\u00eb Agjencis\u00eb p\u00ebr Median dhe Informacionin.<\/p>\n\n\n\n<p>N\u00eb diskutimin q\u00eb u b\u00eb p\u00ebr adresimin e rasteve konkrete t\u00eb dhun\u00ebs ndaj gazetar\u00ebve, Znj. Kusari dhe organizator\u00ebt e k\u00ebtij takimi b\u00ebn\u00eb thirrje p\u00ebr t\u00eb inkurajuar p\u00ebrdorimin e Platform\u00ebs p\u00ebr promovimin e siguris\u00eb s\u00eb gazetar\u00ebve, e cila p\u00ebrfaq\u00ebson nj\u00eb mekaniz\u00ebm t\u00eb mir\u00eb nd\u00ebrkomb\u00ebtar q\u00eb mund\u00ebson detyrimin e qeverive t\u00eb shteteve an\u00ebtare t\u00eb K\u00ebshillit t\u00eb Evrop\u00ebs t\u00eb p\u00ebrgjigjen pa vones\u00eb p\u00ebr t\u00eb sqaruar rrethanat e \u00e7do incidenti.<\/p>\n\n\n\n<p>Drejtuesja e Prokuroris\u00eb s\u00eb Rrethit Gjyq\u00ebsor Tiran\u00eb, Znj. Elisabeta Imeraj, ngriti me t\u00eb drejt\u00eb shqet\u00ebsimin q\u00eb edhe pse hetimet p\u00ebr incidentet p\u00ebr gazetar\u00ebt duhet t\u00eb kryhen sa m\u00eb shpejt, mungesa e kapaciteteve sot e b\u00ebn t\u00eb v\u00ebshtir\u00eb k\u00ebt\u00eb, ndaj \u00ebsht\u00eb i nevojsh\u00ebm plot\u00ebsimi i prokuroris\u00eb me numrin e duhur t\u00eb prokuror\u00ebve.<\/p>\n\n\n\n<p>Znj Imeraj, u dakord\u00ebsua me iden\u00eb e gazetarit Artan Rama, gazetares Lindita \u00c7ela dhe qendr\u00ebs Res Publica, q\u00eb n\u00eb m\u00ebnyr\u00eb q\u00eb t\u00eb shmangen situatat problematike \u00ebsht\u00eb e nevojshme q\u00eb gazetar\u00ebt t\u00eb jen\u00eb m\u00eb profesional\u00eb dhe etik\u00eb, pa hequr dor\u00eb nga kriticizmi. N\u00eb m\u00ebnyr\u00eb t\u00eb ve\u00e7ant\u00eb, Znj. Kusari k\u00ebrkoi nga Prokuroria q\u00eb t\u00eb p\u00ebrgatis\u00eb dhe publikoj\u00eb statistika t\u00eb plota p\u00ebr rastet e cenimit t\u00eb gazetar\u00ebve, duke p\u00ebrfshir\u00eb rastet e raportuara, hetuara, gjykuara dhe statistika p\u00ebr rezultatet e vendimeve t\u00eb gjykatave dhe ekzekutimit t\u00eb tyre. T\u00eb tilla statistika, kur jan\u00eb pozitive, krijojn\u00eb m\u00eb shum\u00eb siguri dhe m\u00eb shum\u00eb besim t\u00eb drejt\u00ebsia.<\/p>\n\n\n\n<p>Gazetarja Lindita \u00c7ela u b\u00ebri thirrje t\u00eb gjith\u00eb gazetar\u00ebve t\u00eb pranish\u00ebm q\u00eb duhet t\u00eb nisim s\u00eb pari nga vetja sepse garantuesit e par\u00eb t\u00eb jet\u00ebs son\u00eb jemi ne vet\u00eb dhe se redaksit\u00eb duhet t\u00eb kujdesen t\u00eb mos i d\u00ebrgojn\u00eb gazetar\u00ebt drejt situatave t\u00eb rrezikshme pa pasur trajnimin e duhur dhe pa marr\u00eb masat e nevojshme paraprake.<\/p>\n\n\n\n<p>Nj\u00eb raportim i mir\u00eb dhe profesional \u00ebsht\u00eb gjithashtu mbrojtja m\u00eb e mir\u00eb edhe ndaj efektit frik\u00ebsues t\u00eb padive SLAPP.<\/p>\n\n\n\n<p>Nd\u00ebrkoh\u00eb q\u00eb disa gazetar\u00eb jan\u00eb b\u00ebr\u00eb tashm\u00eb edhe sh\u00ebnjest\u00ebr e fushatave shpif\u00ebse ndaj tyre, paraqet r\u00ebnd\u00ebsi thelb\u00ebsore kushtimi i nj\u00eb v\u00ebmendjeje t\u00eb ve\u00e7ant\u00eb ndaj k\u00ebtij fenomeni t\u00eb ri p\u00ebr realitetin shqiptar. Gjithashtu m\u00eb shum\u00eb v\u00ebmendje k\u00ebrkohet edhe p\u00ebr gazetar\u00ebt e mediave lokale, t\u00eb cil\u00ebt punojn\u00eb n\u00eb kushte edhe m\u00eb pak favorizuese se gazetar\u00ebt e kryeqytetit.<\/p>\n\n\n\n<p>Reagimet e para q\u00eb u shpreh\u00ebn <a href=\"http:\/\/www.respublica.org.al\/wp-content\/uploads\/2021\/12\/Udhezues-Praktik-per-mbrojtjen-dhe-sigurine-e-gazetareve.pdf\" data-type=\"URL\" data-id=\"http:\/\/www.respublica.org.al\/wp-content\/uploads\/2021\/12\/Udhezues-Praktik-per-mbrojtjen-dhe-sigurine-e-gazetareve.pdf\">ndaj Udh\u00ebzuesit Praktik p\u00ebr sigurin\u00eb e gazetar<\/a>\u00ebve, i cili u lan\u00e7ua n\u00eb k\u00ebt\u00eb tryez\u00eb, ishte ndjesia e nj\u00eb nevoj\u00eb urgjente p\u00ebr t\u2019i trajnuar gazetar\u00ebt q\u00eb t\u00eb jen\u00eb m\u00eb t\u00eb aft\u00eb p\u00ebr t\u00eb reaguar si\u00e7 duhet n\u00eb nj\u00eb shum\u00ebllojshm\u00ebri rrethanash q\u00eb rrezikojn\u00eb sigurin\u00eb e tyre, si\u00e7 nj\u00ebra prej tyre u ngrit edhe prej Z\u00ebvend\u00ebsdrejtorit t\u00eb P\u00ebrgjithsh\u00ebm t\u00eb Policis\u00eb s\u00eb Shtetit, Z. Albert Dervishaj, q\u00eb ka t\u00eb b\u00ebj\u00eb me sjelljen e nj\u00eb gazetari kur ai duhet t\u00eb respektoj\u00eb perimetrin e siguris\u00eb s\u00eb nj\u00eb skene krimi. Parandalimi i incidenteve \u00ebsht\u00eb gjithmon\u00eb mjeti m\u00eb i mir\u00eb p\u00ebr sigurin\u00eb e gazetar\u00ebve.<\/p>\n\n\n\n<p>Nj\u00eb propozim q\u00eb erdhi nga p\u00ebrfaq\u00ebsuesit e autoriteteve shtet\u00ebrore t\u00eb pranish\u00ebm ishte nevoja e zhvillimit t\u00eb takimeve periodike t\u00eb k\u00ebsaj natyre, p\u00ebr t\u00eb adresuar rastet n\u00eb nj\u00eb m\u00ebnyr\u00eb m\u00eb dinamike dhe p\u00ebr t\u00eb mos krijuar akumulim t\u00eb gjat\u00eb t\u00eb problematikave.<\/p>\n\n\n\n<p>Nj\u00eb aspekt i ve\u00e7ant\u00eb, por jo m\u00eb pak i r\u00ebnd\u00ebsish\u00ebm, q\u00eb u diskutua n\u00eb tryez\u00eb ishte nisma e fundit q\u00eb \u00ebsht\u00eb n\u00eb tryez\u00ebn e pun\u00ebs t\u00eb Komisionit Parlamentar p\u00ebr Edukimin dhe Mjetet e Informimit Publik, p\u00ebr statusin e gazetarit, i cili u soll n\u00eb v\u00ebmendje nga Znj. Ina Zhupa, deputete dhe an\u00ebtare e k\u00ebtij Komisioni. N\u00eb m\u00ebnyr\u00eb t\u00eb ve\u00e7ant\u00eb Znj. Flutura Kusari, por edhe i ftuari special Mathe\u00eb Caruana Galicia b\u00ebn\u00eb thirrje p\u00ebr t\u00eb ndalur k\u00ebt\u00eb nism\u00eb, t\u00eb vler\u00ebsuar nga ata si t\u00eb rrezikshme p\u00ebr lirin\u00eb e gazetarit duke dh\u00ebn\u00eb edhe mjaft argumente konkret\u00eb. Kjo demonstroi s\u00eb pari domosdoshm\u00ebrin\u00eb q\u00eb ka Komisioni p\u00ebr Edukimin dhe Mjetet e Informimit Publik p\u00ebr t\u00eb zhvilluar mbledhje t\u00eb hapura dhe t\u00eb zgjeruara konsultuese me gazetar\u00eb dhe ekspert\u00eb t\u00eb liris\u00eb s\u00eb shprehjes.<\/p>\n\n\n\n<p>Duke shpresuar q\u00eb do t\u00eb krijohen mund\u00ebsit\u00eb p\u00ebr ta kthyer natyr\u00ebn e k\u00ebsaj tryez\u00eb n\u00eb nj\u00eb forum periodik, mendoj q\u00eb reflektimet e saj jan\u00eb nj\u00eb pik\u00ebnisje e mir\u00eb p\u00ebr t\u00eb orientuar politika m\u00eb efektive p\u00ebr t\u00eb promovuar dhe p\u00ebrmir\u00ebsuar standardet e siguris\u00eb dhe mbrojtjes s\u00eb gazetar\u00ebve, t\u00eb cil\u00ebt mbeten guri m\u00eb i \u00e7muar i themeleve t\u00eb nj\u00eb shoq\u00ebrie demokratike.<\/p>\n\n\n\n<p>Faleminderit!<\/p>\n","protected":false},"excerpt":{"rendered":"<p>N\u00eb m\u00ebnyr\u00eb t\u00eb ve\u00e7ant\u00eb, Znj. Kusari k\u00ebrkoi nga Prokuroria q\u00eb t\u00eb p\u00ebrgatis\u00eb dhe publikoj\u00eb statistika t\u00eb plota p\u00ebr rastet e [&hellip;]<\/p>\n","protected":false},"author":2,"featured_media":2043,"comment_status":"open","ping_status":"open","sticky":false,"template":"","format":"standard","meta":{"site-sidebar-layout":"default","site-content-layout":"","ast-site-content-layout":"","site-content-style":"default","site-sidebar-style":"default","ast-global-header-display":"","ast-banner-title-visibility":"","ast-main-header-display":"","ast-hfb-above-header-display":"","ast-hfb-below-header-display":"","ast-hfb-mobile-header-display":"","site-post-title":"","ast-breadcrumbs-content":"","ast-featured-img":"","footer-sml-layout":"","theme-transparent-header-meta":"","adv-header-id-meta":"","stick-header-meta":"","header-above-stick-meta":"","header-main-stick-meta":"","header-below-stick-meta":"","astra-migrate-meta-layouts":"default","ast-page-background-enabled":"default","ast-page-background-meta":{"desktop":{"background-color":"var(--ast-global-color-4)","background-image":"","background-repeat":"repeat","background-position":"center center","background-size":"auto","background-attachment":"scroll","background-type":"","background-media":"","overlay-type":"","overlay-color":"","overlay-gradient":""},"tablet":{"background-color":"","background-image":"","background-repeat":"repeat","background-position":"center center","background-size":"auto","background-attachment":"scroll","background-type":"","background-media":"","overlay-type":"","overlay-color":"","overlay-gradient":""},"mobile":{"background-color":"","background-image":"","background-repeat":"repeat","background-position":"center center","background-size":"auto","background-attachment":"scroll","background-type":"","background-media":"","overlay-type":"","overlay-color":"","overlay-gradient":""}},"ast-content-background-meta":{"desktop":{"background-color":"var(--ast-global-color-5)","background-image":"","background-repeat":"repeat","background-position":"center center","background-size":"auto","background-attachment":"scroll","background-type":"","background-media":"","overlay-type":"","overlay-color":"","overlay-gradient":""},"tablet":{"background-color":"var(--ast-global-color-5)","background-image":"","background-repeat":"repeat","background-position":"center center","background-size":"auto","background-attachment":"scroll","background-type":"","background-media":"","overlay-type":"","overlay-color":"","overlay-gradient":""},"mobile":{"background-color":"var(--ast-global-color-5)","background-image":"","background-repeat":"repeat","background-position":"center center","background-size":"auto","background-attachment":"scroll","background-type":"","background-media":"","overlay-type":"","overlay-color":"","overlay-gradient":""}},"footnotes":""},"categories":[5],"tags":[],"_links":{"self":[{"href":"https:\/\/www.respublica.org.al\/web\/index.php?rest_route=\/wp\/v2\/posts\/2045"}],"collection":[{"href":"https:\/\/www.respublica.org.al\/web\/index.php?rest_route=\/wp\/v2\/posts"}],"about":[{"href":"https:\/\/www.respublica.org.al\/web\/index.php?rest_route=\/wp\/v2\/types\/post"}],"author":[{"embeddable":true,"href":"https:\/\/www.respublica.org.al\/web\/index.php?rest_route=\/wp\/v2\/users\/2"}],"replies":[{"embeddable":true,"href":"https:\/\/www.respublica.org.al\/web\/index.php?rest_route=%2Fwp%2Fv2%2Fcomments&post=2045"}],"version-history":[{"count":2,"href":"https:\/\/www.respublica.org.al\/web\/index.php?rest_route=\/wp\/v2\/posts\/2045\/revisions"}],"predecessor-version":[{"id":2050,"href":"https:\/\/www.respublica.org.al\/web\/index.php?rest_route=\/wp\/v2\/posts\/2045\/revisions\/2050"}],"wp:featuredmedia":[{"embeddable":true,"href":"https:\/\/www.respublica.org.al\/web\/index.php?rest_route=\/wp\/v2\/media\/2043"}],"wp:attachment":[{"href":"https:\/\/www.respublica.org.al\/web\/index.php?rest_route=%2Fwp%2Fv2%2Fmedia&parent=2045"}],"wp:term":[{"taxonomy":"category","embeddable":true,"href":"https:\/\/www.respublica.org.al\/web\/index.php?rest_route=%2Fwp%2Fv2%2Fcategories&post=2045"},{"taxonomy":"post_tag","embeddable":true,"href":"https:\/\/www.respublica.org.al\/web\/index.php?rest_route=%2Fwp%2Fv2%2Ftags&post=2045"}],"curies":[{"name":"wp","href":"https:\/\/api.w.org\/{rel}","templated":true}]}}