{"id":2061,"date":"2021-12-23T18:17:23","date_gmt":"2021-12-23T17:17:23","guid":{"rendered":"https:\/\/www.respublica.org.al\/?p=2061"},"modified":"2021-12-25T18:55:36","modified_gmt":"2021-12-25T17:55:36","slug":"lapsi-al-fiton-edhe-ne-gjykaten-e-larte-gjykata-rrezon-spak-dhe-njekohesisht-vendos-rregulla-njesues-per-sekuestrimin-e-te-dhenave-elektronike-dhe-sistemeve-kompiuterike-ne-te-ardhmen","status":"publish","type":"post","link":"https:\/\/www.respublica.org.al\/web\/?p=2061","title":{"rendered":"Lapsi.al fiton edhe n\u00eb Gjykat\u00ebn e Lart\u00eb. Gjykata rr\u00ebzon SPAK dhe nj\u00ebkoh\u00ebsisht vendos rregulla nj\u00ebsues p\u00ebr sekuestrimin e t\u00eb dh\u00ebnave elektronike dhe sistemeve kompiuterike n\u00eb t\u00eb ardhmen."},"content":{"rendered":"\n<figure class=\"wp-block-gallery columns-1 is-cropped wp-block-gallery-1 is-layout-flex wp-block-gallery-is-layout-flex\"><ul class=\"blocks-gallery-grid\"><li class=\"blocks-gallery-item\"><figure><a href=\"https:\/\/www.respublica.org.al\/wp-content\/uploads\/2021\/12\/lapsi.jpg\"><img fetchpriority=\"high\" decoding=\"async\" width=\"800\" height=\"560\" src=\"https:\/\/www.respublica.org.al\/wp-content\/uploads\/2021\/12\/lapsi.jpg\" alt=\"\" data-id=\"2062\" data-full-url=\"https:\/\/www.respublica.org.al\/wp-content\/uploads\/2021\/12\/lapsi.jpg\" data-link=\"https:\/\/www.respublica.org.al\/?attachment_id=2062\" class=\"wp-image-2062\" srcset=\"https:\/\/www.respublica.org.al\/web\/wp-content\/uploads\/2021\/12\/lapsi.jpg 800w, https:\/\/www.respublica.org.al\/web\/wp-content\/uploads\/2021\/12\/lapsi-300x210.jpg 300w, https:\/\/www.respublica.org.al\/web\/wp-content\/uploads\/2021\/12\/lapsi-768x538.jpg 768w, https:\/\/www.respublica.org.al\/web\/wp-content\/uploads\/2021\/12\/lapsi-292x204.jpg 292w\" sizes=\"(max-width: 800px) 100vw, 800px\" \/><\/a><\/figure><\/li><\/ul><\/figure>\n\n\n\n<blockquote class=\"wp-block-quote is-layout-flow wp-block-quote-is-layout-flow\"><p><em>Matlija: &#8220;Pas k\u00ebtij vendimi t\u00eb sot\u00ebm, u b\u00eb praktikisht e pamundur q\u00eb t\u00eb dh\u00ebnat e gazetar\u00ebve, sekretet e tyre profesionale, burimet e tyre t\u00eb rrezikohen nga urdh\u00ebrime t\u00eb pap\u00ebrgjegjshme sekuestrimi, si\u00e7 ishte ai i dh\u00ebn\u00eb n\u00eb prill t\u00eb k\u00ebtij viti kund\u00ebr Lapsi.al&#8221;<\/em><\/p><\/blockquote>\n\n\n\n<p>Gjykata e Lart\u00eb vendosi t\u00eb enjten mospranimin e rekursit t\u00eb Prokuroris\u00eb s\u00eb Posa\u00e7me Kund\u00ebr Korrupsionit dhe Krimit t\u00eb Organizuar p\u00ebr sekuestrimin e serverave, kompjuter\u00ebve dhe telefonave t\u00eb gazetar\u00ebve t\u00eb portalit \u201cLapsi.al\u201d.<\/p>\n\n\n\n<p>B\u00ebhet fjal\u00eb p\u00ebr skandalin e denoncuar nga kjo media p\u00ebr \u00e7\u00ebshtjen e publikimit t\u00eb databaz\u00ebs para zgjedhjeve t\u00eb 25 Prillit me t\u00eb dh\u00ebnat personale t\u00eb mbi 900 mij\u00eb qytetar\u00ebve n\u00eb Tiran\u00eb, q\u00eb m\u00eb pas mori emrin si \u2018lista e patronazhist\u00ebve\u2019 dhe hapi nj\u00eb debat t\u00eb nxeht\u00eb n\u00eb politik\u00eb.<\/p>\n\n\n\n<p>Vendimi p\u00ebrkon pik\u00ebrisht n\u00eb dit\u00ebt kur n\u00eb media qarkullon nj\u00eb list\u00eb e pagave, kartave t\u00eb identitetit dhe numrave t\u00eb t\u00eb telefonit t\u00eb mbi 637 mij\u00eb qytetar\u00ebve t\u00eb pun\u00ebsuar n\u00eb sektorin publik dhe at\u00eb privat.<\/p>\n\n\n\n<p>SPAK insistoi duke b\u00ebr\u00eb rekurs n\u00eb Gjykat\u00ebn e Lart\u00eb, edhe pse kund\u00ebr k\u00ebtij veprimi ishte marr\u00eb nj\u00eb mas\u00eb sigurie nga Gjykata Evropiane e t\u00eb Drejtave t\u00eb Njeriut n\u00eb Strasburg. Pas diskutimeve t\u00eb b\u00ebra n\u00eb seanc\u00ebn gjyq\u00ebsore t\u00eb dat\u00ebs 21 dhjetor 2021, mesdit\u00ebn e s\u00eb Enjtes, Gjykata e Lart\u00eb vendosi mos pranimin e rekursit t\u00eb prokuroris\u00eb.<\/p>\n\n\n\n<p>Para Gjykat\u00ebs u analizuan fatet se SPAK gjat\u00eb hetimit nuk ka b\u00ebr\u00eb p\u00ebrpjekjet e duhura p\u00ebr t\u00eb siguruar informacioneve n\u00eb burime t\u00eb tjera p\u00ebr t\u00eb zbardhur nj\u00eb prej skandaleve m\u00eb t\u00eb m\u00ebdha t\u00eb rrjedhjes s\u00eb informacionit p\u00ebr t\u00eb dh\u00ebnat personale.<\/p>\n\n\n\n<p>Gjykata e Lart\u00eb urdh\u00ebroi q\u00eb vendimi mbi \u00e7\u00ebshtjen Lapsi t\u00eb jet\u00eb nj\u00ebsues p\u00ebr praktik\u00ebn gjyq\u00ebsore p\u00ebr cdo rast t\u00eb ngjash\u00ebm t\u00eb sekuestrimit t\u00eb t\u00eb dh\u00ebnave kompjuterike, n\u00eb p\u00ebrgjith\u00ebsi dhe n\u00eb ve\u00e7anti kur k\u00ebto t\u00eb dh\u00ebna ndodhen n\u00eb duart e gazetar\u00ebve.<\/p>\n\n\n\n<p>Sipas vendimit, tash e tutje t\u00eb gjitha gjykatat n\u00eb shkall\u00eb vendi, n\u00eb rastet e ngjashme mbi k\u00ebrkesat p\u00ebr sekuestrimit t\u00eb mjeteve dhe objekteve personale t\u00eb udh\u00ebhiqen n\u00eb vendimmarrje nga ky vendim nj\u00ebsues.<\/p>\n\n\n\n<p>Gjykata sanksionoi q\u00eb sekuestrimi i t\u00eb dh\u00ebnave personale t\u00eb shtetasve n\u00eb p\u00ebrgjith\u00ebsi t\u00eb b\u00ebhet vet\u00ebm n\u00eb rrethana t\u00eb domosdoshme, n\u00eb nj\u00eb m\u00ebnyr\u00eb gati kirurgjikale, duke sekuestruar vet\u00ebm materiale specifike, aq sa \u00ebsht\u00eb e nevojshme, p\u00ebr aq koh\u00eb sa \u00ebsht\u00eb e nevojshme.<\/p>\n\n\n\n<p>Kur k\u00ebrkesat p\u00ebr sekuestrim prekin gazetar\u00ebt, Gjykata e Lart\u00eb u shpreh se sekuestrimi i mjeteve apo dhe sendeve personale t\u00eb mos behet n\u00eb asnj\u00eb rast n\u00eb qoft\u00eb se prokuroria nuk ka b\u00ebr\u00eb m\u00eb par\u00eb t\u00eb gjitha p\u00ebrpjekjet p\u00ebr t\u00eb hetuar n\u00eb t\u00eb gjitha burimet e tjera t\u00eb mundshme.<\/p>\n\n\n\n<p>Sipas arsyetimit t\u00eb gjykat\u00ebs, edhe n\u00eb rastet m\u00eb ekstreme, kur pas gjith\u00eb procedurave hetimore t\u00eb ezauruara, n\u00ebse prokuroria ende nuk ka asnj\u00eb m\u00ebnyr\u00eb tjet\u00ebr p\u00ebr t\u00eb siguruar prov\u00ebn, sekuestrimi duhet t\u00eb behet vet\u00ebm p\u00ebr t\u00eb dh\u00ebna specifike, q\u00eb jan\u00eb t\u00eb domosdoshme p\u00ebr hetimin, duke u argumentuar me detaje pse duhet kjo e dhen\u00eb sekuestrimi, si ndikon ajo n\u00eb hetim, pse mund\u00ebsit\u00eb e tjera d\u00ebshtuan, etj, si dhe duhet t\u00eb nd\u00ebrhyet sa m\u00eb pak q\u00eb t\u00eb jet\u00eb e mundur, p\u00ebr aq sa \u00ebsht\u00eb e nevojshme p\u00ebr hetimin, duke treguar kujdes maksimal p\u00ebr sekretet e gazetarit dhe mbrojtjen e burimeve t\u00eb tij.<\/p>\n\n\n\n<p>Kjo \u00e7\u00ebshtje me interes p\u00ebr praktik\u00ebn gjyq\u00ebsore, u mbrojt nga Qendra Res Publica me mb\u00ebshtetjen e National Endowment for Democracy. Pas k\u00ebtij vendimi t\u00eb Gjykat\u00ebs s\u00eb Lart\u00eb, ka reaguar avokati i Lapsit.al, Dorian Matlija.<\/p>\n\n\n\n<p>&#8220;N\u00eb k\u00ebt\u00eb m\u00ebnyr\u00eb gjykata e lart\u00eb vendosi nj\u00eb standard pozitiv p\u00ebr mbrojtjen e burimeve t\u00eb gazetar\u00ebve. Vendimi sanksionon se si duhet t\u00eb procedohet n\u00eb rastet kur flitet p\u00ebr mjetet e gazetar\u00ebve t\u00eb cilat jan\u00eb aq t\u00eb r\u00ebnd\u00ebsishme sa \u00e7do nd\u00ebrhyrje n\u00eb k\u00ebto t\u00eb dh\u00ebna mund t\u00eb b\u00ebhet n\u00eb m\u00ebnyr\u00eb kirurgjikale dhe vet\u00ebm at\u00ebher\u00eb kur prokuroria t\u00eb ket\u00eb demonstruar me prova se ka ezauruar \u00e7do mund\u00ebsi teorike dhe praktike hetimore n\u00eb zbardhjen e nj\u00eb ngjarje. Pra praktikisht me k\u00ebt\u00eb vendim \u00ebsht\u00eb pothuajse e pamundur tashm\u00eb q\u00eb t\u00eb dh\u00ebnat e gazetar\u00ebve, sekretet e tyre profesionale, burimet e tyre t\u00eb rrezikohen me vendime t\u00eb pap\u00ebrgjegjshme, si\u00e7 ishte ai i dh\u00ebn\u00eb n\u00eb prill t\u00eb k\u00ebtij viti kund\u00ebr Lapsit.al. N\u00eb praktik\u00eb prokuroria ka gjithmon\u00eb mund\u00ebsi t\u00eb shumta, qoft\u00eb edhe teorike, t\u00eb marr\u00eb prova n\u00eb burime t\u00eb tjera dhe nuk do t\u00eb vij\u00eb radha pothuajse kurr\u00eb q\u00eb k\u00ebto prova t\u00eb merren nga gazetar\u00ebt duke rrezikuar burimet e tyre. Ky vendim nuk mbron gazetar\u00ebt n\u00eb vetvete, por mbron gazetarin\u00eb dhe rrit besimin q\u00eb burimet do t\u00eb ken\u00eb, pa t\u00eb cil\u00ebt media nuk funksionon dhe shoq\u00ebria nuk \u00ebsht\u00eb dot demokratike&#8221;.<\/p>\n","protected":false},"excerpt":{"rendered":"<p>Matlija: &#8220;Pas k\u00ebtij vendimi t\u00eb sot\u00ebm, u b\u00eb praktikisht e pamundur q\u00eb t\u00eb dh\u00ebnat e gazetar\u00ebve, sekretet e tyre profesionale, [&hellip;]<\/p>\n","protected":false},"author":2,"featured_media":2062,"comment_status":"open","ping_status":"open","sticky":false,"template":"","format":"standard","meta":{"site-sidebar-layout":"default","site-content-layout":"","ast-site-content-layout":"","site-content-style":"default","site-sidebar-style":"default","ast-global-header-display":"","ast-banner-title-visibility":"","ast-main-header-display":"","ast-hfb-above-header-display":"","ast-hfb-below-header-display":"","ast-hfb-mobile-header-display":"","site-post-title":"","ast-breadcrumbs-content":"","ast-featured-img":"","footer-sml-layout":"","theme-transparent-header-meta":"","adv-header-id-meta":"","stick-header-meta":"","header-above-stick-meta":"","header-main-stick-meta":"","header-below-stick-meta":"","astra-migrate-meta-layouts":"default","ast-page-background-enabled":"default","ast-page-background-meta":{"desktop":{"background-color":"var(--ast-global-color-4)","background-image":"","background-repeat":"repeat","background-position":"center center","background-size":"auto","background-attachment":"scroll","background-type":"","background-media":"","overlay-type":"","overlay-color":"","overlay-gradient":""},"tablet":{"background-color":"","background-image":"","background-repeat":"repeat","background-position":"center center","background-size":"auto","background-attachment":"scroll","background-type":"","background-media":"","overlay-type":"","overlay-color":"","overlay-gradient":""},"mobile":{"background-color":"","background-image":"","background-repeat":"repeat","background-position":"center center","background-size":"auto","background-attachment":"scroll","background-type":"","background-media":"","overlay-type":"","overlay-color":"","overlay-gradient":""}},"ast-content-background-meta":{"desktop":{"background-color":"var(--ast-global-color-5)","background-image":"","background-repeat":"repeat","background-position":"center center","background-size":"auto","background-attachment":"scroll","background-type":"","background-media":"","overlay-type":"","overlay-color":"","overlay-gradient":""},"tablet":{"background-color":"var(--ast-global-color-5)","background-image":"","background-repeat":"repeat","background-position":"center center","background-size":"auto","background-attachment":"scroll","background-type":"","background-media":"","overlay-type":"","overlay-color":"","overlay-gradient":""},"mobile":{"background-color":"var(--ast-global-color-5)","background-image":"","background-repeat":"repeat","background-position":"center center","background-size":"auto","background-attachment":"scroll","background-type":"","background-media":"","overlay-type":"","overlay-color":"","overlay-gradient":""}},"footnotes":""},"categories":[6],"tags":[],"_links":{"self":[{"href":"https:\/\/www.respublica.org.al\/web\/index.php?rest_route=\/wp\/v2\/posts\/2061"}],"collection":[{"href":"https:\/\/www.respublica.org.al\/web\/index.php?rest_route=\/wp\/v2\/posts"}],"about":[{"href":"https:\/\/www.respublica.org.al\/web\/index.php?rest_route=\/wp\/v2\/types\/post"}],"author":[{"embeddable":true,"href":"https:\/\/www.respublica.org.al\/web\/index.php?rest_route=\/wp\/v2\/users\/2"}],"replies":[{"embeddable":true,"href":"https:\/\/www.respublica.org.al\/web\/index.php?rest_route=%2Fwp%2Fv2%2Fcomments&post=2061"}],"version-history":[{"count":4,"href":"https:\/\/www.respublica.org.al\/web\/index.php?rest_route=\/wp\/v2\/posts\/2061\/revisions"}],"predecessor-version":[{"id":2067,"href":"https:\/\/www.respublica.org.al\/web\/index.php?rest_route=\/wp\/v2\/posts\/2061\/revisions\/2067"}],"wp:featuredmedia":[{"embeddable":true,"href":"https:\/\/www.respublica.org.al\/web\/index.php?rest_route=\/wp\/v2\/media\/2062"}],"wp:attachment":[{"href":"https:\/\/www.respublica.org.al\/web\/index.php?rest_route=%2Fwp%2Fv2%2Fmedia&parent=2061"}],"wp:term":[{"taxonomy":"category","embeddable":true,"href":"https:\/\/www.respublica.org.al\/web\/index.php?rest_route=%2Fwp%2Fv2%2Fcategories&post=2061"},{"taxonomy":"post_tag","embeddable":true,"href":"https:\/\/www.respublica.org.al\/web\/index.php?rest_route=%2Fwp%2Fv2%2Ftags&post=2061"}],"curies":[{"name":"wp","href":"https:\/\/api.w.org\/{rel}","templated":true}]}}