{"id":2313,"date":"2022-11-30T13:06:48","date_gmt":"2022-11-30T12:06:48","guid":{"rendered":"https:\/\/www.respublica.org.al\/web\/?p=2313"},"modified":"2022-12-02T13:41:41","modified_gmt":"2022-12-02T12:41:41","slug":"rindertimi-banoret-nen-presion-nga-bashkia-tirane-per-te-braktisur-pallatin-e-planifikuar-per-tu-shembur","status":"publish","type":"post","link":"https:\/\/www.respublica.org.al\/web\/?p=2313","title":{"rendered":"<strong>Rind\u00ebrtimi &#8211; Banor\u00ebt n\u00ebn presion nga Bashkia Tiran\u00eb p\u00ebr t\u00eb braktisur pallatin e planifikuar p\u00ebr t\u2019u shembur<\/strong>"},"content":{"rendered":"\n<p>Lajm\u00ebrimi pa vul\u00eb, pa dat\u00eb e mbi t\u00eb gjitha pa p\u00ebrcaktuar afatet urdh\u00ebruesei \u00ebsht\u00eb forma q\u00eb Bashkia e Tiran\u00ebs ka nisur t\u00eb praktikoj\u00eb p\u00ebr t\u00eb justifikuar se po zbaton nj\u00eb proces t\u00eb rregullt ligjor t\u00eb rind\u00ebrtimit.<\/p>\n\n\n\n<p>E gjendur p\u00ebrball\u00eb proceseve t\u00eb nj\u00ebpasnj\u00ebshme gjyq\u00ebsore, ku n\u00eb gjasht\u00eb rastet e p\u00ebrfunduara n\u00eb shkall\u00eb t\u00eb par\u00eb Bashkia e Tiran\u00ebs \u00ebsht\u00eb gjetur n\u00eb shkelje t\u00eb ligjeve sepse ka vendosur t\u00eb prish\u00eb pallate n\u00eb kund\u00ebrshtim me ligjin e pa njoftuar banor\u00ebt, duket se strategjia q\u00eb po p\u00ebrdor p\u00ebr shembjen e radh\u00ebs \u00ebsht\u00eb ta konsideroj\u00eb t\u00eb kryer t\u00eb pakt\u00ebn procesin e njoftimit. Nd\u00ebrkoh\u00eb n\u00eb proces gjyq\u00ebsor \u00ebsht\u00eb duke u diskutuar shembja e 20 pallateve p\u00ebr t\u00eb cil\u00ebt banor\u00ebt kan\u00eb kontestime.<\/p>\n\n\n\n<p>Ndaj m\u00ebngjesin e 21 n\u00ebntorit 2022 banor\u00ebt e pallatit nr. 136 n\u00eb zon\u00ebn e rrug\u00ebs s\u00eb \u201cQelqit\u201d n\u00eb Kombinat pan\u00eb t\u00eb ngjitura pas muri fletushka q\u00eb b\u00ebnin me dije se do t\u00eb kryhej procesi i demolimit, (shembjes), p\u00ebr pallatin e tyre.<\/p>\n\n\n\n<p>N\u00eb t\u00eb citoheshin nj\u00eb s\u00ebr\u00eb ligjesh, vendimesh t\u00eb qeveris\u00eb apo edhe urdhrash bashkiak por nuk ka as informacion m\u00eb minimal se kur do t\u00eb filloj\u00eb shembja e objektit dhe \u00e7do t\u00eb ndodh\u00eb me banor\u00ebt q\u00eb jetojn\u00eb aty.<\/p>\n\n\n\n<p>K\u00ebsaj letre n\u00eb form\u00eb flet\u00ebrrufeje nuk i mungojn\u00eb &#8220;referencat ligjore&#8221;, por i mungon emri i titullarit q\u00eb e ka nxjerr\u00eb njoftimin, apo dhe firma e tij, dhe pse referon si autor t\u00eb saj Nj\u00ebsin\u00eb Administrative nr. 6. Sipas banor\u00ebve, referimi n\u00eb fletushk\u00eb i nj\u00eb s\u00ebr\u00eb ligjesh \u00ebsht\u00eb b\u00ebr\u00eb e q\u00ebllimt\u00eb p\u00ebr t\u00eb krijuar efekt frik\u00ebsues tek ata.<\/p>\n\n\n\n<p>M\u00eb 24 n\u00ebntor t\u00eb vitit 2021 K\u00ebshilli Bashkiak i Tiran\u00ebs vendosi sjembjen e pallatit mb\u00ebshtetur n\u00eb akt-ekspertiz\u00ebn e thelluar dhe konkluzionin e oponenc\u00ebs teknike t\u00eb Institutit t\u00eb Nd\u00ebrtimit.<\/p>\n\n\n\n<p>P\u00ebr m\u00eb shum\u00eb se 1 vit, asnj\u00eb nga autoritetet vendore nuk ka njoftuar banor\u00ebt se \u00e7do ndodh\u00eb me godin\u00ebn dhe banor\u00ebt jan\u00eb t\u00eb paqart\u00eb se n\u00eb \u00e7&#8217;form\u00eb do t\u00eb sigurohen banesat e reja.<\/p>\n\n\n\n<p>P\u00ebr t\u00eb siguruar pron\u00ebn e tyre n\u00eb Tetor 2022 banor\u00ebt iu drejtuan Gjykat\u00ebs Administrative p\u00ebr t\u00eb k\u00ebrkuar shfuqizimin e akteve t\u00eb prodhuara nga Bashkia e Tiran\u00eb dhe Instituti i Nd\u00ebrtimit p\u00ebr shembjen e pallatit 136.<\/p>\n\n\n\n<p>E nd\u00ebrsa padia \u00ebsht\u00eb depozituar dhe pritet procesi gjyq\u00ebsor, n\u00eb kund\u00ebrshtim t\u00eb plot\u00eb m\u00eb ligjin tek banor\u00ebt e pallatit 136 jav\u00ebn e fundit jan\u00eb \u201cshfaqur\u201d polic\u00ebt t\u00eb zon\u00ebs apo edhe &#8220;inspektor\u00eb&#8221; t\u00eb Bashkis\u00eb, t\u00eb cil\u00ebt verbalisht i k\u00ebrkojn\u00eb banor\u00ebve t\u00eb &#8220;largohen sepse pallati do prishet&#8221;.<\/p>\n\n\n\n<p>Megjith\u00ebse nd\u00ebrtesa, nj\u00eb pallat i nd\u00ebrtuar diku n\u00eb mesin e viteve 70-te p\u00ebsoi disa d\u00ebmtime nga t\u00ebrmeti i r\u00ebn\u00eb n\u00eb N\u00ebntor 2019, pjesa m\u00eb e madhe e banor\u00ebve jetojn\u00eb aty dhe pallati nuk \u00ebsht\u00eb shpallur i pabanuesh\u00ebm. P\u00ebrve\u00e7 suvas\u00eb t\u00eb r\u00ebn\u00eb n\u00eb katet e para, pallati nuk ka d\u00ebmtime n\u00eb struktur\u00eb, e th\u00ebn\u00eb kjo sipas Elis Bal\u00ebs edhe nga Instituti i Nd\u00ebrtimit, menj\u00ebher\u00eb pas fatkeq\u00ebsis\u00eb s\u00eb ndodhur.<\/p>\n\n\n\n<p>\u201cAjo q\u00eb na u tha n\u00eb fillim ishte se pallati nuk ka d\u00ebmtime n\u00eb armatur\u00eb dhe se ishte e sigurt t\u00eb jetonim aty. Ne prisnim q\u00eb nd\u00ebrtesa do t\u00eb riparohej nd\u00ebrkoh\u00eb q\u00eb u mor vendimi p\u00ebr prishjen e saj. Bashkia doli n\u00eb k\u00ebt\u00eb vendim p\u00ebr shkak se koston e riparimit e nxorr\u00ebn me e lart\u00eb se koston e rind\u00ebrtimit t\u00eb pallatit\u201d tregon Bala.<\/p>\n\n\n\n<p>K\u00ebshilli Bashkiak Tiran\u00eb mb\u00ebshtetur n\u00eb akt ekspertiz\u00ebn e thelluar dhe konkluzionin e oponenc\u00ebs teknike t\u00eb Institutit t\u00eb Nd\u00ebrtimit, ka vendosur q\u00eb vet\u00ebm n\u00eb Kombinat t\u00eb shemben 41 pallate, pasi i ka p\u00ebrcaktuar nivelin e d\u00ebmtimi DS4.<\/p>\n\n\n\n<p>N\u00eb proceset gjyq\u00ebsore, ekspert\u00ebt e caktuar nga gjykata kan\u00eb vler\u00ebsuar d\u00ebmin e objekteve me nivel DS2 ose DS3, q\u00eb n\u00ebnkupton rikonstruksionin dhe jo shembje.<\/p>\n\n\n\n<p>N\u00eb gjyqet e fituara deri tani nga banor\u00eb t\u00eb pallateve t\u00eb tjer\u00eb n\u00eb zon\u00ebn e Kombinatit ka rezultuar q\u00eb kosto e riparimit \u00ebsht\u00eb rritur n\u00eb m\u00ebnyr\u00eb fiktive, nd\u00ebrsa koston e nd\u00ebrtimit \u00ebsht\u00eb ulur n\u00eb m\u00ebnyr\u00eb fiktive, duke b\u00ebr\u00eb q\u00eb t\u00eb duket sikur \u00ebsht\u00eb pa leverdi ekonomike q\u00eb t\u00eb riparohet pallati, ndaj dhe duhet shembur.<\/p>\n\n\n\n<p>Ajo \u00e7far\u00eb banor\u00ebt e pallatit 136 k\u00ebrkojn\u00eb \u00ebsht\u00eb rivler\u00ebsim i godin\u00ebs nga ekspert\u00eb t\u00eb gjykat\u00ebs, n\u00eb m\u00ebnyr\u00eb q\u00eb mos t\u00eb shembet por t\u00eb b\u00ebhet rikonstruksioni i saj.<\/p>\n\n\n\n<p>\u201cNe mor\u00ebm statusin e d\u00ebmtimit DS4 n\u00eb n\u00ebntor t\u00eb 2021, na erdhi vendimi i K\u00ebshillit Bashkiak q\u00eb pallati do t\u00eb shembet. Ne kishim nj\u00eb vit afat p\u00ebr ta hedhur n\u00eb gjyq, m\u00eb n\u00eb fund ja dol\u00ebm. Presim t\u00eb vij nj\u00eb ekspert nga gjykata dhe t\u00eb b\u00ebhet nj\u00eb raport real p\u00ebr rikonstruksionin e godin\u00ebs, pasi nuk besojm\u00eb tek shifrat e prodhuara nga Bashkia mbi t\u00eb cil\u00ebn \u00ebsht\u00eb vendosur shembja e godin\u00ebs\u201d- thot\u00eb Elis Bala, banori i pallatit nr.136 n\u00eb Kombinat.<\/p>\n\n\n\n<p>Por, p\u00ebrve\u00e7 shembjes s\u00eb pallatit banor\u00ebt jan\u00eb ende t\u00eb paqart\u00eb edhe p\u00ebr fatin e pron\u00ebs s\u00eb tyre. Deri m\u00eb tani autoritetet vendore nuk i kan\u00eb sqaruar ato p\u00ebr procedurat q\u00eb do t\u00eb ndiqen p\u00ebr sigurimin e banes\u00ebs s\u00eb re. Bala tregon se askush nuk \u00ebsht\u00eb i qart\u00eb se n\u00eb \u00e7&#8217;far\u00eb kushtesh do t\u00eb p\u00ebrfitojn\u00eb apartamentet e reja, edhe n\u00eb rast se nj\u00eb dit\u00eb ato do t\u00eb nd\u00ebrtohen.<\/p>\n\n\n\n<p>\u201cZyrtarisht askush nuk na ka sqaruar se ku do t\u00eb strehohemi. Do t\u00eb jet\u00eb nj\u00eb banes\u00eb sociale apo nj\u00eb pron\u00eb me t\u00eb drejtat e plota ligjore, por mbi t\u00eb gjitha dhe kur do t\u00eb strehohemi. Ajo q\u00eb na \u00ebsht\u00eb dh\u00ebn\u00eb \u00ebsht\u00eb thjesht\u00eb nj\u00eb bonus qiraje dhe kjo n\u00eb nj\u00eb vler\u00eb shum\u00eb t\u00eb ul\u00ebt se kostoja e tregut\u201d &#8211; shpjegon Bala.<\/p>\n\n\n\n<p>Ndon\u00ebse kan\u00eb kaluar tre vjet nga t\u00ebrmeti i 2019, banor\u00eb e pallatit 136 n\u00eb Kombinatit kan\u00eb ngecur mes kontratave t\u00eb paqarta, munges\u00ebs s\u00eb informacionit, ekspertizave t\u00eb pasakta dhe shpres\u00ebn e vetme e kan\u00eb te gjykata p\u00ebr t\u00eb siguruar pron\u00ebn e tyre.<\/p>\n\n\n\n<p>Sot, edhe pse nuk ka ende nj\u00eb vendim gjyq\u00ebsor p\u00ebr pallatin 136, ata po p\u00ebrball\u00ebn me presione nga funksionar\u00eb shtet\u00ebror\u00eb p\u00ebr t\u00eb braktisur nd\u00ebrtes\u00ebn, por e th\u00ebn\u00eb vet\u00ebm me goj\u00eb dhe asnj\u00ebher\u00eb me shkrim, firm\u00eb e vul\u00eb.<\/p>\n\n\n\n<p>\u201cAjo q\u00eb ne k\u00ebrkojm\u00eb \u00ebsht\u00eb zhvillimi i nj\u00eb procesi gjyq\u00ebsor. T\u00eb b\u00ebhen ekspertiza t\u00eb sakta dhe m\u00eb pas t\u00eb vendoset se \u00e7&#8217;far\u00eb do t\u00eb behet m\u00eb k\u00ebt\u00eb pallat. Por n\u00eb vend t\u00eb k\u00ebsaj ne po p\u00ebrballemi me presione t\u00eb policis\u00eb apo edhe njoftimeve k\u00ebrc\u00ebnuese\u201d &#8211; tregon Bala, i cili thot\u00eb se kurr\u00eb nuk do t\u00eb braktis\u00eb banes\u00ebn deri n\u00eb p\u00ebrfundim t\u00eb procesit q\u00eb banor\u00ebt pallatit 136 kan\u00eb hapur n\u00eb Gjykat\u00ebn Administrative t\u00eb Tiran\u00ebs.<\/p>\n\n\n\n<p><em>* Ky artikull u realizua n\u00eb kuad\u00ebr t\u00eb projektit <\/em><em>\u201cP\u00ebr nj\u00eb proces rind\u00ebrtimi m\u00eb t\u00eb p\u00ebrgjegjsh\u00ebm\u201d<\/em><em> t\u00eb mb\u00ebshtur nga LevizAlbania, nj\u00eb projekt i Agjencis\u00eb Zvicerane p\u00ebr Zhvillim dhe Bashk\u00ebpunim, SDC.<\/em><em><\/em><\/p>\n","protected":false},"excerpt":{"rendered":"<p>Lajm\u00ebrimi pa vul\u00eb, pa dat\u00eb e mbi t\u00eb gjitha pa p\u00ebrcaktuar afatet urdh\u00ebruesei \u00ebsht\u00eb forma q\u00eb Bashkia e Tiran\u00ebs ka [&hellip;]<\/p>\n","protected":false},"author":2,"featured_media":2315,"comment_status":"open","ping_status":"open","sticky":false,"template":"","format":"standard","meta":{"site-sidebar-layout":"default","site-content-layout":"","ast-site-content-layout":"","site-content-style":"default","site-sidebar-style":"default","ast-global-header-display":"","ast-banner-title-visibility":"","ast-main-header-display":"","ast-hfb-above-header-display":"","ast-hfb-below-header-display":"","ast-hfb-mobile-header-display":"","site-post-title":"","ast-breadcrumbs-content":"","ast-featured-img":"","footer-sml-layout":"","theme-transparent-header-meta":"","adv-header-id-meta":"","stick-header-meta":"","header-above-stick-meta":"","header-main-stick-meta":"","header-below-stick-meta":"","astra-migrate-meta-layouts":"default","ast-page-background-enabled":"default","ast-page-background-meta":{"desktop":{"background-color":"var(--ast-global-color-4)","background-image":"","background-repeat":"repeat","background-position":"center center","background-size":"auto","background-attachment":"scroll","background-type":"","background-media":"","overlay-type":"","overlay-color":"","overlay-gradient":""},"tablet":{"background-color":"","background-image":"","background-repeat":"repeat","background-position":"center center","background-size":"auto","background-attachment":"scroll","background-type":"","background-media":"","overlay-type":"","overlay-color":"","overlay-gradient":""},"mobile":{"background-color":"","background-image":"","background-repeat":"repeat","background-position":"center center","background-size":"auto","background-attachment":"scroll","background-type":"","background-media":"","overlay-type":"","overlay-color":"","overlay-gradient":""}},"ast-content-background-meta":{"desktop":{"background-color":"var(--ast-global-color-5)","background-image":"","background-repeat":"repeat","background-position":"center center","background-size":"auto","background-attachment":"scroll","background-type":"","background-media":"","overlay-type":"","overlay-color":"","overlay-gradient":""},"tablet":{"background-color":"var(--ast-global-color-5)","background-image":"","background-repeat":"repeat","background-position":"center center","background-size":"auto","background-attachment":"scroll","background-type":"","background-media":"","overlay-type":"","overlay-color":"","overlay-gradient":""},"mobile":{"background-color":"var(--ast-global-color-5)","background-image":"","background-repeat":"repeat","background-position":"center center","background-size":"auto","background-attachment":"scroll","background-type":"","background-media":"","overlay-type":"","overlay-color":"","overlay-gradient":""}},"footnotes":""},"categories":[6,4],"tags":[],"_links":{"self":[{"href":"https:\/\/www.respublica.org.al\/web\/index.php?rest_route=\/wp\/v2\/posts\/2313"}],"collection":[{"href":"https:\/\/www.respublica.org.al\/web\/index.php?rest_route=\/wp\/v2\/posts"}],"about":[{"href":"https:\/\/www.respublica.org.al\/web\/index.php?rest_route=\/wp\/v2\/types\/post"}],"author":[{"embeddable":true,"href":"https:\/\/www.respublica.org.al\/web\/index.php?rest_route=\/wp\/v2\/users\/2"}],"replies":[{"embeddable":true,"href":"https:\/\/www.respublica.org.al\/web\/index.php?rest_route=%2Fwp%2Fv2%2Fcomments&post=2313"}],"version-history":[{"count":2,"href":"https:\/\/www.respublica.org.al\/web\/index.php?rest_route=\/wp\/v2\/posts\/2313\/revisions"}],"predecessor-version":[{"id":2317,"href":"https:\/\/www.respublica.org.al\/web\/index.php?rest_route=\/wp\/v2\/posts\/2313\/revisions\/2317"}],"wp:featuredmedia":[{"embeddable":true,"href":"https:\/\/www.respublica.org.al\/web\/index.php?rest_route=\/wp\/v2\/media\/2315"}],"wp:attachment":[{"href":"https:\/\/www.respublica.org.al\/web\/index.php?rest_route=%2Fwp%2Fv2%2Fmedia&parent=2313"}],"wp:term":[{"taxonomy":"category","embeddable":true,"href":"https:\/\/www.respublica.org.al\/web\/index.php?rest_route=%2Fwp%2Fv2%2Fcategories&post=2313"},{"taxonomy":"post_tag","embeddable":true,"href":"https:\/\/www.respublica.org.al\/web\/index.php?rest_route=%2Fwp%2Fv2%2Ftags&post=2313"}],"curies":[{"name":"wp","href":"https:\/\/api.w.org\/{rel}","templated":true}]}}