{"id":2343,"date":"2022-12-21T19:32:04","date_gmt":"2022-12-21T18:32:04","guid":{"rendered":"https:\/\/www.respublica.org.al\/?p=2343"},"modified":"2022-12-21T19:32:06","modified_gmt":"2022-12-21T18:32:06","slug":"zonat-fantazma-te-rindertimit-refuzohen-nga-qytetaret","status":"publish","type":"post","link":"https:\/\/www.respublica.org.al\/web\/?p=2343","title":{"rendered":"<strong>Zonat fantazma t\u00eb rind\u00ebrtimit\u00a0 \u201crefuzohen\u201d nga\u00a0 qytetar\u00ebt<\/strong>"},"content":{"rendered":"\n<p>Tre vjet pas t\u00ebrmetit t\u00eb N\u00ebntorit t\u00eb 2019, mij\u00ebra qytetar\u00eb jan\u00eb ende t\u00eb pastreh\u00eb nd\u00ebrkoh\u00eb q\u00eb planet zhvillimore t\u00eb Bashkis\u00eb s\u00eb Tiran\u00ebs jan\u00eb t\u00eb kontestuara nga nj\u00eb s\u00ebr\u00eb procesesh t\u00eb hapura n\u00eb Gjykat\u00ebn Administrative apo dhe nga raportet e Kontrollit t\u00eb Lart\u00eb t\u00eb Shtetit dhe Avokatit t\u00eb Popullit.<\/p>\n\n\n\n<p>P\u00ebrkund\u00ebr deklaratave t\u00eb qeveris\u00eb, se procesi i rind\u00ebrtimit po vijon normalisht, Res Publica ka zbuluar se qytetar\u00ebt po enden gjykatave, t\u00eb tjer\u00eb jan\u00eb n\u00ebn panikun e shp\u00ebrnguljes, nd\u00ebrsa p\u00ebrfundimi i punimeve \u00ebsht\u00eb l\u00ebn\u00eb p\u00ebr nj\u00eb dat\u00eb t\u00eb pacaktuar.<\/p>\n\n\n\n<p>Dokumentet tregojn\u00eb se rr\u00ebnimet e objekteve jan\u00eb b\u00ebr\u00eb n\u00eb kund\u00ebrshtim me ligjin, projektet jan\u00eb p\u00ebrfituar nga pak subjekte, zona t\u00eb t\u00ebra rezidenciale jan\u00eb t\u00eb refuzuara nga shum\u00eb qytetar\u00eb, nd\u00ebrsa zotime t\u00eb qeveris\u00eb rezultojn\u00eb t\u00eb pa mbajtura.<\/p>\n\n\n\n<p>Intervista, dokumente zyrtare por edhe konstatimi i fakteve n\u00eb 9 zonat zhvillimore n\u00eb Tiran\u00eb, tregojn\u00eb se ky proces \u00ebsht\u00eb ende larg asaj q\u00eb deklarohet prej qeveris\u00eb para kamerave.<\/p>\n\n\n\n<p><strong><em>Zall-Herrin q\u00eb do e kishin zili edhe pasanik\u00ebt e Lundr\u00ebs<\/em><\/strong><\/p>\n\n\n\n<p>Dit\u00ebn e par\u00eb t\u00eb gushit 2020, kryetari i Bashkis\u00eb s\u00eb Tiran\u00ebs e nisi dit\u00ebn n\u00eb Zall-Herr, nj\u00eb fshat 15 kilometra n\u00eb verilindje t\u00eb kryeqytetit. I shoq\u00ebruar nga deputeti i zon\u00ebs, Xhemal Qefalia dhe disa vart\u00ebs s\u00eb tij, kryebashkiaku inspektoi p\u00ebrfundimin e punimeve t\u00eb lagjes s\u00eb re ku ai tha se do t\u00eb strehoheshin 49 familje q\u00eb humb\u00ebn banesat e tyre nga t\u00ebrmeti i 26 n\u00ebntorit t\u00eb 2019.<\/p>\n\n\n\n<p>N\u00eb k\u00ebt\u00eb bllok apartamentesh, si kuti shkrep\u00ebsesh, t\u00eb nd\u00ebrtuara n\u00eb t\u00eb dal\u00eb t\u00eb fshatit, do t\u00eb strehoheshin familjet nga Prisk\u00eb e vog\u00ebl, Prisk\u00eb e madhe, Ferraj, apo dhe fshatrat m\u00eb t\u00eb larg\u00ebta t\u00eb zon\u00ebs. P\u00ebr kryebashkiakun nd\u00ebrtimi i k\u00ebsaj lagje ishte nj\u00eb shans i dh\u00ebn\u00eb banor\u00ebve t\u00eb zon\u00ebs p\u00ebr t\u00eb zbritur n\u00eb xhade. Sipas Veliajt, banor\u00ebve t\u00eb fshatrave p\u00ebrreth u ofroheshin t\u00eb gjitha kushtet e jetes\u00ebs madje edhe nj\u00eb park, q\u00eb nuk ishte gj\u00eb tjet\u00ebr ve\u00e7se nj\u00eb gardh i bojatisur me ngjyra dhe ca lule.<\/p>\n\n\n\n<p>\u201cPo kjo q\u00eb e keni b\u00ebr\u00eb me ngjyra, \u00e7far\u00eb \u00ebsht\u00eb? A mos \u00ebsht\u00eb si bi\u00e7im parku? &#8211; d\u00ebgjohet<a href=\"https:\/\/www.facebook.com\/watch\/live\/?ref=watch_permalink&amp;v=355770710081375\"> Veliaj <\/a>n\u00eb videon p\u00ebrgatitur nga stafi i tij teksa kundronte nga dritarja e nj\u00eb apartamenti sheshin p\u00ebrball\u00eb.<\/p>\n\n\n\n<p>Tet\u00eb dit\u00eb pas inspektimit n\u00eb lagjen q\u00eb kryebashkiaku e quajti si rezidenciale t\u00eb ngjashme m\u00eb ato \u201cn\u00eb Angli, Amerik\u00eb, Australi, pa gardhim, q\u00eb do b\u00ebnte xheloz\u00eb edhe pasanik\u00ebt e Lundr\u00ebs e Fark\u00ebs\u201d, Veliaj u rikthye n\u00eb fshat por k\u00ebt\u00eb her\u00eb i shoq\u00ebruar nga kryeministri Edi Rama dhe nj\u00eb s\u00ebr\u00eb zyrtar\u00ebsh t\u00eb lart\u00eb.<\/p>\n\n\n\n<p><a href=\"https:\/\/www.youtube.com\/watch?v=aM06aVwhEcI\">M\u00eb 9 shtator qeveria <\/a>kishte vendosur t\u00eb inauguronte lagjen, ndaj dhe vizita n\u00eb fshat e kryeministrit u kthye n\u00eb nj\u00eb fest\u00eb, ku nuk mungonin dajret dhe vallet me kostume popullore t\u00eb trev\u00ebs s\u00eb Tiran\u00ebs. Sigurisht q\u00eb nuk munguan as spektator\u00ebt q\u00eb kishin ardhur nga fshatrat p\u00ebrreth. Sipas fjalimeve, qeveria kishte shum\u00eb p\u00ebr t\u00eb g\u00ebzuar. Ajo ia kishte dal\u00eb t\u00eb nd\u00ebrtonte nj\u00eb lagje me 49 godina ku do t\u00eb strehoheshin 199 familje.<\/p>\n\n\n\n<p>\u201cPas gjith\u00eb k\u00ebsaj kohe jan\u00eb dyert e hapura p\u00ebr 199 familje q\u00eb nga sot kan\u00eb nj\u00eb sht\u00ebpi q\u00eb kurr\u00eb nuk do t\u00eb mund ta b\u00ebnin dot vet\u00eb. Tani ju takon juve q\u00eb ta mir\u00ebmbani k\u00ebt\u00eb lagje dhe mos vini gardhe e mos ziheni p\u00ebr gardhe me nj\u00ebri-tjetrin\u201d &#8211; deklaroi kryeministri Rama.<\/p>\n\n\n\n<p>Por sapo kamerat u fik\u00ebn, DJ ndaloi ahengun dhe shpura kryeministrore iu drejtua Tiran\u00ebs, lagjja mbeti e shkret\u00eb. Asnj\u00eb familje nuk mori \u00e7el\u00ebsat e banes\u00ebs si kuti. Edhe pas 5 muajsh Res Publica pa se asnj\u00eb frym\u00eb njer\u00ebzore nuk jetonte n\u00eb k\u00ebt\u00eb lagje t\u00eb re t\u00eb Zall-Herrit. N\u00eb fshat askush nuk pranon t\u00eb flas\u00eb p\u00ebrse familjet e d\u00ebmtuara nga t\u00ebrmeti kan\u00eb refuzuar banesat rezidenciale t\u00eb qeveris\u00eb.<\/p>\n\n\n\n<p>E nj\u00ebjta sken\u00eb ngjan edhe n\u00eb Vaqar, Pez\u00eb, Ndroq, ku qeveria i ka hapur rrug\u00eb zgjerimit t\u00eb projektit p\u00ebr \u201cLagje t\u00eb Rilindjes\u201d, <a href=\"https:\/\/www.kryeministria.al\/newsroom\/prezantohen-modelet-e-rindertimit\/\">n\u00eb em\u00ebr t\u00eb procesit t\u00eb rind\u00ebrtimit<\/a>.<\/p>\n\n\n\n<p><strong><em>Vaqari, i shkret\u00eb edhe pas nj\u00eb viti<\/em><\/strong><\/p>\n\n\n\n<p><a href=\"https:\/\/www.youtube.com\/watch?v=VNzEYdME8Sc\">N\u00eb mbr\u00ebmjen e 20 n\u00ebntorit 2021 <\/a>qeveria ngriti siparin e festave p\u00ebr p\u00ebrurimin e lagjeve t\u00eb nd\u00ebrtuara n\u00eb em\u00ebr t\u00eb rind\u00ebrtimit.<\/p>\n\n\n\n<p>Fshati n\u00eb jug-per\u00ebndim t\u00eb Tiran\u00ebs, rreth 6 km larg saj, ishte arena e triumfit t\u00eb qeveris\u00eb, e cila ia kishte dal\u00eb t\u00eb nd\u00ebrtonte 20 sht\u00ebpi n\u00eb Vaqar, fiks dy vjet pas t\u00ebrmetit.<\/p>\n\n\n\n<p>Duke qen\u00eb se ishte inaugurimi i par\u00eb, prapavija qeveritare ishte kujdesur q\u00eb p\u00ebrve\u00e7 muzik\u00ebs me potpuri tiranase, valltar\u00ebve me kostume popullore, t\u00eb kishte dhe nj\u00eb sken\u00eb dhe prezantues t\u00eb spektaklit t\u00eb saj. Dhe sigurisht pas ahengut u mbajt\u00ebn fjalimet e rastit ku nga sa u pa n\u00ebp\u00ebrmjet kamerave t\u00eb regjis\u00eb qendrore t\u00eb qeveris\u00eb, 20 familje q\u00eb kishin humbur banesat e tyre iu dha \u00e7el\u00ebsi i sht\u00ebpis\u00eb n\u00eb dor\u00eb.&nbsp;<\/p>\n\n\n\n<p>E nd\u00ebrsa<a href=\"https:\/\/www.kryeministria.al\/newsroom\/vaqarr-tirane-blloku-i-ri-rezidencial-hap-dyert-per-banoret\/\"> qeveria<\/a> deklaroi se lagjja rezidenciale, model n\u00eb vend, \u00ebsht\u00eb e populluar nga familjet q\u00eb nuk kishin nj\u00eb \u00e7ati mbi kok\u00eb, n\u00eb realitet duket ndryshe.<\/p>\n\n\n\n<p>Nj\u00eb vit nga festa e qeveris\u00eb, n\u00eb Vaqar sheh pak familje t\u00eb strehuara aty, t\u00eb cil\u00ebt sapo u afrohesh refuzojn\u00eb t\u00eb flasin. Nisur nga sa deklaron qeveria, \u00ebsht\u00eb thuajse e pamundur t\u00eb dish cilat familje u strehuan dhe kush ka refuzuar strehimin. Bashkia e Tiran\u00ebs refuzoi t\u2019iu p\u00ebrgjigjet pyetjeve q\u00eb Res Publica d\u00ebrgoi mbi numrin e familjeve t\u00eb strehuara n\u00eb Vaqar, por ajo q\u00eb u konstatua ishte se lagjja \u00ebsht\u00eb thuajse bosh.<\/p>\n\n\n\n<p>Po kaq e shkret\u00eb \u00ebsht\u00eb dhe lagjja e re n\u00eb Ndroq, ku sipas kryebashkiakut Veliaj, do t\u00eb ishte gati n\u00eb vjesht\u00ebn e 2021, me sht\u00ebpi banimi, kopsht, shkoll\u00eb dhe nj\u00eb qend\u00ebr komunitare.<\/p>\n\n\n\n<p>\u201cPasi humb\u00ebn sht\u00ebpit\u00eb e vjetra n\u00eb pika t\u00eb larg\u00ebta e t\u00eb ve\u00e7uara, rreth 350 banor\u00eb do t\u00eb mblidhen n\u00eb k\u00ebt\u00eb lagje qendrore, me akses t\u00eb shpejt\u00eb n\u00eb sh\u00ebrbime p\u00ebr t\u00eb gjitha moshat\u201d \u2013 garantonte &nbsp;q\u00eb n\u00eb maj t\u00eb 2021, kryebashkiaku Veliaj.<\/p>\n\n\n\n<p>Por, pas 1 vit e 7 muajsh, Res Publica pa se rrug\u00ebt aty jan\u00eb t\u00eb shkretuara, neonet led t\u00eb fikur dhe banesat duket t\u00eb boshatisura. Vet\u00ebm ca syresh rrekeshin t\u00eb sistemonin ambientet e jashtme apo dhe t\u00eb hiqnin ca shkurre nga zona p\u00ebrreth. Syri nuk t\u00eb sheh q\u00eb n\u00eb lagjet e rilindjes t\u00eb g\u00ebloj\u00eb jeta. N\u00eb pjes\u00ebn m\u00eb e madhe t\u00eb 75 godinave nuk \u00ebsht\u00eb strehuar ende asnj\u00eb banor. P\u00ebrfaq\u00ebsuesit e nj\u00ebsis\u00eb administrative n\u00eb Ndroq t\u00eb thon\u00eb se nuk kan\u00eb asnj\u00eb informacion se si do t\u00eb kryhet strehimi i familjeve q\u00eb kan\u00eb humbur banesat nga t\u00ebrmeti. N\u00eb kushtet e anonimatit punonj\u00ebsit e k\u00ebsaj nj\u00ebsie administrative than\u00eb se i gjith\u00eb procesi menaxhohet nga Bashkia e Tiran\u00ebs dhe se kjo nj\u00ebsi administrative m\u00eb shum\u00eb ka kryer rolin e struktur\u00ebs q\u00eb ka krijuar leht\u00ebsira gjat\u00eb procesit.<\/p>\n\n\n\n<p>Por, nd\u00ebrsa n\u00ebp\u00ebr fshatrat e Tiran\u00ebs duket se rezidencat jan\u00eb b\u00ebr\u00eb, por jan\u00eb ende t\u00eb pabanuara, situata \u00ebsht\u00eb ndryshe n\u00eb dy lagjet e tjera periferike, n\u00eb at\u00eb t\u00eb Kombinatit dhe n\u00eb lagjen 5 Maji.<\/p>\n\n\n\n<p>P\u00ebrtej deklaratave dhe vizitave n\u00ebp\u00ebr kantiere, sot askush nuk di t\u00eb thot\u00eb nj\u00eb shif\u00ebr totale t\u00eb atyre q\u00eb t\u00ebrmeti i la pa nj\u00eb \u00e7ati mbi kok\u00eb dhe q\u00eb viti 2023 do t\u2019i gjej\u00eb me nj\u00eb t\u00eb till\u00eb n\u00eb bashkin\u00eb m\u00eb t\u00eb madhe n\u00eb vend.<\/p>\n\n\n\n<p><strong><em>Lagjet me em\u00ebr arti<\/em><\/strong><\/p>\n\n\n\n<p>M\u00ebngjesin e 14 tetorit 2021 buldozer\u00ebt dhe fadromat e Inspektoratit t\u00eb Mbrojtjes s\u00eb Territorit nis\u00ebn rr\u00ebnimin e lagjes 5 Maji n\u00eb kryeqytet. Mundi dhe djersa 30 vje\u00e7are e banor\u00ebve t\u00eb vendosur aty, kryesisht pas vitit 90-t\u00eb dhe t\u00eb ardhur kryesisht nga zonat veriore t\u00eb vendit, u b\u00ebn\u00eb pluhur.<\/p>\n\n\n\n<p>Pas t\u00ebrmetit t\u00eb 2019, disa banesa, n\u00ebp\u00ebrmjet akt-ekspertiza t\u00eb thelluara, u klasifikuan me shkall\u00eb d\u00ebmtimi n\u00eb DS5 ndaj dhe K\u00ebshilli Bashkiak vendosi prishjen e detyruar t\u00eb objekteve. Nd\u00ebrsa ca t\u00eb tjera u rr\u00ebnuan n\u00eb em\u00ebr t\u00eb projekteve zhvillimore q\u00eb Bashkia kishte p\u00ebr zon\u00ebn.<\/p>\n\n\n\n<p>Bashkia Tiran\u00eb refuzoi dh\u00ebnien e informacionit dhe Res Publica e kishte t\u00eb pamundur t\u00eb sakt\u00ebsonte sa banesa n\u00eb lagjen 5 Maji u d\u00ebmtuan nga t\u00ebrmeti e sa t\u00eb tjera u rr\u00ebnuan p\u00ebr shkak t\u00eb planit zhvillimor t\u00eb Bashkis\u00eb, q\u00eb p\u00ebrkon me Masterplanin e qytetit \u201cTirana 2030\u201d, miratuar shum\u00eb koh\u00eb para t\u00ebrmetit, n\u00eb prill t\u00eb vitit 2017) dhe grupit <a href=\"https:\/\/drive.google.com\/file\/d\/1dIKSvVm-UYLT-rW3UorNc-Ov\u00ebT\u00cbZxdZ7\/view?usp=sharing\">SON.<\/a><\/p>\n\n\n\n<p>Aksioni policor i rr\u00ebnimit ngjalli protestat e banor\u00ebve t\u00eb cil\u00ebt ngrit\u00ebn pretendime se nuk ishin njoftuar, jo vet\u00ebm p\u00ebr rr\u00ebnimet e pron\u00ebs tyre nga IMT, por mbi t\u00eb gjitha nuk kishin asnj\u00eb garanci mbi procedurat q\u00eb do t\u00eb ndiqte Bashkia p\u00ebr strehimin e tyre pas prishjes s\u00eb sht\u00ebpive.<\/p>\n\n\n\n<p>Ankesat banor\u00ebve u b\u00ebn\u00eb objekt hetimi i Avokatit t\u00eb Popullit, i cili n\u00eb nj\u00eb <a href=\"https:\/\/drive.google.com\/file\/d\/1bM3Ufevs6uJGfe6rDI3STJNWLIrfK8Fc\/view?usp=sharing\">raport t\u00eb publikuar me 3 qershor 2022<\/a> dilte n\u00eb p\u00ebrfundimin se prishja e nd\u00ebrtesave n\u00eb lagjen 5 Maji nga IMT u b\u00eb n\u00eb kund\u00ebrshtim me ligjin.<\/p>\n\n\n\n<p>\u201cPrishja e godinave n\u00eb k\u00ebt\u00eb zon\u00eb \u00ebsht\u00eb kryer pa nj\u00eb leje prishjeje t\u00eb autoriteteve vendore dhe leje nd\u00ebrtimi ku t\u00eb p\u00ebrcaktoheshin kushtet e lejes s\u00eb prishjes s\u00eb objektit apo t\u00eb dh\u00ebna t\u00eb tjera q\u00eb do t\u00eb ligj\u00ebronin nd\u00ebrhyrjet e Inspektoratit, ka cenuar t\u00eb drejtat e pron\u00ebs s\u00eb banor\u00ebve t\u00eb zon\u00ebs nga zbatimi i planit t\u00eb Bashkis\u00eb\u201d &#8211; citohet n\u00eb raport, p\u00ebr hartimin e t\u00eb cilit Avokati i Popullit thekson se nuk ka pasur akses n\u00eb informacion dhe bashk\u00ebpunim nga Bashkia Tiran\u00eb dhe Inspektoratit Mbrojtjes s\u00eb Territorit<\/p>\n\n\n\n<p>\u201cP\u00ebr t\u00eb zhvilluar nj\u00eb hetim t\u00eb plot\u00eb ligjor Avokati i Popullit hetoi edhe faqet online t\u00eb Bashkis\u00eb Tiran\u00eb p\u00ebr t\u00eb verifikuar n\u00ebse k\u00ebto leje ishin t\u00eb publikuara nga kjo Bashki, si dhe p\u00ebr t\u00eb kuptuar se n\u00eb cilin akti i \u00ebsht\u00eb referuar IMT. Nga verifikimet nuk u gjend\u00ebn t\u00eb publikuara as leja e zhvillimit dhe as ajo e nd\u00ebrtimit dhe p\u00ebr pasoj\u00eb as ajo e prishjes. N\u00eb kushtet kur nuk u gjend\u00ebn dokument t\u00eb till\u00eb, vler\u00ebsohet se Inspektorati nuk ka zbatuar drejt\u00eb ligjin dhe ka vepruar n\u00eb kund\u00ebrshtim me t\u00eb\u201d- thuhet n\u00eb raport.<\/p>\n\n\n\n<p>Sipas avokatit t\u00eb Popullit, p\u00ebr aksionin e prishjes s\u00eb objekteve nuk \u00ebsht\u00eb gjendur asnj\u00eb prov\u00eb e dokumentuar apo fakt tjet\u00ebr q\u00eb t\u00eb provoj\u00eb se njoftimet e IMT jan\u00eb d\u00ebrguar banor\u00ebve.<\/p>\n\n\n\n<p>\u201cShtetasve nuk ju \u00ebsht\u00eb l\u00ebn\u00eb nj\u00eb afat i arsyesh\u00ebm p\u00ebr marrjen e masave p\u00ebr sigurimin e nj\u00eb strehimi t\u00eb p\u00ebrshtatsh\u00ebm, marrjen e sendeve nga objektet e tyre dhe se banor\u00ebt nuk kan\u00eb pasur afat p\u00ebr t\u00eb ushtruar t\u00eb drejt\u00ebn e ankimit si nj\u00eb e drejt\u00eb e r\u00ebnd\u00ebsishme n\u00eb respektimin e \u00e7do procedure ligjore administrative\u201d &#8211; thuhet n\u00eb raport.<\/p>\n\n\n\n<p>Nisur nga shkeljet e konstatuara, Avokati i Popullit i ka rekomanduar bashkis\u00eb marrjen e masa p\u00ebr nxjerrjen e p\u00ebrgjegj\u00ebsive dhe evidentimin e personave q\u00eb kan\u00eb \u00e7uar n\u00eb shkeljen e t\u00eb drejtave dhe interesave t\u00eb ligjshme t\u00eb shtetasve t\u00eb prekur nga prisha pa nj\u00eb proces t\u00eb rregullt ligjor t\u00eb objekteve n\u00eb zon\u00ebn 5 Maji, po ashtu dhe fillimin e procedurave t\u00eb d\u00ebmshp\u00ebrblimit p\u00ebr d\u00ebmin e shkaktuar.<\/p>\n\n\n\n<p>Deri n\u00eb publikimin e k\u00ebtij shkrimi ResPublica nuk mundi t\u00eb verifikoj\u00eb n\u00ebse rekomandimet jan\u00eb zbatuar nga Bashkia, pasi kjo e fundit refuzoi t\u00eb p\u00ebrgjigjet pyetjeve t\u00eb shtruara p\u00ebr masat e nd\u00ebrmarra, po ashtu edhe p\u00ebr t\u00eb komentuar gjetjet e Avokatit t\u00eb Popullit. Edhe Inspektorati i Mbrojtjes s\u00eb Territorit nuk komentoi gjetjet e raportit.<\/p>\n\n\n\n<p><br>P\u00ebrkund\u00ebr shkeljeve ligjore t\u00eb konstatuara, Bashkia Tiran\u00eb vijon pun\u00ebn me dor\u00eb t\u00eb hekurt n\u00eb zon\u00ebn e bregut t\u00eb lumit t\u00eb Tiran\u00ebs.&nbsp;<\/p>\n\n\n\n<p>Referuar VKM-s\u00eb s\u00eb 22 shtatorit 2021, t\u00eb K\u00ebshilli i Ministrave vendosi shpron\u00ebsimin p\u00ebr interes publik t\u00eb banor\u00ebve t\u00eb zon\u00ebs \u20185 Maji\u201d. Ky shpron\u00ebsim sipas vendimit do t\u00eb realizohet n\u00eb p\u00ebrputhje me planin e detyruar vendor, i cili p\u00ebrcakton p\u00ebr zhvillim nj\u00eb zon\u00eb prej 187,246 m2 t\u00eb konsideruar pron\u00eb private dhe 119,635 m2 pron\u00eb shtet, duke pasur k\u00ebshtu nj\u00eb sip\u00ebrfaqe totale nd\u00ebrtimi prej 306,883 m2. Ky projekt i njohur ndryshe si \u201cTirana Riverside\u201d i konceptuar nga arkitekti italian Stefano Boeri, sipas qeveris\u00eb do t\u00eb strehoj\u00eb mbi 11 mij\u00eb banor\u00eb, rreth 3175 familje.<\/p>\n\n\n\n<p>Pa marr\u00eb n\u00eb konsiderat\u00eb kontestimet, Bashkia Tiran\u00eb nisi procedurat tenderuese p\u00ebr t\u00eb p\u00ebrcaktuar edhe nd\u00ebrtuesit n\u00eb zon\u00ebn e 5 Majit. N\u00eb t\u00eb dh\u00ebnat e publikuara <a href=\"https:\/\/openprocurement.al\/sq\/tender\/list\/ministry_id\/34891\">nga \u201cOpen Data\u201d,<\/a> evidentohet se vlera fituese totale pa TVSH, p\u00ebr k\u00ebt\u00eb prokurim \u00ebsht\u00eb 6,19 miliard\u00eb Lek\u00eb.<\/p>\n\n\n\n<p>Nd\u00ebrsa n\u00eb zon\u00ebn e Bregut t\u00eb Lumit vijojn\u00eb punimet n\u00eb em\u00ebr t\u00eb procesit t\u00eb rind\u00ebrtimit, n\u00eb Kombinat,&nbsp; n\u00eb an\u00ebn tjet\u00ebr t\u00eb kryeqytetit, duket se Bashkia e Tiran\u00ebs ka vepruar n\u00eb paligjshm\u00ebri t\u00eb plot\u00eb.<\/p>\n\n\n\n<p>Edhe n\u00eb k\u00ebt\u00eb lagje periferike n\u00eb jug-per\u00ebndim t\u00eb Tiran\u00ebs, rreth 6 kilometra larg nga qendra e qytetit, Bashkia ka hapur nj\u00eb tjet\u00ebr front nd\u00ebrtimi, ku po zbatohet tjet\u00ebr projekt i planifikuar q\u00eb n\u00eb vitin 2017, por q\u00eb m\u00eb em\u00ebr t\u00eb procesit t\u00eb rind\u00ebrtimit \u00ebsht\u00eb pag\u00ebzuar me emrin \u201cKombinArt\u201d.<\/p>\n\n\n\n<p>N\u00eb nj\u00eb hulumtim m\u00eb t\u00eb hersh\u00ebm Res Publica zbuloi se kjo zon\u00eb \u00ebsht\u00eb shnd\u00ebrruar n\u00eb aren\u00ebn ku qeverisja socialiste k\u00ebrkon t\u00eb linte vul\u00ebn e saj t\u00eb rind\u00ebrtimit.<\/p>\n\n\n\n<p>ResPublica ka zbuluar se pas prezantimeve n\u00eb salla konferencash, ku gjithnj\u00eb nj\u00eb ekran led shfaq projektet n\u00eb 3D, deklaratave n\u00eb em\u00ebr t\u00eb zhvillimit dhe p\u00ebrballimit t\u00eb pasojave t\u00eb t\u00ebrmetit, fshihen procedura t\u00eb shkelura ligjore, kontrata miliona euroshe p\u00ebr nj\u00eb num\u00ebr t\u00eb kufizuar klient\u00ebsh t\u00eb tenderave, rr\u00ebnime objektesh t\u00eb kontestuara n\u00eb gjykata dhe banor\u00eb q\u00eb jetojn\u00eb me panikun e shp\u00ebrnguljes.<\/p>\n\n\n\n<p><strong><em>Rind\u00ebrtimi, pa afat<\/em><\/strong><\/p>\n\n\n\n<p>Plane p\u00ebr rind\u00ebrtimin Bashkia e Tiran\u00ebs ka edhe n\u00eb B\u00ebrzhit\u00eb, Baldushk, Krrab\u00eb, Petrel\u00eb dhe Lagjen 13, ku sipas deklaratave publike jan\u00eb 510 banesa individuale q\u00eb p\u00ebrfitojn\u00eb nga Programi i Rind\u00ebrtimit nga t\u00eb cilat thuhet se jan\u00eb p\u00ebrfunduar <a href=\"https:\/\/drive.google.com\/file\/d\/1mVSEt-Ze3LMtEBuYNAftrqO8MT6bpIVw\/view?usp=sharing\">381 t\u00eb tilla<\/a>.<\/p>\n\n\n\n<p>T\u00eb verifikosh numrin e nd\u00ebrtesave t\u00eb d\u00ebmtuara, t\u00eb rr\u00ebnuara apo edhe t\u00eb rind\u00ebrtuarat \u00ebsht\u00eb nj\u00eb mision i pamundur. Bashkia Tiran\u00eb ka refuzuar t\u00eb jap\u00eb \u00e7do informacion t\u00eb sakt\u00eb n\u00eb lidhje me procedurat e ndjekura t\u00eb rind\u00ebrtimit. Ajo q\u00eb Res Publica ka konstatuar \u00ebsht\u00eb se n\u00eb shum\u00eb zona t\u00eb shpallura nd\u00ebrtimi n\u00eb rastin me t\u00eb mir\u00eb jan\u00eb duke u nd\u00ebrtuar karabinat\u00eb e pallateve, e punimet duket se do t\u00eb marrin m\u00eb shum\u00eb koh\u00eb p\u00ebr p\u00ebrfundimin e tyre.&nbsp;<\/p>\n\n\n\n<p>Tre vjet pas t\u00ebrmetit duket se jan\u00eb t\u00eb shumt\u00eb personat q\u00eb ende nuk kan\u00eb siguruar nj\u00eb banes\u00eb, e vazhdojn\u00eb t\u00eb trajtohen me bonus qiraje nga Bashkia. Sipas planeve t\u00eb bashkis\u00eb, n\u00eb lagjen 5 Maji dhe n\u00eb Kombinat priten t\u00eb strehohen mbi 32 mij\u00eb persona.&nbsp;<\/p>\n\n\n\n<p>Asnj\u00eb prej institucioneve p\u00ebrgjegj\u00ebse t\u00eb rind\u00ebrtimit nuk iu p\u00ebrgjigj pyetjeve q\u00eb Res Publica ngriti mbi afatin e p\u00ebrfundimit t\u00eb procesit t\u00eb rind\u00ebrtimit.<\/p>\n\n\n\n<p>Kryeministri Edi Rama, ka premtuar disa her\u00eb afate t\u00eb ndryshime t\u00eb p\u00ebrfundimit t\u00eb punimeve n\u00eb objekte dhe strehimit t\u00eb atyre familjeve q\u00eb humb\u00ebn banesat e tyre nga t\u00ebrmeti i 26 n\u00ebntorit 2019.<\/p>\n\n\n\n<p>Fillimisht <a href=\"https:\/\/www.facebook.com\/watch\/live\/?ref=watch_permalink&amp;v=707014056458448\">Rama premtoi<\/a> se brenda vitit 2020 t\u00eb gjith\u00eb t\u00eb prekurit nga kjo fatkeq\u00ebsi do t\u00eb hynin n\u00eb sht\u00ebpit\u00eb e tyre t\u00eb reja. <a href=\"https:\/\/www.facebook.com\/watch\/live\/?ref=watch_permalink&amp;v=553985932107670\">M\u00eb 10 Dhjetor,<\/a> kryeministri Rama u detyrua t\u00eb riformuloj\u00eb premtimin e tij duke deklaruar se fundi i viti 2020 ishte si afat p\u00ebr nd\u00ebrtimin e t\u00eb gjitha sht\u00ebpive t\u00eb reja n\u00eb zonat rurale. Me shfaqjen e pandemis\u00eb, Rama pranoi n\u00eb nj\u00eb konferenc\u00eb p\u00ebr shtyp,<a href=\"https:\/\/www.facebook.com\/watch\/live\/?ref=watch_permalink&amp;v=2305388889762205\"> m\u00eb 12 maj 2020<\/a>, se ka vonesa n\u00eb realizimin e objektivave p\u00ebr planet e rind\u00ebrtimit.<\/p>\n\n\n\n<p>Por nd\u00ebrsa kryeministri deklaronte fundin e vitit 2021 si periudh\u00ebn kur n\u00eb vend nuk do t\u00eb kishte m\u00eb asnj\u00eb gjurm\u00eb nga t\u00ebrmeti, ish vart\u00ebsi i tij deklaronte krejt t\u00eb kund\u00ebrt\u00ebn. P\u00ebr ish Ministrin e Rind\u00ebrtimit, <a href=\"https:\/\/report-tv.al\/lajm\/rindertimi-ahmetaj-premton-ne-prill-te-viti-2022-nuk-do-te-kete-me-asnje-shenje-nga-termeti-i-vitit-2019\">Ahmetaj, pranvera e vitit 2022<\/a> do t\u00eb sh\u00ebnonte dhe fundin e procesit t\u00eb rind\u00ebrtimit n\u00eb vend.<\/p>\n\n\n\n<p>Res Pulica, gjat\u00eb jav\u00ebve t\u00eb para t\u00eb Dhjetorit 2022, ka v\u00ebzhguar t\u00eb gjitha zonat e shpallura p\u00ebr rind\u00ebrtim dhe ka konstatuar se n\u00eb Tiran\u00eb mij\u00ebra njer\u00ebz jan\u00eb ende pa nj\u00eb sht\u00ebpi, nd\u00ebrkoh\u00eb q\u00eb lagjet e reklamuara si rezidenca jan\u00eb thuajse t\u00eb braktisura.<\/p>\n\n\n\n<p><a href=\"https:\/\/drive.google.com\/file\/d\/1oxXMd06GEHXiRX07Ejq0eJkULuE4B0et\/view?usp=sharing\">Raporti Zyrtar<\/a> i Komisionit Evropian mbi Konferenc\u00ebn e Donator\u00ebve n\u00eb 17 Shkurt 2020 fliste p\u00ebr rreth 985 milion\u00eb Euro si d\u00ebme apo humbje t\u00eb shkaktuara nga t\u00ebrmeti. Duke u bazuar n\u00eb k\u00ebrkesat financiare p\u00ebr rikuperim, shtete, organizata dhe institucione nd\u00ebrkomb\u00ebtare u ofruan n\u00eb ndihm\u00eb t\u00eb Shqip\u00ebris\u00eb p\u00ebr t\u00eb siguruar shum\u00ebn e nevojshme financiare p\u00ebr rikuperimin e d\u00ebmeve t\u00eb t\u00ebrmetit.\u00a0 N\u00eb total u siguruan premtime p\u00ebr rreth 1.15 miliard\u00eb euro shum\u00eb kjo q\u00eb p\u00ebrb\u00ebhej nga kredi, grante ose transferta n\u00eb natyr\u00eb.\u00a0<\/p>\n\n\n\n<p><em>* Ky artikull u realizua n\u00eb kuad\u00ebr t\u00eb projektit \u201cP\u00ebr nj\u00eb proces rind\u00ebrtimi m\u00eb t\u00eb p\u00ebrgjegjsh\u00ebm\u201d t\u00eb mb\u00ebshtur nga LevizAlbania, nj\u00eb projekt i Agjencis\u00eb Zvicerane p\u00ebr Zhvillim dhe Bashk\u00ebpunim, SDC.<\/em><\/p>\n","protected":false},"excerpt":{"rendered":"<p>Tre vjet pas t\u00ebrmetit t\u00eb N\u00ebntorit t\u00eb 2019, mij\u00ebra qytetar\u00eb jan\u00eb ende t\u00eb pastreh\u00eb nd\u00ebrkoh\u00eb q\u00eb planet zhvillimore t\u00eb Bashkis\u00eb [&hellip;]<\/p>\n","protected":false},"author":2,"featured_media":2344,"comment_status":"open","ping_status":"open","sticky":false,"template":"","format":"standard","meta":{"site-sidebar-layout":"default","site-content-layout":"","ast-site-content-layout":"","site-content-style":"default","site-sidebar-style":"default","ast-global-header-display":"","ast-banner-title-visibility":"","ast-main-header-display":"","ast-hfb-above-header-display":"","ast-hfb-below-header-display":"","ast-hfb-mobile-header-display":"","site-post-title":"","ast-breadcrumbs-content":"","ast-featured-img":"","footer-sml-layout":"","theme-transparent-header-meta":"","adv-header-id-meta":"","stick-header-meta":"","header-above-stick-meta":"","header-main-stick-meta":"","header-below-stick-meta":"","astra-migrate-meta-layouts":"default","ast-page-background-enabled":"default","ast-page-background-meta":{"desktop":{"background-color":"var(--ast-global-color-4)","background-image":"","background-repeat":"repeat","background-position":"center center","background-size":"auto","background-attachment":"scroll","background-type":"","background-media":"","overlay-type":"","overlay-color":"","overlay-gradient":""},"tablet":{"background-color":"","background-image":"","background-repeat":"repeat","background-position":"center center","background-size":"auto","background-attachment":"scroll","background-type":"","background-media":"","overlay-type":"","overlay-color":"","overlay-gradient":""},"mobile":{"background-color":"","background-image":"","background-repeat":"repeat","background-position":"center center","background-size":"auto","background-attachment":"scroll","background-type":"","background-media":"","overlay-type":"","overlay-color":"","overlay-gradient":""}},"ast-content-background-meta":{"desktop":{"background-color":"var(--ast-global-color-5)","background-image":"","background-repeat":"repeat","background-position":"center center","background-size":"auto","background-attachment":"scroll","background-type":"","background-media":"","overlay-type":"","overlay-color":"","overlay-gradient":""},"tablet":{"background-color":"var(--ast-global-color-5)","background-image":"","background-repeat":"repeat","background-position":"center center","background-size":"auto","background-attachment":"scroll","background-type":"","background-media":"","overlay-type":"","overlay-color":"","overlay-gradient":""},"mobile":{"background-color":"var(--ast-global-color-5)","background-image":"","background-repeat":"repeat","background-position":"center center","background-size":"auto","background-attachment":"scroll","background-type":"","background-media":"","overlay-type":"","overlay-color":"","overlay-gradient":""}},"footnotes":""},"categories":[6,5],"tags":[],"_links":{"self":[{"href":"https:\/\/www.respublica.org.al\/web\/index.php?rest_route=\/wp\/v2\/posts\/2343"}],"collection":[{"href":"https:\/\/www.respublica.org.al\/web\/index.php?rest_route=\/wp\/v2\/posts"}],"about":[{"href":"https:\/\/www.respublica.org.al\/web\/index.php?rest_route=\/wp\/v2\/types\/post"}],"author":[{"embeddable":true,"href":"https:\/\/www.respublica.org.al\/web\/index.php?rest_route=\/wp\/v2\/users\/2"}],"replies":[{"embeddable":true,"href":"https:\/\/www.respublica.org.al\/web\/index.php?rest_route=%2Fwp%2Fv2%2Fcomments&post=2343"}],"version-history":[{"count":1,"href":"https:\/\/www.respublica.org.al\/web\/index.php?rest_route=\/wp\/v2\/posts\/2343\/revisions"}],"predecessor-version":[{"id":2345,"href":"https:\/\/www.respublica.org.al\/web\/index.php?rest_route=\/wp\/v2\/posts\/2343\/revisions\/2345"}],"wp:featuredmedia":[{"embeddable":true,"href":"https:\/\/www.respublica.org.al\/web\/index.php?rest_route=\/wp\/v2\/media\/2344"}],"wp:attachment":[{"href":"https:\/\/www.respublica.org.al\/web\/index.php?rest_route=%2Fwp%2Fv2%2Fmedia&parent=2343"}],"wp:term":[{"taxonomy":"category","embeddable":true,"href":"https:\/\/www.respublica.org.al\/web\/index.php?rest_route=%2Fwp%2Fv2%2Fcategories&post=2343"},{"taxonomy":"post_tag","embeddable":true,"href":"https:\/\/www.respublica.org.al\/web\/index.php?rest_route=%2Fwp%2Fv2%2Ftags&post=2343"}],"curies":[{"name":"wp","href":"https:\/\/api.w.org\/{rel}","templated":true}]}}